{"id":764536,"date":"2025-10-07T15:11:53","date_gmt":"2025-10-07T13:11:53","guid":{"rendered":"https:\/\/www.hashtag.al\/?p=764536"},"modified":"2025-10-07T15:11:53","modified_gmt":"2025-10-07T13:11:53","slug":"presidenti-begaj-pranon-letrat-kredenciale-te-koordinatores-se-okb-ne-shqiperi-pershendesin-iniciativat-e-kombeve-te-bashkuara-ndaj-te-rinjve","status":"publish","type":"post","link":"https:\/\/www.hashtag.al\/index.php\/2025\/10\/07\/presidenti-begaj-pranon-letrat-kredenciale-te-koordinatores-se-okb-ne-shqiperi-pershendesin-iniciativat-e-kombeve-te-bashkuara-ndaj-te-rinjve\/","title":{"rendered":"Presidenti Begaj pranon letrat kredenciale t\u00eb koordinatores s\u00eb OKB n\u00eb Shqip\u00ebri: P\u00ebrsh\u00ebndesin iniciativat e Kombeve t\u00eb Bashkuara ndaj t\u00eb rinjve","gt_translate_keys":[{"key":"rendered","format":"text"}]},"content":{"rendered":"<p><span style=\"color: #000000;\"><img loading=\"lazy\" decoding=\"async\" class=\"alignnone size-medium wp-image-711994\" src=\"https:\/\/www.hashtag.al\/wp-content\/uploads\/2024\/11\/begaj-300x168.png\" alt=\"\" width=\"300\" height=\"168\" srcset=\"https:\/\/www.hashtag.al\/wp-content\/uploads\/2024\/11\/begaj-300x168.png 300w, https:\/\/www.hashtag.al\/wp-content\/uploads\/2024\/11\/begaj-768x431.png 768w, https:\/\/www.hashtag.al\/wp-content\/uploads\/2024\/11\/begaj.png 999w\" sizes=\"auto, (max-width: 300px) 100vw, 300px\" \/><\/span><\/p>\n<p><span style=\"color: #000000;\">Presidenti Bajram Begaj pranoi sot Let\u00ebr Kredencialet e Koordinatores s\u00eb OKB-s\u00eb, rezidente n\u00eb Shqip\u00ebri, Ingrid Macdonald.<\/span><\/p>\n<p><span style=\"color: #000000;\">Begaj u shpreh se e vler\u00ebson shum\u00eb kontributin e Kombeve t\u00eb Bashkuara n\u00eb Shqip\u00ebri, ve\u00e7an\u00ebrisht veprimtarin\u00eb e k\u00ebsaj organizate gjat\u00eb t\u00ebrmetit t\u00eb vitit 2019 dhe pandemis\u00eb Covid-19.<\/span><\/p>\n<p><span style=\"color: #000000;\">Duke sjell\u00eb n\u00eb v\u00ebmendje edhe kontributin p\u00ebr paqe dhe siguri q\u00eb Shqip\u00ebria dha gjat\u00eb mandatit t\u00eb saj si an\u00ebtare e K\u00ebshillit t\u00eb Sigurimit p\u00ebr periudh\u00ebn 2022-2023, si edhe rolin q\u00eb ajo po luan aktualisht si an\u00ebtare e K\u00ebshillit t\u00eb t\u00eb Drejtave t\u00eb Njeriut, Presidenti Begaj theksoi se Shqip\u00ebria d\u00ebshmoi vlerat e saj n\u00eb k\u00ebt\u00eb drejtim, si bashk\u00ebpen\u00ebmbajt\u00ebse me Shtetet e Bashkuara t\u00eb Amerik\u00ebs.\u00a0<\/span><\/p>\n<p><span style=\"color: #000000;\">Gjithashtu, Presidenti u shpreh i k\u00ebnaqur p\u00ebr rolin q\u00eb Shqip\u00ebria po luan aktualisht si an\u00ebtare e Bordit Ekzekutiv t\u00eb Grave t\u00eb OKB-s\u00eb (2025), si dhe n\u00eb pozicionin e Z\u00ebvend\u00ebspresidentes n\u00eb Bordin Drejtues t\u00eb tij.\u00a0<\/span><\/p>\n<p><span style=\"color: #000000;\">Presidenti Begaj p\u00ebrsh\u00ebndeti iniciativat e Kombeve t\u00eb Bashkuara n\u00eb Shqip\u00ebri, sidomos ato t\u00eb fokusuara n\u00eb zonat rurale dhe periferike, duke k\u00ebshilluar dhe \u00e7muar v\u00ebmendjen ndaj t\u00eb rinjve, krijimit t\u00eb kushteve dhe leht\u00ebsirave q\u00eb ata t\u00eb jetojn\u00eb dhe punojn\u00eb n\u00eb vend.<\/span><\/p>\n","protected":false,"gt_translate_keys":[{"key":"rendered","format":"html"}]},"excerpt":{"rendered":"<p>Presidenti Bajram Begaj pranoi sot Let\u00ebr Kredencialet e Koordinatores s\u00eb OKB-s\u00eb, rezidente n\u00eb Shqip\u00ebri, Ingrid Macdonald. Begaj u shpreh se e vler\u00ebson shum\u00eb kontributin e Kombeve t\u00eb Bashkuara n\u00eb Shqip\u00ebri, ve\u00e7an\u00ebrisht veprimtarin\u00eb e k\u00ebsaj organizate gjat\u00eb t\u00ebrmetit t\u00eb vitit 2019 dhe pandemis\u00eb Covid-19. Duke sjell\u00eb n\u00eb v\u00ebmendje edhe kontributin p\u00ebr paqe dhe siguri q\u00eb Shqip\u00ebria [&hellip;]<\/p>\n","protected":false,"gt_translate_keys":[{"key":"rendered","format":"html"}]},"author":32,"featured_media":711994,"comment_status":"closed","ping_status":"open","sticky":false,"template":"","format":"standard","meta":{"footnotes":""},"categories":[65],"tags":[],"class_list":["post-764536","post","type-post","status-publish","format-standard","has-post-thumbnail","hentry","category-lajme"],"gt_translate_keys":[{"key":"link","format":"url"}],"_links":{"self":[{"href":"https:\/\/www.hashtag.al\/index.php\/wp-json\/wp\/v2\/posts\/764536","targetHints":{"allow":["GET"]}}],"collection":[{"href":"https:\/\/www.hashtag.al\/index.php\/wp-json\/wp\/v2\/posts"}],"about":[{"href":"https:\/\/www.hashtag.al\/index.php\/wp-json\/wp\/v2\/types\/post"}],"author":[{"embeddable":true,"href":"https:\/\/www.hashtag.al\/index.php\/wp-json\/wp\/v2\/users\/32"}],"replies":[{"embeddable":true,"href":"https:\/\/www.hashtag.al\/index.php\/wp-json\/wp\/v2\/comments?post=764536"}],"version-history":[{"count":99999,"href":"https:\/\/www.hashtag.al\/index.php\/wp-json\/wp\/v2\/posts\/764536\/revisions"}],"predecessor-version":[{"id":764537,"href":"https:\/\/www.hashtag.al\/index.php\/wp-json\/wp\/v2\/posts\/764536\/revisions\/764537"}],"wp:featuredmedia":[{"embeddable":true,"href":"https:\/\/www.hashtag.al\/index.php\/wp-json\/wp\/v2\/media\/711994"}],"wp:attachment":[{"href":"https:\/\/www.hashtag.al\/index.php\/wp-json\/wp\/v2\/media?parent=764536"}],"wp:term":[{"taxonomy":"category","embeddable":true,"href":"https:\/\/www.hashtag.al\/index.php\/wp-json\/wp\/v2\/categories?post=764536"},{"taxonomy":"post_tag","embeddable":true,"href":"https:\/\/www.hashtag.al\/index.php\/wp-json\/wp\/v2\/tags?post=764536"}],"curies":[{"name":"wp","href":"https:\/\/api.w.org\/{rel}","templated":true}]}}