{"id":764527,"date":"2025-10-07T14:03:13","date_gmt":"2025-10-07T12:03:13","guid":{"rendered":"https:\/\/www.hashtag.al\/?p=764527"},"modified":"2025-10-07T14:03:13","modified_gmt":"2025-10-07T12:03:13","slug":"berisha-ish-keshilltari-i-trump-tha-se-rama-eshte-ne-rreth-te-kuq-por-e-mbron-altin-dumani","status":"publish","type":"post","link":"https:\/\/www.hashtag.al\/index.php\/2025\/10\/07\/berisha-ish-keshilltari-i-trump-tha-se-rama-eshte-ne-rreth-te-kuq-por-e-mbron-altin-dumani\/","title":{"rendered":"Berisha: Ish-k\u00ebshilltari i Trump tha se Rama \u00ebsht\u00eb n\u00eb \u201crreth t\u00eb kuq\u201d, por e mbron Altin Dumani","gt_translate_keys":[{"key":"rendered","format":"text"}]},"content":{"rendered":"<p><span style=\"color: #000000;\"><img loading=\"lazy\" decoding=\"async\" class=\"alignnone size-medium wp-image-764528\" src=\"https:\/\/www.hashtag.al\/wp-content\/uploads\/2025\/10\/sali-berisha-1-2-300x175.jpg\" alt=\"\" width=\"300\" height=\"175\" srcset=\"https:\/\/www.hashtag.al\/wp-content\/uploads\/2025\/10\/sali-berisha-1-2-300x175.jpg 300w, https:\/\/www.hashtag.al\/wp-content\/uploads\/2025\/10\/sali-berisha-1-2-1024x598.jpg 1024w, https:\/\/www.hashtag.al\/wp-content\/uploads\/2025\/10\/sali-berisha-1-2-768x449.jpg 768w, https:\/\/www.hashtag.al\/wp-content\/uploads\/2025\/10\/sali-berisha-1-2-250x145.jpg 250w, https:\/\/www.hashtag.al\/wp-content\/uploads\/2025\/10\/sali-berisha-1-2.jpg 1318w\" sizes=\"auto, (max-width: 300px) 100vw, 300px\" \/><\/span><\/p>\n<p><span style=\"color: #000000;\">Kryetari i Partis\u00eb Demokratike, Sali Berisha, ka reaguar s\u00ebrish me akuza ndaj kryeministrit Edi Rama, duke iu referuar deklaratave t\u00eb ish-k\u00ebshilltarit t\u00eb Donald Trump, George Papadopoulos, i cili sipas tij ka th\u00ebn\u00eb se Rama ndodhet \u201cn\u00eb rreth t\u00eb kuq\u201d.<\/span><\/p>\n<p><span style=\"color: #000000;\">N\u00eb fjal\u00ebn e tij, Berisha theksoi se Rama nuk i ka marr\u00ebdh\u00ebnie t\u00eb mira me Shtetet e Bashkuara t\u00eb Amerik\u00ebs, por shtoi se ai po mbrohet nga kryeprokurori i SPAK-ut, Altin Dumani.<\/span><\/p>\n<p><span style=\"color: #000000;\"><em>\u201cGeorge Papadopoulos, n\u00eb mandatin e par\u00eb, ishte nj\u00eb person q\u00eb u p\u00ebrpoq\u00ebn ta korruptonin dhe ta b\u00ebnin pjes\u00eb t\u00eb vet\u00eb sorosian\u00ebt dhe sorosist\u00ebt e majt\u00eb, por ai q\u00ebndroi dhe u p\u00ebrball me burgjet e tyre duke mbetur i vendosur. Zot\u00ebria, n\u00eb intervist\u00ebn e tij, tha se Edi Rama \u00ebsht\u00eb n\u00eb rreth t\u00eb kuq dhe se nuk shp\u00ebton, sepse \u00ebsht\u00eb nj\u00eb me McGonigal dhe e mbron Altin Dumani,\u201d<\/em> deklaroi Berisha.<\/span><\/p>\n<p><span style=\"color: #000000;\">Ai akuzoi Ram\u00ebn p\u00ebr lidhje me ish-agjentin e FBI-s\u00eb, Charles McGonigal, duke th\u00ebn\u00eb se \u201c<em>Rama ka hequr dhe ka dh\u00ebn\u00eb licenca nafte n\u00eb bashk\u00ebpunim me t\u00eb, si dhe e ka paguar p\u00ebr t\u00eb p\u00ebrndjekur opozit\u00ebn shqiptare\u201d.<\/em><\/span><\/p>\n<p><span style=\"color: #000000;\">Berisha shtoi se Rama \u00ebsht\u00eb \u201cpjes\u00eb e nj\u00eb komploti t\u00eb madh kund\u00ebr SHBA-s\u00eb\u201d, duke e lidhur at\u00eb edhe me \u00e7\u00ebshtje t\u00eb tjera q\u00eb, sipas tij, p\u00ebrfshijn\u00eb \u201ckontakte me kinez\u00ebt dhe lidhje me kartelet e drog\u00ebs\u201d.<\/span><\/p>\n<p><span style=\"color: #000000;\"><em>\u201cEdi Rama \u00ebsht\u00eb i lidhur kok\u00eb e k\u00ebmb\u00eb me dosjen e drog\u00ebs. Aktualisht, armiku num\u00ebr nj\u00eb p\u00ebr SHBA jan\u00eb kartelet e drog\u00ebs. A e keni par\u00eb se si po gjuajn\u00eb anijet n\u00eb uj\u00ebrat nd\u00ebrkomb\u00ebtare? N\u00ebse gjeni n\u00eb Europ\u00eb nj\u00eb kryeminist\u00ebr si Edi Rama me klanet e drog\u00ebs, m\u00eb thoni a dini ndonj\u00eb tjet\u00ebr q\u00eb t\u00eb ket\u00eb lidhje t\u00eb tilla<\/em>,\u201d p\u00ebrfundoi Berisha.<\/span><\/p>\n","protected":false,"gt_translate_keys":[{"key":"rendered","format":"html"}]},"excerpt":{"rendered":"<p>Kryetari i Partis\u00eb Demokratike, Sali Berisha, ka reaguar s\u00ebrish me akuza ndaj kryeministrit Edi Rama, duke iu referuar deklaratave t\u00eb ish-k\u00ebshilltarit t\u00eb Donald Trump, George Papadopoulos, i cili sipas tij ka th\u00ebn\u00eb se Rama ndodhet \u201cn\u00eb rreth t\u00eb kuq\u201d. N\u00eb fjal\u00ebn e tij, Berisha theksoi se Rama nuk i ka marr\u00ebdh\u00ebnie t\u00eb mira me Shtetet [&hellip;]<\/p>\n","protected":false,"gt_translate_keys":[{"key":"rendered","format":"html"}]},"author":32,"featured_media":764528,"comment_status":"closed","ping_status":"open","sticky":false,"template":"","format":"standard","meta":{"footnotes":""},"categories":[65],"tags":[],"class_list":["post-764527","post","type-post","status-publish","format-standard","has-post-thumbnail","hentry","category-lajme"],"gt_translate_keys":[{"key":"link","format":"url"}],"_links":{"self":[{"href":"https:\/\/www.hashtag.al\/index.php\/wp-json\/wp\/v2\/posts\/764527","targetHints":{"allow":["GET"]}}],"collection":[{"href":"https:\/\/www.hashtag.al\/index.php\/wp-json\/wp\/v2\/posts"}],"about":[{"href":"https:\/\/www.hashtag.al\/index.php\/wp-json\/wp\/v2\/types\/post"}],"author":[{"embeddable":true,"href":"https:\/\/www.hashtag.al\/index.php\/wp-json\/wp\/v2\/users\/32"}],"replies":[{"embeddable":true,"href":"https:\/\/www.hashtag.al\/index.php\/wp-json\/wp\/v2\/comments?post=764527"}],"version-history":[{"count":99999,"href":"https:\/\/www.hashtag.al\/index.php\/wp-json\/wp\/v2\/posts\/764527\/revisions"}],"predecessor-version":[{"id":764529,"href":"https:\/\/www.hashtag.al\/index.php\/wp-json\/wp\/v2\/posts\/764527\/revisions\/764529"}],"wp:featuredmedia":[{"embeddable":true,"href":"https:\/\/www.hashtag.al\/index.php\/wp-json\/wp\/v2\/media\/764528"}],"wp:attachment":[{"href":"https:\/\/www.hashtag.al\/index.php\/wp-json\/wp\/v2\/media?parent=764527"}],"wp:term":[{"taxonomy":"category","embeddable":true,"href":"https:\/\/www.hashtag.al\/index.php\/wp-json\/wp\/v2\/categories?post=764527"},{"taxonomy":"post_tag","embeddable":true,"href":"https:\/\/www.hashtag.al\/index.php\/wp-json\/wp\/v2\/tags?post=764527"}],"curies":[{"name":"wp","href":"https:\/\/api.w.org\/{rel}","templated":true}]}}