{"id":764397,"date":"2025-10-06T19:50:52","date_gmt":"2025-10-06T17:50:52","guid":{"rendered":"https:\/\/www.hashtag.al\/?p=764397"},"modified":"2025-10-06T19:50:52","modified_gmt":"2025-10-06T17:50:52","slug":"rezikojme-krize-nafte-sanksionet-e-shba-se-jane-te-pashmangshme-vucic","status":"publish","type":"post","link":"https:\/\/www.hashtag.al\/index.php\/2025\/10\/06\/rezikojme-krize-nafte-sanksionet-e-shba-se-jane-te-pashmangshme-vucic\/","title":{"rendered":"\u201cRezikojm\u00eb kriz\u00eb nafte, sanksionet e SHBA-s\u00eb jan\u00eb t\u00eb pashmangshme\u201d\u00a0&#8211;\u00a0Vu\u00e7i\u00e7","gt_translate_keys":[{"key":"rendered","format":"text"}]},"content":{"rendered":"<p><a href=\"https:\/\/www.hashtag.al\/wp-content\/uploads\/2025\/10\/vucic.jpg\"><img loading=\"lazy\" decoding=\"async\" class=\"aligncenter size-full wp-image-764400\" src=\"https:\/\/www.hashtag.al\/wp-content\/uploads\/2025\/10\/vucic.jpg\" alt=\"\" width=\"768\" height=\"432\" srcset=\"https:\/\/www.hashtag.al\/wp-content\/uploads\/2025\/10\/vucic.jpg 768w, https:\/\/www.hashtag.al\/wp-content\/uploads\/2025\/10\/vucic-300x169.jpg 300w\" sizes=\"auto, (max-width: 768px) 100vw, 768px\" \/><\/a><\/p>\n<p><span style=\"color: #000000;\">Presidenti i Serbis\u00eb, Aleksandar Vu\u00e7i\u00e7, tha t\u00eb diel\u00ebn se nuk ka gjasa q\u00eb Serbia t\u00eb ket\u00eb nj\u00eb heqje tjet\u00ebr nga sanksionet e SHBA-s\u00eb q\u00eb synojn\u00eb sektorin e saj t\u00eb naft\u00ebs p\u00ebr shkak t\u00eb pron\u00ebsis\u00eb s\u00eb saj t\u00eb pjesshme ruse, duke shtuar se vendi s\u00eb shpejti mund t\u00eb p\u00ebrballet me nj\u00eb kriz\u00eb karburanti.<\/span><\/p>\n<p><span style=\"color: #000000;\">Uashingtoni i ka dh\u00ebn\u00eb Beogradit disa p\u00ebrjashtime t\u00eb p\u00ebrkohshme nga kufizimet shtes\u00eb q\u00eb i vendosi n\u00eb janar kompanis\u00eb s\u00eb naft\u00ebs NIS, n\u00eb t\u00eb cil\u00ebn Gazprom dhe Gazprom Neft t\u00eb Rusis\u00eb mbajn\u00eb s\u00eb bashku nj\u00eb aksion mazhoritar. Heqja e fundit e sanksioneve, e l\u00ebshuar m\u00eb 1 tetor, \u00ebsht\u00eb e vlefshme vet\u00ebm p\u00ebr nj\u00eb jav\u00eb.<\/span><\/p>\n<p><span style=\"color: #000000;\">Vu\u00e7i\u00e7 tha t\u00eb diel\u00ebn n\u00eb televizionin komb\u00ebtar se besonte se nuk do kishte nj\u00eb shp\u00ebtim t\u00eb minut\u00ebs s\u00eb fundit, p\u00ebrve\u00e7 n\u00ebse ai do nacionalizonte NIS-in, \u00a0nj\u00eb rrug\u00eb q\u00eb ai tha se ishte i pavullnetsh\u00ebm ta nd\u00ebrmerrte, shkruan <span style=\"color: #0000ff;\"><a style=\"color: #0000ff;\" href=\"https:\/\/rurtnews.com\/ne\u00ebs\/625979-vucic-us-sanctions-nis\/\">Rt<\/a><\/span>.<\/span><\/p>\n<p><span style=\"color: #000000;\"><em><i>&#8220;Ne kemi punuar p\u00ebr k\u00ebt\u00eb p\u00ebr 10 muaj, po p\u00ebrpiqemi t\u00eb gjejm\u00eb nj\u00eb zgjidhje dhe ende nuk ka asnj\u00eb,&#8221; <\/i><\/em>tha kreu serb. N\u00ebse do shp\u00ebrthej\u00eb nj\u00eb kriz\u00eb, shtoi ai, vendi do p\u00ebrballet me nj\u00eb rritje t\u00eb \u00e7mimit t\u00eb naft\u00ebs, por\u00a0gjendja nuk do t\u00eb ishte aq e r\u00ebnd\u00eb sa n\u00eb vitet 1990.<\/span><\/p>\n<p><span style=\"color: #000000;\"> Serbia i ka rezistuar presionit per\u00ebndimor p\u00ebr t\u00eb p\u00ebrafruar plot\u00ebsisht politik\u00ebn e saj t\u00eb jashtme me at\u00eb t\u00eb Bashkimit Evropian, edhe pse k\u00ebrkon an\u00ebtar\u00ebsimin n\u00eb bllok. Brukseli dhe Uashingtoni e kan\u00eb nxitur n\u00eb m\u00ebnyr\u00eb t\u00eb p\u00ebrs\u00ebritur Beogradin t\u00eb nd\u00ebrpres\u00eb lidhjet e tij energjetike me Mosk\u00ebn, nj\u00eb partner kryesor historik. Qeveria e Vu\u00e7i\u00e7it ka akuzuar gjithashtu kombet per\u00ebndimore p\u00ebr nxitjen e protestave masive n\u00eb Serbi.<\/span><\/p>\n<p><span style=\"color: #000000;\">Disa shtete t\u00eb BE-s\u00eb, p\u00ebrfshir\u00eb Hungarin\u00eb dhe Sllovakin\u00eb, kan\u00eb shprehur shqet\u00ebsime t\u00eb ngjashme p\u00ebr presionin e Brukselit.\u00a0N\u00eb janar, Hungaria dhe Serbia njoftuan se do t\u00eb p\u00ebrshpejtonin lidhjen e konsumator\u00ebve serb\u00eb me sistemin Druzhba.<\/span><\/p>\n","protected":false,"gt_translate_keys":[{"key":"rendered","format":"html"}]},"excerpt":{"rendered":"<p>Presidenti i Serbis\u00eb, Aleksandar Vu\u00e7i\u00e7, tha t\u00eb diel\u00ebn se nuk ka gjasa q\u00eb Serbia t\u00eb ket\u00eb nj\u00eb heqje tjet\u00ebr nga sanksionet e SHBA-s\u00eb q\u00eb synojn\u00eb sektorin e saj t\u00eb naft\u00ebs p\u00ebr shkak t\u00eb pron\u00ebsis\u00eb s\u00eb saj t\u00eb pjesshme ruse, duke shtuar se vendi s\u00eb shpejti mund t\u00eb p\u00ebrballet me nj\u00eb kriz\u00eb karburanti. Uashingtoni i ka [&hellip;]<\/p>\n","protected":false,"gt_translate_keys":[{"key":"rendered","format":"html"}]},"author":51,"featured_media":764400,"comment_status":"closed","ping_status":"open","sticky":false,"template":"","format":"standard","meta":{"footnotes":""},"categories":[149],"tags":[],"class_list":["post-764397","post","type-post","status-publish","format-standard","has-post-thumbnail","hentry","category-kosoverajon"],"gt_translate_keys":[{"key":"link","format":"url"}],"_links":{"self":[{"href":"https:\/\/www.hashtag.al\/index.php\/wp-json\/wp\/v2\/posts\/764397","targetHints":{"allow":["GET"]}}],"collection":[{"href":"https:\/\/www.hashtag.al\/index.php\/wp-json\/wp\/v2\/posts"}],"about":[{"href":"https:\/\/www.hashtag.al\/index.php\/wp-json\/wp\/v2\/types\/post"}],"author":[{"embeddable":true,"href":"https:\/\/www.hashtag.al\/index.php\/wp-json\/wp\/v2\/users\/51"}],"replies":[{"embeddable":true,"href":"https:\/\/www.hashtag.al\/index.php\/wp-json\/wp\/v2\/comments?post=764397"}],"version-history":[{"count":99999,"href":"https:\/\/www.hashtag.al\/index.php\/wp-json\/wp\/v2\/posts\/764397\/revisions"}],"predecessor-version":[{"id":764401,"href":"https:\/\/www.hashtag.al\/index.php\/wp-json\/wp\/v2\/posts\/764397\/revisions\/764401"}],"wp:featuredmedia":[{"embeddable":true,"href":"https:\/\/www.hashtag.al\/index.php\/wp-json\/wp\/v2\/media\/764400"}],"wp:attachment":[{"href":"https:\/\/www.hashtag.al\/index.php\/wp-json\/wp\/v2\/media?parent=764397"}],"wp:term":[{"taxonomy":"category","embeddable":true,"href":"https:\/\/www.hashtag.al\/index.php\/wp-json\/wp\/v2\/categories?post=764397"},{"taxonomy":"post_tag","embeddable":true,"href":"https:\/\/www.hashtag.al\/index.php\/wp-json\/wp\/v2\/tags?post=764397"}],"curies":[{"name":"wp","href":"https:\/\/api.w.org\/{rel}","templated":true}]}}