{"id":764389,"date":"2025-10-06T19:14:43","date_gmt":"2025-10-06T17:14:43","guid":{"rendered":"https:\/\/www.hashtag.al\/?p=764389"},"modified":"2025-10-06T19:14:43","modified_gmt":"2025-10-06T17:14:43","slug":"tedi-blushi-vrasja-e-gjyqtarit-kalaja-atentat-ndaj-shtetit-ministrja-e-brendshme-te-jape-doreheqjen","status":"publish","type":"post","link":"https:\/\/www.hashtag.al\/index.php\/2025\/10\/06\/tedi-blushi-vrasja-e-gjyqtarit-kalaja-atentat-ndaj-shtetit-ministrja-e-brendshme-te-jape-doreheqjen\/","title":{"rendered":"Tedi Blushi: Vrasja e gjyqtarit Kalaja, atentat ndaj shtetit \u2013 Ministrja e Brendshme t\u00eb jap\u00eb dor\u00ebheqjen","gt_translate_keys":[{"key":"rendered","format":"text"}]},"content":{"rendered":"<p data-start=\"325\" data-end=\"526\"><span style=\"color: #000000;\"><img loading=\"lazy\" decoding=\"async\" class=\"size-medium wp-image-731771 aligncenter\" src=\"https:\/\/www.hashtag.al\/wp-content\/uploads\/2025\/03\/Tedi-Blushi1-300x214.jpg\" alt=\"\" width=\"300\" height=\"214\" srcset=\"https:\/\/www.hashtag.al\/wp-content\/uploads\/2025\/03\/Tedi-Blushi1-300x214.jpg 300w, https:\/\/www.hashtag.al\/wp-content\/uploads\/2025\/03\/Tedi-Blushi1-768x548.jpg 768w, https:\/\/www.hashtag.al\/wp-content\/uploads\/2025\/03\/Tedi-Blushi1-700x500.jpg 700w, https:\/\/www.hashtag.al\/wp-content\/uploads\/2025\/03\/Tedi-Blushi1.jpg 846w\" sizes=\"auto, (max-width: 300px) 100vw, 300px\" \/><br \/>\nPas ngjarjes s\u00eb r\u00ebnd\u00eb t\u00eb ndodhur n\u00eb Gjykat\u00ebn e Apelit n\u00eb Tiran\u00eb, ku u vra gjyqtari Astrit Kalaja gjat\u00eb ushtrimit t\u00eb detyr\u00ebs, ka ardhur nj\u00eb reagim i fort\u00eb nga Partia e Liris\u00eb.<\/span><\/p>\n<p data-start=\"528\" data-end=\"756\"><span style=\"color: #000000;\">Sekretari i P\u00ebrgjithsh\u00ebm i k\u00ebsaj force politike, Tedi Blushi, e cil\u00ebsoi vrasjen si nj\u00eb akt terrorist t\u00eb paprecedent\u00eb, nj\u00eb atentat t\u00eb drejtp\u00ebrdrejt\u00eb ndaj shtetit t\u00eb s\u00eb drejt\u00ebs, rendit kushtetues dhe jet\u00ebs n\u00eb Shqip\u00ebri.<\/span><\/p>\n<p data-start=\"760\" data-end=\"982\"><span style=\"color: #000000;\">\u201cKy \u00ebsht\u00eb nj\u00eb krim q\u00eb trondit nd\u00ebrgjegjen komb\u00ebtare dhe zbulon realitetin tragjik n\u00eb t\u00eb cilin ndodhet vendi: nj\u00eb Shqip\u00ebri ku krimi sfidon pa frik\u00eb ligjin, ku arm\u00ebt flasin edhe brenda sall\u00ebs s\u00eb gjyqit,\u201ddeklaroi Blushi.<\/span><\/p>\n<p data-start=\"984\" data-end=\"1177\"><span style=\"color: #000000;\">Ai e cil\u00ebsoi ekzekutimin e gjyqtarit si prov\u00eb t\u00eb dep\u00ebrtimit t\u00eb krimit t\u00eb organizuar n\u00eb zem\u00ebr t\u00eb institucioneve shtet\u00ebrore dhe nj\u00eb d\u00ebshtim total t\u00eb qeveris\u00eb p\u00ebr t\u00eb garantuar rendin dhe sigurin\u00eb.<\/span><\/p>\n<p data-start=\"1237\" data-end=\"1467\"><span style=\"color: #000000;\">N\u00eb deklarat\u00ebn e tij, Blushi akuzon drejtp\u00ebrdrejt qeverin\u00eb p\u00ebr d\u00ebshtim institucional dhe k\u00ebrkon dor\u00ebheqjen e menj\u00ebhershme t\u00eb Ministres s\u00eb Brendshme, Albana Ko\u00e7iu, si nj\u00eb akt i par\u00eb p\u00ebrgjegj\u00ebsie p\u00ebr situat\u00ebn e r\u00ebnd\u00eb t\u00eb siguris\u00eb.<\/span><\/p>\n<p data-start=\"1471\" data-end=\"1683\"><span style=\"color: #000000;\">\u201cKy nuk \u00ebsht\u00eb nj\u00eb rast i izoluar, por rezultati i nj\u00eb qeverisjeje q\u00eb ka braktisur shtetin dhe ka toleruar krimin. Krimi nuk vepron m\u00eb n\u00eb hije, ai vret n\u00eb drit\u00eb t\u00eb diellit, brenda institucioneve,\u201d u shpreh ai.<\/span><\/p>\n<p data-start=\"1745\" data-end=\"1927\"><span style=\"color: #000000;\">Sipas Blushit, ngjarja \u00ebsht\u00eb nj\u00eb kamban\u00eb alarmi p\u00ebr t\u00eb gjith\u00eb shoq\u00ebrin\u00eb, q\u00eb tregon se shteti nuk kontrollon m\u00eb territorin dhe institucionet jan\u00eb kthyer n\u00eb emra pa p\u00ebrmbajtje.<\/span><\/p>\n<p data-start=\"1931\" data-end=\"2106\"><span style=\"color: #000000;\">\u201cN\u00eb nj\u00eb vend normal, nj\u00eb akt i till\u00eb do t\u00eb sillte tronditje politike dhe largime nga detyra. N\u00eb Shqip\u00ebrin\u00eb e sotme mbizot\u00ebrojn\u00eb heshtja dhe pand\u00ebshkueshm\u00ebria,\u201d theksoi ai.<\/span><\/p>\n<p data-start=\"2165\" data-end=\"2371\"><span style=\"color: #000000;\">N\u00eb p\u00ebrfundim t\u00eb deklarat\u00ebs, Blushi shprehu ngush\u00ebllimet e Partis\u00eb s\u00eb Liris\u00eb p\u00ebr familjen e gjyqtarit Kalaja dhe b\u00ebri nj\u00eb thirrje t\u00eb fort\u00eb p\u00ebr \u201czgjim komb\u00ebtar\u201d dhe reagim qytetar ndaj kriz\u00ebs s\u00eb siguris\u00eb.<\/span><\/p>\n<p data-start=\"2375\" data-end=\"2622\"><span style=\"color: #000000;\">\u201cSot \u00ebsht\u00eb nj\u00eb gjyqtar, nes\u00ebr mund t\u00eb jet\u00eb nj\u00eb qytetar, nj\u00eb mjek, nj\u00eb gazetar\u2026 Ky nuk \u00ebsht\u00eb m\u00eb thjesht nj\u00eb krim, \u00ebsht\u00eb nj\u00eb alarm komb\u00ebtar. Asgj\u00eb nuk \u00ebsht\u00eb m\u00eb urgjente se garantimi i jet\u00ebs dhe mbrojtja e shtetit nga mafia,\u201d p\u00ebrfundon deklarata.<\/span><\/p>\n","protected":false,"gt_translate_keys":[{"key":"rendered","format":"html"}]},"excerpt":{"rendered":"<p>Pas ngjarjes s\u00eb r\u00ebnd\u00eb t\u00eb ndodhur n\u00eb Gjykat\u00ebn e Apelit n\u00eb Tiran\u00eb, ku u vra gjyqtari Astrit Kalaja gjat\u00eb ushtrimit t\u00eb detyr\u00ebs, ka ardhur nj\u00eb reagim i fort\u00eb nga Partia e Liris\u00eb. Sekretari i P\u00ebrgjithsh\u00ebm i k\u00ebsaj force politike, Tedi Blushi, e cil\u00ebsoi vrasjen si nj\u00eb akt terrorist t\u00eb paprecedent\u00eb, nj\u00eb atentat t\u00eb drejtp\u00ebrdrejt\u00eb ndaj [&hellip;]<\/p>\n","protected":false,"gt_translate_keys":[{"key":"rendered","format":"html"}]},"author":32,"featured_media":731771,"comment_status":"closed","ping_status":"open","sticky":false,"template":"","format":"standard","meta":{"footnotes":""},"categories":[65],"tags":[],"class_list":["post-764389","post","type-post","status-publish","format-standard","has-post-thumbnail","hentry","category-lajme"],"gt_translate_keys":[{"key":"link","format":"url"}],"_links":{"self":[{"href":"https:\/\/www.hashtag.al\/index.php\/wp-json\/wp\/v2\/posts\/764389","targetHints":{"allow":["GET"]}}],"collection":[{"href":"https:\/\/www.hashtag.al\/index.php\/wp-json\/wp\/v2\/posts"}],"about":[{"href":"https:\/\/www.hashtag.al\/index.php\/wp-json\/wp\/v2\/types\/post"}],"author":[{"embeddable":true,"href":"https:\/\/www.hashtag.al\/index.php\/wp-json\/wp\/v2\/users\/32"}],"replies":[{"embeddable":true,"href":"https:\/\/www.hashtag.al\/index.php\/wp-json\/wp\/v2\/comments?post=764389"}],"version-history":[{"count":99999,"href":"https:\/\/www.hashtag.al\/index.php\/wp-json\/wp\/v2\/posts\/764389\/revisions"}],"predecessor-version":[{"id":764390,"href":"https:\/\/www.hashtag.al\/index.php\/wp-json\/wp\/v2\/posts\/764389\/revisions\/764390"}],"wp:featuredmedia":[{"embeddable":true,"href":"https:\/\/www.hashtag.al\/index.php\/wp-json\/wp\/v2\/media\/731771"}],"wp:attachment":[{"href":"https:\/\/www.hashtag.al\/index.php\/wp-json\/wp\/v2\/media?parent=764389"}],"wp:term":[{"taxonomy":"category","embeddable":true,"href":"https:\/\/www.hashtag.al\/index.php\/wp-json\/wp\/v2\/categories?post=764389"},{"taxonomy":"post_tag","embeddable":true,"href":"https:\/\/www.hashtag.al\/index.php\/wp-json\/wp\/v2\/tags?post=764389"}],"curies":[{"name":"wp","href":"https:\/\/api.w.org\/{rel}","templated":true}]}}