{"id":764338,"date":"2025-10-06T15:44:22","date_gmt":"2025-10-06T13:44:22","guid":{"rendered":"https:\/\/www.hashtag.al\/?p=764338"},"modified":"2025-10-06T15:44:22","modified_gmt":"2025-10-06T13:44:22","slug":"begaj-rajoni-perballet-me-sfida-sigurie-duhet-tu-krijojme-te-rinjve-kushte-per-te-qendruar-ne-vend","status":"publish","type":"post","link":"https:\/\/www.hashtag.al\/index.php\/2025\/10\/06\/begaj-rajoni-perballet-me-sfida-sigurie-duhet-tu-krijojme-te-rinjve-kushte-per-te-qendruar-ne-vend\/","title":{"rendered":"Begaj: Rajoni p\u00ebrballet me sfida sigurie, duhet t\u2019u krijojm\u00eb t\u00eb rinjve kushte p\u00ebr t\u00eb q\u00ebndruar n\u00eb vend","gt_translate_keys":[{"key":"rendered","format":"text"}]},"content":{"rendered":"<p><span style=\"color: #000000;\"><img loading=\"lazy\" decoding=\"async\" class=\"alignnone size-medium wp-image-764339\" src=\"https:\/\/www.hashtag.al\/wp-content\/uploads\/2025\/10\/Screenshot-2025-10-06-052543-300x156.png\" alt=\"\" width=\"300\" height=\"156\" srcset=\"https:\/\/www.hashtag.al\/wp-content\/uploads\/2025\/10\/Screenshot-2025-10-06-052543-300x156.png 300w, https:\/\/www.hashtag.al\/wp-content\/uploads\/2025\/10\/Screenshot-2025-10-06-052543-768x399.png 768w, https:\/\/www.hashtag.al\/wp-content\/uploads\/2025\/10\/Screenshot-2025-10-06-052543.png 958w\" sizes=\"auto, (max-width: 300px) 100vw, 300px\" \/><\/span><\/p>\n<p><span style=\"color: #000000;\">Presidenti i Republik\u00ebs, Bajram Begaj, gjat\u00eb takimit t\u00eb sot\u00ebm me lider\u00ebt e Ballkanit Per\u00ebndimor, tha se rajoni po p\u00ebrballet me sfida serioze n\u00eb fush\u00ebn e siguris\u00eb, t\u00eb cilat k\u00ebrkojn\u00eb m\u00eb shum\u00eb bashk\u00ebpunim dhe koordinim nd\u00ebrmjet vendeve.<\/span><\/p>\n<p><span style=\"color: #000000;\"><em>\u201cRajoni p\u00ebrballet me sfida t\u00eb siguris\u00eb, q\u00eb k\u00ebrkojn\u00eb rritje t\u00eb bashk\u00ebpunimit dhe koordinim mes nesh,\u201d<\/em> deklaroi Begaj, duke theksuar r\u00ebnd\u00ebsin\u00eb e dialogut dhe fqinj\u00ebsis\u00eb s\u00eb mir\u00eb si element\u00eb thelb\u00ebsor\u00eb p\u00ebr ruajtjen e paqes, zhvillimin ekonomik dhe integrimin rajonal.<\/span><\/p>\n<p><span style=\"color: #000000;\">Kreu i shtetit n\u00ebnvizoi se procesi i integrimit drejt Bashkimit Evropian duhet t\u00eb shoq\u00ebrohet me masa konkrete p\u00ebr t\u00eb krijuar kushte q\u00eb t\u00eb rinjt\u00eb t\u00eb q\u00ebndrojn\u00eb n\u00eb vend.<\/span><\/p>\n<p><span style=\"color: #000000;\">\u201c<em>Diskutuam p\u00ebr rrug\u00ebt e bashk\u00ebpunimit rajonal, me q\u00ebllim krijimin e kushteve q\u00eb t\u00eb rinjt\u00eb t\u00eb nd\u00ebrtojn\u00eb t\u00eb ardhmen n\u00eb vendin e tyre,\u201d<\/em> tha Presidenti Begaj, duke e konsideruar Planin e Rritjes s\u00eb BE-s\u00eb p\u00ebr rajonin si nj\u00eb mund\u00ebsi t\u00eb \u00e7muar p\u00ebr zhvillim ekonomik dhe leht\u00ebsim t\u00eb qarkullimit tregtar.<\/span><\/p>\n<p><span style=\"color: #000000;\">Ai shtoi gjithashtu se Shqip\u00ebria ka b\u00ebr\u00eb \u201c<em>hapa t\u00eb ndjesh\u00ebm dhe t\u00eb q\u00ebndruesh\u00ebm\u201d n\u00eb rrug\u00ebn e saj drejt an\u00ebtar\u00ebsimit n\u00eb Bashkimin Evropian. \u201cBrenda nj\u00eb kohe t\u00eb shkurt\u00ebr kemi hapur pes\u00eb nga gjasht\u00eb grupkapitujt negociues, \u00e7ka p\u00ebrb\u00ebn nj\u00eb njohje konkrete t\u00eb p\u00ebrpjekjeve tona<\/em>,\u201d deklaroi Begaj.<\/span><\/p>\n","protected":false,"gt_translate_keys":[{"key":"rendered","format":"html"}]},"excerpt":{"rendered":"<p>Presidenti i Republik\u00ebs, Bajram Begaj, gjat\u00eb takimit t\u00eb sot\u00ebm me lider\u00ebt e Ballkanit Per\u00ebndimor, tha se rajoni po p\u00ebrballet me sfida serioze n\u00eb fush\u00ebn e siguris\u00eb, t\u00eb cilat k\u00ebrkojn\u00eb m\u00eb shum\u00eb bashk\u00ebpunim dhe koordinim nd\u00ebrmjet vendeve. \u201cRajoni p\u00ebrballet me sfida t\u00eb siguris\u00eb, q\u00eb k\u00ebrkojn\u00eb rritje t\u00eb bashk\u00ebpunimit dhe koordinim mes nesh,\u201d deklaroi Begaj, duke theksuar [&hellip;]<\/p>\n","protected":false,"gt_translate_keys":[{"key":"rendered","format":"html"}]},"author":32,"featured_media":764339,"comment_status":"closed","ping_status":"open","sticky":false,"template":"","format":"standard","meta":{"footnotes":""},"categories":[65],"tags":[],"class_list":["post-764338","post","type-post","status-publish","format-standard","has-post-thumbnail","hentry","category-lajme"],"gt_translate_keys":[{"key":"link","format":"url"}],"_links":{"self":[{"href":"https:\/\/www.hashtag.al\/index.php\/wp-json\/wp\/v2\/posts\/764338","targetHints":{"allow":["GET"]}}],"collection":[{"href":"https:\/\/www.hashtag.al\/index.php\/wp-json\/wp\/v2\/posts"}],"about":[{"href":"https:\/\/www.hashtag.al\/index.php\/wp-json\/wp\/v2\/types\/post"}],"author":[{"embeddable":true,"href":"https:\/\/www.hashtag.al\/index.php\/wp-json\/wp\/v2\/users\/32"}],"replies":[{"embeddable":true,"href":"https:\/\/www.hashtag.al\/index.php\/wp-json\/wp\/v2\/comments?post=764338"}],"version-history":[{"count":99999,"href":"https:\/\/www.hashtag.al\/index.php\/wp-json\/wp\/v2\/posts\/764338\/revisions"}],"predecessor-version":[{"id":764340,"href":"https:\/\/www.hashtag.al\/index.php\/wp-json\/wp\/v2\/posts\/764338\/revisions\/764340"}],"wp:featuredmedia":[{"embeddable":true,"href":"https:\/\/www.hashtag.al\/index.php\/wp-json\/wp\/v2\/media\/764339"}],"wp:attachment":[{"href":"https:\/\/www.hashtag.al\/index.php\/wp-json\/wp\/v2\/media?parent=764338"}],"wp:term":[{"taxonomy":"category","embeddable":true,"href":"https:\/\/www.hashtag.al\/index.php\/wp-json\/wp\/v2\/categories?post=764338"},{"taxonomy":"post_tag","embeddable":true,"href":"https:\/\/www.hashtag.al\/index.php\/wp-json\/wp\/v2\/tags?post=764338"}],"curies":[{"name":"wp","href":"https:\/\/api.w.org\/{rel}","templated":true}]}}