{"id":764132,"date":"2025-10-05T15:17:10","date_gmt":"2025-10-05T13:17:10","guid":{"rendered":"https:\/\/www.hashtag.al\/?p=764132"},"modified":"2025-10-05T15:17:10","modified_gmt":"2025-10-05T13:17:10","slug":"polonia-ngre-ne-ajer-aeroplanet-luftarake-pas-sulmeve-ruse-ne-ukraine","status":"publish","type":"post","link":"https:\/\/www.hashtag.al\/index.php\/2025\/10\/05\/polonia-ngre-ne-ajer-aeroplanet-luftarake-pas-sulmeve-ruse-ne-ukraine\/","title":{"rendered":"Polonia ngre n\u00eb aj\u00ebr aeroplan\u00ebt luftarak\u00eb pas sulmeve ruse n\u00eb Ukrain\u00eb","gt_translate_keys":[{"key":"rendered","format":"text"}]},"content":{"rendered":"<p data-start=\"184\" data-end=\"393\"><span style=\"color: #000000;\"><img loading=\"lazy\" decoding=\"async\" class=\"size-medium wp-image-666425 aligncenter\" src=\"https:\/\/www.hashtag.al\/wp-content\/uploads\/2024\/04\/1712497627_avionkinez-300x169.jpg\" alt=\"\" width=\"300\" height=\"169\" srcset=\"https:\/\/www.hashtag.al\/wp-content\/uploads\/2024\/04\/1712497627_avionkinez-300x169.jpg 300w, https:\/\/www.hashtag.al\/wp-content\/uploads\/2024\/04\/1712497627_avionkinez-768x433.jpg 768w, https:\/\/www.hashtag.al\/wp-content\/uploads\/2024\/04\/1712497627_avionkinez.jpg 780w\" sizes=\"auto, (max-width: 300px) 100vw, 300px\" \/><br \/>\nPes\u00eb persona kan\u00eb humbur jet\u00ebn dhe dhjet\u00ebra t\u00eb tjer\u00eb kan\u00eb mbetur pa energji elektrike n\u00eb Ukrain\u00eb pas sulmeve t\u00eb shumta me dron\u00eb dhe raketa gjat\u00eb nat\u00ebs, ka b\u00ebr\u00eb t\u00eb ditur presidenti ukrainas, Volodymyr Zelensky.<\/span><\/p>\n<p data-start=\"395\" data-end=\"630\"><span style=\"color: #000000;\">Ushtria polake ka konfirmuar ngritjen n\u00eb aj\u00ebr t\u00eb aeroplan\u00ebve luftarak\u00eb p\u00ebr t\u00eb mbrojtur hap\u00ebsir\u00ebn ajrore t\u00eb vendit, q\u00eb ndodhet pran\u00eb kufirit me Ukrain\u00ebn. Gjithashtu, n\u00eb k\u00ebt\u00eb operacion jan\u00eb p\u00ebrfshir\u00eb edhe aeroplan\u00eb t\u00eb aleat\u00ebve t\u00eb NATO-s, p\u00ebrcjell <span style=\"color: #0000ff;\"><a style=\"color: #0000ff;\" href=\"https:\/\/www.evropaelire.org\/a\/polonia-ngre-aeroplanet-ne-ajer-pas-sulmeve-ruse-ne-ukraine\/33550257.html\">REL<\/a><\/span>.<\/span><\/p>\n<p data-start=\"632\" data-end=\"831\"><span style=\"color: #000000;\">Sulmet kan\u00eb goditur zona t\u00eb ndryshme, duke p\u00ebrfshir\u00eb fshatin Lapaivka, ku kat\u00ebr an\u00ebtar\u00eb t\u00eb nj\u00eb familjeje, p\u00ebrfshir\u00eb nj\u00eb vajz\u00eb 15-vje\u00e7are, kan\u00eb humbur jet\u00ebn. Nj\u00eb person tjet\u00ebr ka vdekur n\u00eb Zaporizhja.<\/span><\/p>\n<p data-start=\"833\" data-end=\"1046\"><span style=\"color: #000000;\">Ministria ruse e Mbrojtjes ka deklaruar se ka kryer nj\u00eb sulm \u201cmasiv\u201d ndaj objektivave ushtarake dhe infrastrukturore n\u00eb Ukrain\u00eb. Zelensky ka theksuar se gjat\u00eb sulmit jan\u00eb l\u00ebshuar mbi 50 raketa dhe rreth 500 dron\u00eb.<\/span><\/p>\n<p data-start=\"1048\" data-end=\"1301\"><span style=\"color: #000000;\">N\u00eb qytetin Lviv, sulmet kan\u00eb zgjatur disa or\u00eb, duke sjell\u00eb nd\u00ebrprerje n\u00eb sh\u00ebrbimet e transportit publik dhe n\u00eb furnizimin me energji elektrike. Sulme jan\u00eb regjistruar edhe n\u00eb rajone t\u00eb tjera si Ivano-Frankivsk, \u00c7ernihiv, Sumi, Harkiv, Herson dhe Odessa.<\/span><\/p>\n<p data-start=\"1303\" data-end=\"1512\"><span style=\"color: #000000;\">Zelensky u ka b\u00ebr\u00eb thirrje partner\u00ebve nd\u00ebrkomb\u00ebtar\u00eb p\u00ebr m\u00eb shum\u00eb mbrojtje ajrore, duke shtuar se \u201cnj\u00eb arm\u00ebpushim unilateral n\u00eb hap\u00ebsir\u00eb ajrore \u00ebsht\u00eb i mundsh\u00ebm dhe do t\u00eb hapte rrug\u00ebn p\u00ebr diplomaci t\u00eb v\u00ebrtet\u00eb\u201d.<\/span><\/p>\n<p data-start=\"1514\" data-end=\"1786\"><span style=\"color: #000000;\">Sulmet vijn\u00eb n\u00eb nj\u00eb koh\u00eb kur perspektiva p\u00ebr paqe duket m\u00eb e larg\u00ebt se kurr\u00eb, nd\u00ebrsa lufta po shkon drejt vitit t\u00eb kat\u00ebrt. P\u00ebrpjekjet diplomatike p\u00ebr t\u2019i dh\u00ebn\u00eb fund konfliktit kan\u00eb hasur n\u00eb v\u00ebshtir\u00ebsi, pasi pozicionet e Ukrain\u00ebs dhe Rusis\u00eb mbeten shum\u00eb larg nj\u00ebra-tjetr\u00ebs.<\/span><\/p>\n<p data-start=\"1788\" data-end=\"1986\"><span style=\"color: #000000;\">Presidenti rus Vladimir Putin e quan k\u00ebt\u00eb konflikt \u201coperacion special ushtarak\u201d me synimin p\u00ebr \u00e7militarizimin e Ukrain\u00ebs, nd\u00ebrkoh\u00eb q\u00eb Per\u00ebndimi ka vendosur sanksione ekonomike t\u00eb ashpra ndaj Mosk\u00ebs.<\/span><\/p>\n<p data-start=\"1988\" data-end=\"2081\"><span style=\"color: #000000;\">Lufta ka shkaktuar mij\u00ebra viktima dhe miliona persona jan\u00eb zhvendosur nga vendbanimet e tyre.<\/span><\/p>\n","protected":false,"gt_translate_keys":[{"key":"rendered","format":"html"}]},"excerpt":{"rendered":"<p>Pes\u00eb persona kan\u00eb humbur jet\u00ebn dhe dhjet\u00ebra t\u00eb tjer\u00eb kan\u00eb mbetur pa energji elektrike n\u00eb Ukrain\u00eb pas sulmeve t\u00eb shumta me dron\u00eb dhe raketa gjat\u00eb nat\u00ebs, ka b\u00ebr\u00eb t\u00eb ditur presidenti ukrainas, Volodymyr Zelensky. Ushtria polake ka konfirmuar ngritjen n\u00eb aj\u00ebr t\u00eb aeroplan\u00ebve luftarak\u00eb p\u00ebr t\u00eb mbrojtur hap\u00ebsir\u00ebn ajrore t\u00eb vendit, q\u00eb ndodhet pran\u00eb kufirit [&hellip;]<\/p>\n","protected":false,"gt_translate_keys":[{"key":"rendered","format":"html"}]},"author":32,"featured_media":666425,"comment_status":"closed","ping_status":"open","sticky":false,"template":"","format":"standard","meta":{"footnotes":""},"categories":[6],"tags":[],"class_list":["post-764132","post","type-post","status-publish","format-standard","has-post-thumbnail","hentry","category-nderkombetare"],"gt_translate_keys":[{"key":"link","format":"url"}],"_links":{"self":[{"href":"https:\/\/www.hashtag.al\/index.php\/wp-json\/wp\/v2\/posts\/764132","targetHints":{"allow":["GET"]}}],"collection":[{"href":"https:\/\/www.hashtag.al\/index.php\/wp-json\/wp\/v2\/posts"}],"about":[{"href":"https:\/\/www.hashtag.al\/index.php\/wp-json\/wp\/v2\/types\/post"}],"author":[{"embeddable":true,"href":"https:\/\/www.hashtag.al\/index.php\/wp-json\/wp\/v2\/users\/32"}],"replies":[{"embeddable":true,"href":"https:\/\/www.hashtag.al\/index.php\/wp-json\/wp\/v2\/comments?post=764132"}],"version-history":[{"count":99999,"href":"https:\/\/www.hashtag.al\/index.php\/wp-json\/wp\/v2\/posts\/764132\/revisions"}],"predecessor-version":[{"id":764133,"href":"https:\/\/www.hashtag.al\/index.php\/wp-json\/wp\/v2\/posts\/764132\/revisions\/764133"}],"wp:featuredmedia":[{"embeddable":true,"href":"https:\/\/www.hashtag.al\/index.php\/wp-json\/wp\/v2\/media\/666425"}],"wp:attachment":[{"href":"https:\/\/www.hashtag.al\/index.php\/wp-json\/wp\/v2\/media?parent=764132"}],"wp:term":[{"taxonomy":"category","embeddable":true,"href":"https:\/\/www.hashtag.al\/index.php\/wp-json\/wp\/v2\/categories?post=764132"},{"taxonomy":"post_tag","embeddable":true,"href":"https:\/\/www.hashtag.al\/index.php\/wp-json\/wp\/v2\/tags?post=764132"}],"curies":[{"name":"wp","href":"https:\/\/api.w.org\/{rel}","templated":true}]}}