{"id":764079,"date":"2025-10-04T23:01:12","date_gmt":"2025-10-04T21:01:12","guid":{"rendered":"https:\/\/www.hashtag.al\/?p=764079"},"modified":"2025-10-04T23:01:12","modified_gmt":"2025-10-04T21:01:12","slug":"andrej-babish-del-fitues-ne-zgjedhjet-parlamentare-te-cekise","status":"publish","type":"post","link":"https:\/\/www.hashtag.al\/index.php\/2025\/10\/04\/andrej-babish-del-fitues-ne-zgjedhjet-parlamentare-te-cekise\/","title":{"rendered":"Andrej Babish del fitues n\u00eb zgjedhjet parlamentare t\u00eb \u00c7ekis\u00eb","gt_translate_keys":[{"key":"rendered","format":"text"}]},"content":{"rendered":"<p data-start=\"235\" data-end=\"637\"><span style=\"color: #000000;\"><img loading=\"lazy\" decoding=\"async\" class=\"size-medium wp-image-764080 aligncenter\" src=\"https:\/\/www.hashtag.al\/wp-content\/uploads\/2025\/10\/IMG_1135-300x170.jpeg\" alt=\"\" width=\"300\" height=\"170\" srcset=\"https:\/\/www.hashtag.al\/wp-content\/uploads\/2025\/10\/IMG_1135-300x170.jpeg 300w, https:\/\/www.hashtag.al\/wp-content\/uploads\/2025\/10\/IMG_1135.jpeg 539w\" sizes=\"auto, (max-width: 300px) 100vw, 300px\" \/><br \/>\nIsh-kryeministri i \u00c7ekis\u00eb, Andrej Babi\u0161, ka sh\u00ebnuar nj\u00eb rikthim t\u00eb bujsh\u00ebm n\u00eb sken\u00ebn politike, duke dal\u00eb fitues n\u00eb zgjedhjet parlamentare, kat\u00ebr vite pas largimit nga pushteti. Megjithat\u00eb, pavar\u00ebsisht rezultatit t\u00eb qart\u00eb p\u00ebr partin\u00eb e tij ANO, ai nuk ka siguruar shumic\u00ebn n\u00eb parlament dhe p\u00ebrballet tani me negociata t\u00eb v\u00ebshtira p\u00ebr t\u00eb formuar nj\u00eb koalicion qeveris\u00ebs, p\u00ebrcjell <span style=\"color: #0000ff;\"><a style=\"color: #0000ff;\" href=\"https:\/\/www.evropaelire.org\/a\/babishi-i-fiton-zgjedhjet-ne-ceki\/33549694.html\">REL<\/a><\/span>.<\/span><\/p>\n<p data-start=\"639\" data-end=\"951\"><span style=\"color: #000000;\">Pas num\u00ebrimit t\u00eb mbi 95% t\u00eb votave, ANO doli forca m\u00eb e madhe politike, por pa shumic\u00ebn absolute, \u00e7ka e detyron Babi\u0161in t\u00eb k\u00ebrkoj\u00eb aleat\u00eb. Nj\u00eb nga opsionet m\u00eb t\u00eb p\u00ebrfolura \u00ebsht\u00eb nj\u00eb marr\u00ebveshje me partin\u00eb SPD, e ekstremit t\u00eb djatht\u00eb, e cila ka b\u00ebr\u00eb thirrje p\u00ebr daljen e \u00c7ekis\u00eb nga Bashkimi Evropian dhe NATO.<\/span><\/p>\n<p data-start=\"997\" data-end=\"1343\"><span style=\"color: #000000;\">Zgjedhjet jan\u00eb ndjekur nga af\u00ebr nga partner\u00ebt per\u00ebndimor\u00eb, p\u00ebr shkak t\u00eb ndikimit t\u00eb mundsh\u00ebm n\u00eb pozicionin e \u00c7ekis\u00eb ndaj Ukrain\u00ebs dhe politikave t\u00eb BE-s\u00eb. K\u00ebshilltari p\u00ebr \u00e7\u00ebshtje t\u00eb jashtme i presidentit \u00e7ek, Jan Machacek, paralajm\u00ebroi se mb\u00ebshtetja e SPD-s\u00eb do t\u00eb krijonte \u201cnj\u00eb situat\u00eb shum\u00eb t\u00eb rrezikshme p\u00ebr politik\u00ebn e jashtme t\u00eb vendit\u201d.<\/span><\/p>\n<p data-start=\"1345\" data-end=\"1604\"><span style=\"color: #000000;\">Machacek theksoi se SPD \u00ebsht\u00eb nj\u00eb parti proruse, e ashp\u00ebr ndaj Ukrain\u00ebs dhe kund\u00ebr BE-s\u00eb. Kjo ka rritur shqet\u00ebsimet p\u00ebr nj\u00eb devijim t\u00eb mundsh\u00ebm t\u00eb \u00c7ekis\u00eb nga kursi proevropian dhe pro-NATO, ndon\u00ebse vet\u00eb Babi\u0161 ka mohuar se synon nj\u00eb largim nga k\u00ebto organizata.<\/span><\/p>\n<p data-start=\"1650\" data-end=\"1911\"><span style=\"color: #000000;\">Analist\u00ebt vler\u00ebsojn\u00eb se mund\u00ebsit\u00eb p\u00ebr krijimin e nj\u00eb koalicioni stabil jan\u00eb t\u00eb kufizuara. Jiri Pehe, komentator politik, vler\u00ebson se bashk\u00ebpunimi me SPD apo parti t\u00eb vogla si &#8220;Motorist\u00ebt&#8221; \u2013 q\u00eb hyn p\u00ebr her\u00eb t\u00eb par\u00eb n\u00eb parlament \u2013 nuk e garanton stabilitetin.<\/span><\/p>\n<p data-start=\"1913\" data-end=\"2151\"><span style=\"color: #000000;\">Nga ana tjet\u00ebr, partit\u00eb aktuale n\u00eb pushtet e kan\u00eb p\u00ebrjashtuar mund\u00ebsin\u00eb e nj\u00eb koalicioni me Babi\u0161in, i cili n\u00eb t\u00eb kaluar\u00ebn \u00ebsht\u00eb kritikuar p\u00ebr retorik\u00ebn euroskeptike dhe q\u00ebndrimet e tij t\u00eb af\u00ebrta me lider\u00eb si Viktor Orban dhe Robert Fico.<\/span><\/p>\n<p data-start=\"2153\" data-end=\"2354\"><span style=\"color: #000000;\">Megjithat\u00eb, Pehe kujton se Babi\u0161, si biznesmen me interesa n\u00eb Per\u00ebndim, ka treguar pragmatiz\u00ebm gjat\u00eb mandatit t\u00eb tij t\u00eb par\u00eb dhe nuk pritet t\u00eb ndjek\u00eb deri n\u00eb fund shembullin e aleat\u00ebve t\u00eb tij rajonal\u00eb.<\/span><\/p>\n<p data-start=\"2356\" data-end=\"2578\"><span style=\"color: #000000;\">Q\u00eb nga fillimi i luft\u00ebs n\u00eb Ukrain\u00eb, \u00c7ekia ka ndaluar importin e naft\u00ebs ruse dhe ka reduktuar ndjesh\u00ebm var\u00ebsin\u00eb nga gazi, n\u00eb dallim nga Hungaria dhe Sllovakia, q\u00eb vazhdojn\u00eb t\u00eb jen\u00eb t\u00eb varura nga furnizimet energjetike ruse.<\/span><\/p>\n","protected":false,"gt_translate_keys":[{"key":"rendered","format":"html"}]},"excerpt":{"rendered":"<p>Ish-kryeministri i \u00c7ekis\u00eb, Andrej Babi\u0161, ka sh\u00ebnuar nj\u00eb rikthim t\u00eb bujsh\u00ebm n\u00eb sken\u00ebn politike, duke dal\u00eb fitues n\u00eb zgjedhjet parlamentare, kat\u00ebr vite pas largimit nga pushteti. Megjithat\u00eb, pavar\u00ebsisht rezultatit t\u00eb qart\u00eb p\u00ebr partin\u00eb e tij ANO, ai nuk ka siguruar shumic\u00ebn n\u00eb parlament dhe p\u00ebrballet tani me negociata t\u00eb v\u00ebshtira p\u00ebr t\u00eb formuar nj\u00eb koalicion [&hellip;]<\/p>\n","protected":false,"gt_translate_keys":[{"key":"rendered","format":"html"}]},"author":32,"featured_media":764080,"comment_status":"closed","ping_status":"open","sticky":false,"template":"","format":"standard","meta":{"footnotes":""},"categories":[6],"tags":[],"class_list":["post-764079","post","type-post","status-publish","format-standard","has-post-thumbnail","hentry","category-nderkombetare"],"gt_translate_keys":[{"key":"link","format":"url"}],"_links":{"self":[{"href":"https:\/\/www.hashtag.al\/index.php\/wp-json\/wp\/v2\/posts\/764079","targetHints":{"allow":["GET"]}}],"collection":[{"href":"https:\/\/www.hashtag.al\/index.php\/wp-json\/wp\/v2\/posts"}],"about":[{"href":"https:\/\/www.hashtag.al\/index.php\/wp-json\/wp\/v2\/types\/post"}],"author":[{"embeddable":true,"href":"https:\/\/www.hashtag.al\/index.php\/wp-json\/wp\/v2\/users\/32"}],"replies":[{"embeddable":true,"href":"https:\/\/www.hashtag.al\/index.php\/wp-json\/wp\/v2\/comments?post=764079"}],"version-history":[{"count":99999,"href":"https:\/\/www.hashtag.al\/index.php\/wp-json\/wp\/v2\/posts\/764079\/revisions"}],"predecessor-version":[{"id":764081,"href":"https:\/\/www.hashtag.al\/index.php\/wp-json\/wp\/v2\/posts\/764079\/revisions\/764081"}],"wp:featuredmedia":[{"embeddable":true,"href":"https:\/\/www.hashtag.al\/index.php\/wp-json\/wp\/v2\/media\/764080"}],"wp:attachment":[{"href":"https:\/\/www.hashtag.al\/index.php\/wp-json\/wp\/v2\/media?parent=764079"}],"wp:term":[{"taxonomy":"category","embeddable":true,"href":"https:\/\/www.hashtag.al\/index.php\/wp-json\/wp\/v2\/categories?post=764079"},{"taxonomy":"post_tag","embeddable":true,"href":"https:\/\/www.hashtag.al\/index.php\/wp-json\/wp\/v2\/tags?post=764079"}],"curies":[{"name":"wp","href":"https:\/\/api.w.org\/{rel}","templated":true}]}}