{"id":763674,"date":"2025-10-02T20:13:47","date_gmt":"2025-10-02T18:13:47","guid":{"rendered":"https:\/\/www.hashtag.al\/?p=763674"},"modified":"2025-10-02T20:13:47","modified_gmt":"2025-10-02T18:13:47","slug":"prapaskenat-e-perplasjes-merz-kunder-von-der-leyen-mbi-rolin-e-be-se-kerkon-qe-berlini-te-rimarre-frenat-e-evropes","status":"publish","type":"post","link":"https:\/\/www.hashtag.al\/index.php\/2025\/10\/02\/prapaskenat-e-perplasjes-merz-kunder-von-der-leyen-mbi-rolin-e-be-se-kerkon-qe-berlini-te-rimarre-frenat-e-evropes\/","title":{"rendered":"Prapaskenat e p\u00ebrplasjes\/ Merz kund\u00ebr Von der Leyen mbi rolin e BE-s\u00eb, k\u00ebrkon q\u00eb Berlini t\u00eb rimarr\u00eb frenat e Evrop\u00ebs","gt_translate_keys":[{"key":"rendered","format":"text"}]},"content":{"rendered":"<p><a href=\"https:\/\/www.hashtag.al\/wp-content\/uploads\/2025\/10\/merzvonderleyen.jpg\"><img loading=\"lazy\" decoding=\"async\" class=\"aligncenter size-full wp-image-763675\" src=\"https:\/\/www.hashtag.al\/wp-content\/uploads\/2025\/10\/merzvonderleyen.jpg\" alt=\"\" width=\"768\" height=\"432\" srcset=\"https:\/\/www.hashtag.al\/wp-content\/uploads\/2025\/10\/merzvonderleyen.jpg 768w, https:\/\/www.hashtag.al\/wp-content\/uploads\/2025\/10\/merzvonderleyen-300x169.jpg 300w\" sizes=\"auto, (max-width: 768px) 100vw, 768px\" \/><\/a><\/p>\n<p><span style=\"color: #000000;\">Friedrich Merz d\u00ebshiron ta shoh\u00eb Gjermanin\u00eb duke drejtuar s\u00ebrish vendimet m\u00eb t\u00eb r\u00ebnd\u00ebsishme n\u00eb Europ\u00eb.<\/span><\/p>\n<p><span style=\"color: #000000;\">Kjo \u00ebsht\u00eb ajo q\u00eb Kancelari i vendit u ka th\u00ebn\u00eb bashk\u00ebpun\u00ebtor\u00ebve t\u00eb qendr\u00ebs s\u00eb djatht\u00eb n\u00eb takimet e fundit, sipas nj\u00eb diplomati t\u00eb pranish\u00ebm gjat\u00eb k\u00ebtyre komenteve. Implikimi, shtoi diplomati, \u00ebsht\u00eb i prer\u00eb: Merz po merr kontrollin.<\/span><\/p>\n<p><span style=\"color: #000000;\">Kjo po e \u00e7on at\u00eb n\u00eb nj\u00eb kurs p\u00ebrplasjeje me Ursula von der Leyen, kryeekzekutiven e Bashkimit Europian.<\/span><\/p>\n<p><span style=\"color: #000000;\">Von der Leyen ka forcuar pushtetin n\u00eb Komisionin Europian vitet e fundit, duke ndjekur nj\u00eb qasje m\u00eb t\u00eb p\u00ebrqendruar te Brukseli p\u00ebr krizat e p\u00ebrhershme t\u00eb kontinentit. Megjithat\u00eb, Merz tani po p\u00ebrpiqet ta t\u00ebrheq\u00eb pushtetin s\u00ebrish drejt Berlinit, duke e kund\u00ebrshtuar publikisht von der Leyen-in p\u00ebr \u00e7\u00ebshtje si tregtia, buxheti i BE-s\u00eb, politika e gjelb\u00ebr dhe mbrojtja.<\/span><\/p>\n<p><span style=\"color: #000000;\"><em><i>&#8220;Ne duhet t\u00eb v\u00ebm\u00eb tani nj\u00eb shkop n\u00eb rrotat e k\u00ebsaj makinerie n\u00eb Bruksel,&#8221;<\/i><\/em>\u00a0tha Merz t\u00eb premten, duke folur me drejtues biznesi.<\/span><\/p>\n<p><span style=\"color: #000000;\">Kryq\u00ebzata e Kancelarit ka implikime t\u00eb thella p\u00ebr BE-n\u00eb. Nd\u00ebrsa von der Leyen po e afron BE-n\u00eb m\u00eb shum\u00eb me nj\u00eb t\u00eb ardhme federale, Merz d\u00ebshiron ta ndaloj\u00eb k\u00ebt\u00eb vrull, t\u00eb rishikoj\u00eb politikat ky\u00e7e t\u00eb BE-s\u00eb dhe t\u00eb riafirmoj\u00eb pushtetin e qeverive komb\u00ebtare mbi burokracin\u00eb e Brukselit. Ai do e paraqes\u00eb iden\u00eb e tij para krer\u00ebve t\u00eb tjer\u00eb t\u00eb BE-s\u00eb t\u00eb m\u00ebrkur\u00ebn n\u00eb nj\u00eb samit n\u00eb Kopenhagen, duke premtuar nj\u00eb &#8220;list\u00eb t\u00eb sakt\u00eb k\u00ebrkesash.&#8221;<\/span><\/p>\n<p><span style=\"color: #000000;\"><em><i>&#8220;Gjermania d\u00ebshiron t\u00eb d\u00ebgjohet,&#8221;<\/i><\/em>\u00a0tha Dolors Montserrat, an\u00ebtare e Parlamentit Europian dhe Sekretare e P\u00ebrgjithshme e Partis\u00eb Popullore Europiane t\u00eb qendr\u00ebs s\u00eb djatht\u00eb (EPP), q\u00eb \u00ebsh\u00eb familja politike si p\u00ebr Merz-in, ashtu edhe p\u00ebr Bashkimin Kristian Demokrat (CDU) t\u00eb Von der Leyen-it.<\/span><\/p>\n<p><a href=\"https:\/\/www.hashtag.al\/wp-content\/uploads\/2025\/10\/mez5.jpg\"><img loading=\"lazy\" decoding=\"async\" class=\"aligncenter size-full wp-image-763676\" src=\"https:\/\/www.hashtag.al\/wp-content\/uploads\/2025\/10\/mez5.jpg\" alt=\"\" width=\"1200\" height=\"800\" srcset=\"https:\/\/www.hashtag.al\/wp-content\/uploads\/2025\/10\/mez5.jpg 1200w, https:\/\/www.hashtag.al\/wp-content\/uploads\/2025\/10\/mez5-300x200.jpg 300w, https:\/\/www.hashtag.al\/wp-content\/uploads\/2025\/10\/mez5-1024x683.jpg 1024w, https:\/\/www.hashtag.al\/wp-content\/uploads\/2025\/10\/mez5-768x512.jpg 768w\" sizes=\"auto, (max-width: 1200px) 100vw, 1200px\" \/><\/a><\/p>\n<p><span style=\"color: #000000;\"><strong><b>Kritikat e Merz-it<\/b><\/strong><\/span><\/p>\n<p><span style=\"color: #000000;\">Brenda disa jav\u00ebsh pas marrjes s\u00eb detyr\u00ebs n\u00eb maj, Merz filloi t\u00eb kritikonte publikisht von der Leyen-in, Komisioni Europian i s\u00eb cil\u00ebs propozon legjislacionin e BE-s\u00eb.<\/span><\/p>\n<p><span style=\"color: #000000;\">N\u00eb korrik, von der Leyen propozoi zgjerimin e buxhetit t\u00eb ardhsh\u00ebm afatgjat\u00eb t\u00eb BE-s\u00eb n\u00eb 2 trilion\u00eb euro dhe sugjeroi taksa t\u00eb reja. Merz e hodhi posht\u00eb iden\u00eb n\u00eb m\u00ebnyr\u00eb t\u00eb drejtp\u00ebrdrejt\u00eb, madje edhe p\u00ebr standardet e tij.<\/span><\/p>\n<p><span style=\"color: #000000;\"><em><i>&#8220;P\u00ebr Gjermanin\u00eb, mund ta p\u00ebrjashtoj q\u00eb ne do ndjekim nj\u00eb rrug\u00eb t\u00eb till\u00eb,&#8221;<\/i><\/em>\u00a0tha ai.<\/span><\/p>\n<p><span style=\"color: #000000;\"><em><i>&#8220;Ne nuk do e b\u00ebjm\u00eb k\u00ebt\u00eb.&#8221;<\/i><\/em><\/span><\/p>\n<p><span style=\"color: #000000;\">Po at\u00eb muaj, ai u ankua p\u00ebr negociatat shpesh t\u00eb zgjatura t\u00eb BE-s\u00eb nd\u00ebrsa p\u00ebrpiqej t\u00eb arrinte nj\u00eb marr\u00ebveshje tregtare me Presidentin e SHBA-s\u00eb, Donald Trump.<\/span><\/p>\n<p><span style=\"color: #000000;\"><em><i>&#8220;M\u00eb mir\u00eb shpejt dhe leht\u00eb sesa gjat\u00eb dhe komplikuar,&#8221;<\/i><\/em>\u00a0tha ai.<\/span><\/p>\n<p><span style=\"color: #000000;\">Dhe kur von der Leyen m\u00eb n\u00eb fund arriti nj\u00eb marr\u00ebveshje me shtr\u00ebngim duarsh me Trump-in, duke vendosur nj\u00eb tarif\u00eb 15% p\u00ebr shumic\u00ebn e mallrave t\u00eb BE-s\u00eb q\u00eb hyjn\u00eb n\u00eb SHBA, Merz ishte i pak\u00ebnaqur: <em><i>&#8220;Ekonomia gjermane do p\u00ebsoj\u00eb d\u00ebme t\u00eb konsiderueshme nga k\u00ebto tarifa.&#8221;<\/i><\/em><\/span><\/p>\n<p><a href=\"https:\/\/www.hashtag.al\/wp-content\/uploads\/2025\/10\/merz2.jpg\"><img loading=\"lazy\" decoding=\"async\" class=\"aligncenter size-full wp-image-763678\" src=\"https:\/\/www.hashtag.al\/wp-content\/uploads\/2025\/10\/merz2.jpg\" alt=\"\" width=\"1200\" height=\"800\" srcset=\"https:\/\/www.hashtag.al\/wp-content\/uploads\/2025\/10\/merz2.jpg 1200w, https:\/\/www.hashtag.al\/wp-content\/uploads\/2025\/10\/merz2-300x200.jpg 300w, https:\/\/www.hashtag.al\/wp-content\/uploads\/2025\/10\/merz2-1024x683.jpg 1024w, https:\/\/www.hashtag.al\/wp-content\/uploads\/2025\/10\/merz2-768x512.jpg 768w\" sizes=\"auto, (max-width: 1200px) 100vw, 1200px\" \/><\/a><\/p>\n<p><strong><span style=\"color: #000000;\">Vizioni i Merz-it kund\u00ebr qasjes federale t\u00eb BE-s\u00eb<\/span><\/strong><\/p>\n<p><span style=\"color: #000000;\">Ky kund\u00ebrsulm shp\u00ebrfaq konturet e vizionit europian t\u00eb Merz-it &#8211; nj\u00eb vizion q\u00eb prioritetizon shqet\u00ebsimet e menj\u00ebhershme ekonomike, k\u00ebrkon fleksibilitet p\u00ebr vendet an\u00ebtare dhe synon marr\u00ebveshje t\u00eb shpejta dypal\u00ebshe, si\u00e7 \u00ebsht\u00eb ajo q\u00eb Gjermania arriti me Mbret\u00ebrin\u00eb e Bashkuar p\u00ebr t\u00eb zbutur pasojat e Brexit-it. Merz argumenton se BE-ja ka shkuar p\u00ebrtej kompetencave t\u00eb saj.<\/span><\/p>\n<p><span style=\"color: #000000;\"><em><i>&#8220;Thjesht nuk mund t\u00eb vazhdoj\u00eb k\u00ebshtu,&#8221;<\/i><\/em>\u00a0tha kancelari t\u00eb premten.<\/span><\/p>\n<p><span style=\"color: #000000;\">Shfaqja e pushtetit t\u00eb kancelarit n\u00eb BE po i sh\u00ebrben edhe audienc\u00ebs s\u00eb tij brenda vendit. Ai \u00ebsht\u00eb n\u00ebn presion p\u00ebr t\u00eb rimarr\u00eb n\u00eb konroll ekonomin\u00eb e Gjermanis\u00eb, e cila \u00ebsht\u00eb tkurrur vitet e fundit, pik\u00ebrisht nd\u00ebrsa Trump injekton turbulenca tregtare dhe partia e djatht\u00eb t\u00eb Gjermanis\u00eb, Alternativa p\u00ebr Gjermanin\u00eb (AfD), tani prin n\u00eb sondazhe p\u00ebrpara bllokut CDU\/CSU t\u00eb Merz-it.<\/span><\/p>\n<p><span style=\"color: #000000;\">Sudha David-Wilp, z\u00ebvend\u00ebspresidente e marr\u00ebdh\u00ebnieve t\u00eb jashtme dhe bashk\u00ebpun\u00ebtore e lart\u00eb n\u00eb Fondin Marshall Gjerman, u shpreh se: <em><i>&#8220;P\u00ebr nj\u00eb audienc\u00eb t\u00eb brendshme, Merz sigurisht q\u00eb duhet t\u00eb sigurohet q\u00eb Brukseli t\u00eb mos shkoj\u00eb p\u00ebrtej kompetencave, p\u00ebr shembull, kur b\u00ebhet fjal\u00eb p\u00ebr konkurrenc\u00ebn.&#8221;<\/i><\/em><\/span><\/p>\n<p><span style=\"color: #000000;\">N\u00eb t\u00eb v\u00ebrtet\u00eb, Merz duket i vendosur t\u00eb ndaloj\u00eb zgjerimin e pushtetit t\u00eb Von der Leyen, pik\u00ebrisht kur shefja e Komisionit, e cila \u00ebsht\u00eb n\u00eb mandatin e dyt\u00eb, po e thekson veten n\u00eb \u00e7\u00ebshtjet ekonomike, planifikimin e mbrojtjes dhe krizat e jashtme, duke p\u00ebrfshir\u00eb luft\u00ebn e Izraelit n\u00eb Gaza.<\/span><\/p>\n<p><span style=\"color: #000000;\">N\u00eb gusht, Von der Leyen tha se Europa po hartonte plane &#8220;t\u00eb sakta&#8221; p\u00ebr t\u00eb d\u00ebrguar trupa n\u00eb Ukrain\u00eb si pjes\u00eb e nj\u00eb force sigurie t\u00eb pasluft\u00ebs. Merz menj\u00ebher\u00eb e korrigjoi. Nj\u00eb plan i till\u00eb nuk ekzistonte, &#8220;t\u00eb pakt\u00ebn jo n\u00eb Gjermani,&#8221; tha Merz. Dhe kjo as q\u00eb ishte puna e saj, shtoi ai: <em><i>&#8220;Bashkimi Europian nuk \u00ebsht\u00eb p\u00ebrgjegj\u00ebs p\u00ebr k\u00ebt\u00eb,&#8221; <\/i><\/em>i tha Kancelari transmetuesit Sat1.<\/span><\/p>\n<p><span style=\"color: #000000;\">N\u00eb m\u00ebnyr\u00eb t\u00eb ngjashme, Berlini po b\u00ebn presion p\u00ebr t\u00eb garantuar q\u00eb qeverit\u00eb &#8211; dhe jo Brukseli &#8211; t\u00eb ken\u00eb fjal\u00ebn e fundit p\u00ebr t\u00eb gjitha blerjet e arm\u00ebve, nd\u00ebrsa Europa derdh qindra miliarda n\u00eb shpenzimet e reja ushtarake.<\/span><\/p>\n<p><span style=\"color: #000000;\"><em><i>&#8220;Gjermania \u00ebsht\u00eb e gatshme t\u00eb marr\u00eb nj\u00eb rol udh\u00ebheq\u00ebs,&#8221;<\/i><\/em>\u00a0shpalli n\u00eb nj\u00eb propozim t\u00eb fundit p\u00ebr t\u00eb p\u00ebrshpejtuar projektet e p\u00ebrbashk\u00ebta t\u00eb riarmatimit.<\/span><\/p>\n<p><span style=\"color: #000000;\">\u00cbsht\u00eb e r\u00ebnd\u00ebsishme t\u00eb theksohet se propozimi erdhi pasi Von der Leyen hodhi iden\u00eb e nj\u00eb qasjeje m\u00eb t\u00eb p\u00ebrqendruar te Komisioni.<\/span><\/p>\n<p><span style=\"color: #000000;\">Merz dhe Von der Leyen gjithashtu mund t\u00eb ndahen s\u00eb shpejti p\u00ebr \u00e7\u00ebshtjen e Izraelit. Komisioni s\u00eb fundmi propozoi t&#8217;i hiqen Izraelit privilegje t\u00eb caktuara tregtare, nj\u00eb pozicion i v\u00ebshtir\u00eb p\u00ebr t&#8217;u mb\u00ebshtetur nga CDU-ja e Merz-it. Por Kancelari po p\u00ebrballet edhe me presion p\u00ebr t\u00eb mb\u00ebshtetur mas\u00ebn nga Partia Social Demokrate, partneri i tij i vog\u00ebl i koalicionit. Merz ka premtuar nj\u00eb vendim deri n\u00eb samitin e krer\u00ebve t\u00eb BE-s\u00eb. Von der Leyen do jet\u00eb atje p\u00ebr t\u00eb d\u00ebgjuar vendimin.<\/span><\/p>\n<p><span style=\"color: #000000;\">Kancelari do \u00a0p\u00ebrcaktoj\u00eb m\u00eb tej vizionin e tij p\u00ebr BE-n\u00eb n\u00eb nj\u00eb takim t\u00eb kabinetit t\u00eb mart\u00ebn dhe n\u00eb nj\u00eb takim me presidentin francez Emmanuel Macron t\u00eb premten.<\/span><\/p>\n<p><a href=\"https:\/\/www.hashtag.al\/wp-content\/uploads\/2025\/10\/merz4.jpg\"><img loading=\"lazy\" decoding=\"async\" class=\"aligncenter size-full wp-image-763677\" src=\"https:\/\/www.hashtag.al\/wp-content\/uploads\/2025\/10\/merz4.jpg\" alt=\"\" width=\"1200\" height=\"812\" srcset=\"https:\/\/www.hashtag.al\/wp-content\/uploads\/2025\/10\/merz4.jpg 1200w, https:\/\/www.hashtag.al\/wp-content\/uploads\/2025\/10\/merz4-300x203.jpg 300w, https:\/\/www.hashtag.al\/wp-content\/uploads\/2025\/10\/merz4-1024x693.jpg 1024w, https:\/\/www.hashtag.al\/wp-content\/uploads\/2025\/10\/merz4-768x520.jpg 768w\" sizes=\"auto, (max-width: 1200px) 100vw, 1200px\" \/><\/a><\/p>\n<p><span style=\"color: #000000;\"><strong><b>Rival\u00eb t\u00eb vjet\u00ebr<\/b><\/strong><\/span><\/p>\n<p><span style=\"color: #000000;\">Merz dhe Von der Leyen mund t\u00eb jen\u00eb t\u00eb dy konservator\u00eb gjerman\u00eb, por ata vijn\u00eb nga fraksione konkurruese t\u00eb CDU-s\u00eb. Megjithat\u00eb, dyshja ka krijuar nj\u00eb marr\u00ebdh\u00ebnie pune t\u00eb besueshme vitet e fundit, sipas zyrtar\u00ebve t\u00eb lart\u00eb si n\u00eb Berlin, ashtu edhe n\u00eb Bruksel.<\/span><\/p>\n<p><span style=\"color: #000000;\">Pasi Merz u b\u00eb kreu i opozit\u00ebs s\u00eb Gjermanis\u00eb n\u00eb vitin 2022, gjat\u00eb mandatit t\u00eb Kancelarit t\u00eb qendr\u00ebs s\u00eb majt\u00eb Olaf Scholz, ai filloi t\u00eb fliste me Von der Leyen \u00e7do jav\u00eb, sipas nj\u00eb personi t\u00eb njohur me dinamik\u00ebn. Gjat\u00eb nj\u00eb takimi fiks t\u00eb dielave, dy konservator\u00ebt bashk\u00ebrendonin strategjit\u00eb politike.<\/span><\/p>\n<p><span style=\"color: #000000;\">Ky raport ka vijuar edhe gjat\u00eb koh\u00ebs q\u00eb Merz \u00ebsht\u00eb n\u00eb detyr\u00eb. Kur Kancelari i ri udh\u00ebtoi p\u00ebr n\u00eb Bruksel tre dit\u00eb pasi mori pushtetin, ai dhe Von der Leyen p\u00ebrdor\u00ebn form\u00ebn joformale &#8220;du&#8221; (ti) me nj\u00ebri-tjetrin n\u00eb gjermanisht, kujtoi nj\u00eb zyrtar i BE-s\u00eb i njohur me bised\u00ebn, duke shprehur habi duke pasur parasysh historin\u00eb politike t\u00eb \u00e7iftit dhe mjedisin profesional.<\/span><\/p>\n<p><span style=\"color: #000000;\">Megjithat\u00eb, Merz po e p\u00ebrdorte udh\u00ebtimin e tij gjithashtu p\u00ebr t\u00eb theksuar se \u00e7\u00ebshtjet e BE-s\u00eb ishin thelb\u00ebsore p\u00ebr axhend\u00ebn e tij.<\/span><\/p>\n<p><span style=\"color: #000000;\">Kjo sinjalizoi nj\u00eb kthes\u00eb t\u00eb mpreht\u00eb personaliteti krahasiar me Scholz. Ish-kancelari gjerman ishte i njohur p\u00ebr q\u00ebndrimin ulur n\u00eb heshtje p\u00ebr or\u00eb t\u00eb t\u00ebra kur krer\u00ebt e BE-s\u00eb mblidheshin n\u00eb Bruksel. Nj\u00eb her\u00eb, nj\u00eb kryetar tjet\u00ebr i BE-s\u00eb madje e pyeti Scholz-in n\u00ebse donte t\u00eb fliste.<\/span><\/p>\n<p><span style=\"color: #000000;\"><em><i>&#8220;Jo&#8221;<\/i><\/em>\u00a0kund\u00ebrshtoi Scholz.<\/span><\/p>\n<p><span style=\"color: #000000;\">Nj\u00eb zyrtar i af\u00ebrt me Von der Leyen-in k\u00ebmb\u00ebnguli se ambiciet e Merz-it n\u00eb t\u00eb v\u00ebrtet\u00eb e b\u00ebjn\u00eb BE-n\u00eb m\u00eb t\u00eb fort\u00eb. BE-ja nuk mund t\u00eb funksionoj\u00eb n\u00eb kapacitet t\u00eb plot\u00eb pa drejtues komb\u00ebtar\u00eb si Merz q\u00eb luajn\u00eb nj\u00eb rol t\u00eb madh, argumentoi zyrtari.<\/span><\/p>\n<p><span style=\"color: #000000;\"><em><i>&#8220;T\u00eb dy duhet t\u00eb punojn\u00eb dor\u00eb p\u00ebr dore sepse Gjermania \u00ebsht\u00eb tregu m\u00eb i madh n\u00eb Europ\u00eb dhe kontribuuesi m\u00eb i madh n\u00eb buxhetin e BE-s\u00eb,&#8221;<\/i><\/em> tha David-Wilp.<\/span><\/p>\n<p><span style=\"color: #000000;\">Dhe Merz ende shpreh admirim p\u00ebr Von der Leyen, madje duke e nderuar at\u00eb nd\u00ebrsa merrte \u00c7mimin Charlemagne p\u00ebr p\u00ebparimin e Bashkimit Europian.<\/span><\/p>\n<p><span style=\"color: #000000;\"><em><i>&#8220;E dashur Ursula, ti i jep Europ\u00ebs nj\u00eb z\u00eb n\u00eb bot\u00eb, nj\u00eb z\u00eb Europian,&#8221;<\/i><\/em>\u00a0tha ai.<\/span><\/p>\n<p><span style=\"color: #000000;\">Megjithat\u00eb, ajo q\u00eb d\u00ebshiron Merz p\u00ebr Europ\u00ebn k\u00ebrkon nj\u00eb z\u00eb m\u00eb t\u00eb ul\u00ebt t\u00eb Von der Leyen-it.<\/span><\/p>\n<p><span style=\"color: #000000;\">Europian\u00ebt, argumentoi ai t\u00eb premten, mendojn\u00eb se Brukseli &#8220;po nd\u00ebrhyn gjithnj\u00eb e m\u00eb shum\u00eb n\u00eb jet\u00ebn e p\u00ebrditshme t\u00eb njer\u00ebzve me kompetenca q\u00eb BE-ja thjesht nuk i ka.&#8221;<\/span><\/p>\n<p><span style=\"color: #000000;\"><span style=\"color: #ff0000;\"><strong>VINI RE<\/strong><\/span>: Ky material \u00ebsht\u00eb pron\u00ebsi intelektuale e <span style=\"color: #0000ff;\"><a style=\"color: #0000ff;\" href=\"https:\/\/www.bloomberg.com\/news\/articles\/2025-09-30\/merz-targets-von-der-leyen-with-german-power-flex\">Bloomberg<\/a><\/span><\/span><\/p>\n<p><span style=\"color: #000000;\">P\u00ebrgatiti p\u00ebr <span style=\"color: #0000ff;\">Hashtag.al,<\/span> Klodian Manjani<\/span><\/p>\n","protected":false,"gt_translate_keys":[{"key":"rendered","format":"html"}]},"excerpt":{"rendered":"<p>Friedrich Merz d\u00ebshiron ta shoh\u00eb Gjermanin\u00eb duke drejtuar s\u00ebrish vendimet m\u00eb t\u00eb r\u00ebnd\u00ebsishme n\u00eb Europ\u00eb. Kjo \u00ebsht\u00eb ajo q\u00eb Kancelari i vendit u ka th\u00ebn\u00eb bashk\u00ebpun\u00ebtor\u00ebve t\u00eb qendr\u00ebs s\u00eb djatht\u00eb n\u00eb takimet e fundit, sipas nj\u00eb diplomati t\u00eb pranish\u00ebm gjat\u00eb k\u00ebtyre komenteve. Implikimi, shtoi diplomati, \u00ebsht\u00eb i prer\u00eb: Merz po merr kontrollin. Kjo po e [&hellip;]<\/p>\n","protected":false,"gt_translate_keys":[{"key":"rendered","format":"html"}]},"author":51,"featured_media":763675,"comment_status":"closed","ping_status":"open","sticky":false,"template":"","format":"standard","meta":{"footnotes":""},"categories":[22],"tags":[],"class_list":["post-763674","post","type-post","status-publish","format-standard","has-post-thumbnail","hentry","category-ballina"],"gt_translate_keys":[{"key":"link","format":"url"}],"_links":{"self":[{"href":"https:\/\/www.hashtag.al\/index.php\/wp-json\/wp\/v2\/posts\/763674","targetHints":{"allow":["GET"]}}],"collection":[{"href":"https:\/\/www.hashtag.al\/index.php\/wp-json\/wp\/v2\/posts"}],"about":[{"href":"https:\/\/www.hashtag.al\/index.php\/wp-json\/wp\/v2\/types\/post"}],"author":[{"embeddable":true,"href":"https:\/\/www.hashtag.al\/index.php\/wp-json\/wp\/v2\/users\/51"}],"replies":[{"embeddable":true,"href":"https:\/\/www.hashtag.al\/index.php\/wp-json\/wp\/v2\/comments?post=763674"}],"version-history":[{"count":99999,"href":"https:\/\/www.hashtag.al\/index.php\/wp-json\/wp\/v2\/posts\/763674\/revisions"}],"predecessor-version":[{"id":763680,"href":"https:\/\/www.hashtag.al\/index.php\/wp-json\/wp\/v2\/posts\/763674\/revisions\/763680"}],"wp:featuredmedia":[{"embeddable":true,"href":"https:\/\/www.hashtag.al\/index.php\/wp-json\/wp\/v2\/media\/763675"}],"wp:attachment":[{"href":"https:\/\/www.hashtag.al\/index.php\/wp-json\/wp\/v2\/media?parent=763674"}],"wp:term":[{"taxonomy":"category","embeddable":true,"href":"https:\/\/www.hashtag.al\/index.php\/wp-json\/wp\/v2\/categories?post=763674"},{"taxonomy":"post_tag","embeddable":true,"href":"https:\/\/www.hashtag.al\/index.php\/wp-json\/wp\/v2\/tags?post=763674"}],"curies":[{"name":"wp","href":"https:\/\/api.w.org\/{rel}","templated":true}]}}