{"id":763669,"date":"2025-10-02T20:04:34","date_gmt":"2025-10-02T18:04:34","guid":{"rendered":"https:\/\/www.hashtag.al\/?p=763669"},"modified":"2025-10-02T20:04:34","modified_gmt":"2025-10-02T18:04:34","slug":"pershkallezohet-perplasja-kolumbi-izrael","status":"publish","type":"post","link":"https:\/\/www.hashtag.al\/index.php\/2025\/10\/02\/pershkallezohet-perplasja-kolumbi-izrael\/","title":{"rendered":"P\u00ebrshkall\u00ebzohet p\u00ebrplasja Kolumbi-Izrael","gt_translate_keys":[{"key":"rendered","format":"text"}]},"content":{"rendered":"<p><a href=\"https:\/\/www.hashtag.al\/wp-content\/uploads\/2025\/10\/petro.jpg\"><img loading=\"lazy\" decoding=\"async\" class=\"aligncenter size-full wp-image-763672\" src=\"https:\/\/www.hashtag.al\/wp-content\/uploads\/2025\/10\/petro.jpg\" alt=\"\" width=\"768\" height=\"432\" srcset=\"https:\/\/www.hashtag.al\/wp-content\/uploads\/2025\/10\/petro.jpg 768w, https:\/\/www.hashtag.al\/wp-content\/uploads\/2025\/10\/petro-300x169.jpg 300w\" sizes=\"auto, (max-width: 768px) 100vw, 768px\" \/><\/a><\/p>\n<p><span style=\"color: #000000;\">Presidenti i Kolumbis\u00eb, Gustavo Petro, ka njoftuar d\u00ebbimin e t\u00eb gjith\u00eb diplomat\u00ebve izraelit\u00eb t\u00eb mbetur pas nd\u00ebrhyrjes dhe sekuestrimit t\u00eb flot\u00ebs s\u00eb Gaz\u00ebs nga Marina Izraelite.<\/span><\/p>\n<p><span style=\"color: #000000;\">Zyra e Petro-s tha se dy shtetas kolumbian\u00eb ishin n\u00eb mesin e atyre n\u00eb bordin e anijeve t\u00eb sekuestruara dhe k\u00ebrkoi lirimin e tyre t\u00eb menj\u00ebhersh\u00ebm.<\/span><\/p>\n<p><span style=\"color: #000000;\">Kolumbian\u00ebt ishin &#8220;t\u00eb angazhuar n\u00eb veprimtari humanitare n\u00eb solidaritet me Palestin\u00ebn,&#8221; shkroi Petro n\u00eb X t\u00eb m\u00ebrkur\u00ebn, duke shtuar se po pezullohet gjithashtu nj\u00eb marr\u00ebveshje e tregtis\u00eb s\u00eb lir\u00eb me Izraelin, shkruan <span style=\"color: #0000ff;\"><a style=\"color: #0000ff;\" href=\"https:\/\/rurtnews.com\/news\/625728-colombia-expels-israeli-diplomats\/\">Rt<\/a><\/span>.<\/span><\/p>\n<p><span style=\"color: #000000;\">Flotilja, e cila u nis nga Spanja muajin e kaluar, mbante aktivist\u00eb nga m\u00eb shum\u00eb se 40 vende, duke p\u00ebrfshir\u00eb aktivisten suedeze t\u00eb klim\u00ebs, Greta Thunberg, e cila ishte n\u00eb mesin e t\u00eb ndaluarve pasi Izraeli ndaloi disa anije t\u00eb m\u00ebrkur\u00ebn n\u00eb mbr\u00ebmje.<\/span><\/p>\n<p><span style=\"color: #000000;\">Zyrtar\u00ebt izraelit\u00eb e p\u00ebrshkruan flotiljen si nj\u00eb &#8220;provokim&#8221; q\u00eb nuk synonte d\u00ebrgimin e ndihm\u00ebs, por ndihm\u00ebn ndaj Hamasit.<\/span><\/p>\n<p><span style=\"color: #000000;\">Jav\u00ebn e kaluar, SHBA i revokoi viz\u00ebn Petro-s pasi ai u b\u00ebri thirrje ushtar\u00ebve amerikan\u00eb q\u00eb t\u00eb &#8220;mos i binden&#8221; urdhrave t\u00eb Presidentit Donald Trump. Ai i b\u00ebri k\u00ebto komente nd\u00ebrsa merrte pjes\u00eb n\u00eb sesionin e Asambles\u00eb s\u00eb P\u00ebrgjithshme t\u00eb OKB-s\u00eb n\u00eb Nju Jork.<\/span><\/p>\n","protected":false,"gt_translate_keys":[{"key":"rendered","format":"html"}]},"excerpt":{"rendered":"<p>Presidenti i Kolumbis\u00eb, Gustavo Petro, ka njoftuar d\u00ebbimin e t\u00eb gjith\u00eb diplomat\u00ebve izraelit\u00eb t\u00eb mbetur pas nd\u00ebrhyrjes dhe sekuestrimit t\u00eb flot\u00ebs s\u00eb Gaz\u00ebs nga Marina Izraelite. Zyra e Petro-s tha se dy shtetas kolumbian\u00eb ishin n\u00eb mesin e atyre n\u00eb bordin e anijeve t\u00eb sekuestruara dhe k\u00ebrkoi lirimin e tyre t\u00eb menj\u00ebhersh\u00ebm. Kolumbian\u00ebt ishin &#8220;t\u00eb [&hellip;]<\/p>\n","protected":false,"gt_translate_keys":[{"key":"rendered","format":"html"}]},"author":51,"featured_media":763672,"comment_status":"closed","ping_status":"open","sticky":false,"template":"","format":"standard","meta":{"footnotes":""},"categories":[53],"tags":[],"class_list":["post-763669","post","type-post","status-publish","format-standard","has-post-thumbnail","hentry","category-fast-foodi"],"gt_translate_keys":[{"key":"link","format":"url"}],"_links":{"self":[{"href":"https:\/\/www.hashtag.al\/index.php\/wp-json\/wp\/v2\/posts\/763669","targetHints":{"allow":["GET"]}}],"collection":[{"href":"https:\/\/www.hashtag.al\/index.php\/wp-json\/wp\/v2\/posts"}],"about":[{"href":"https:\/\/www.hashtag.al\/index.php\/wp-json\/wp\/v2\/types\/post"}],"author":[{"embeddable":true,"href":"https:\/\/www.hashtag.al\/index.php\/wp-json\/wp\/v2\/users\/51"}],"replies":[{"embeddable":true,"href":"https:\/\/www.hashtag.al\/index.php\/wp-json\/wp\/v2\/comments?post=763669"}],"version-history":[{"count":99999,"href":"https:\/\/www.hashtag.al\/index.php\/wp-json\/wp\/v2\/posts\/763669\/revisions"}],"predecessor-version":[{"id":763673,"href":"https:\/\/www.hashtag.al\/index.php\/wp-json\/wp\/v2\/posts\/763669\/revisions\/763673"}],"wp:featuredmedia":[{"embeddable":true,"href":"https:\/\/www.hashtag.al\/index.php\/wp-json\/wp\/v2\/media\/763672"}],"wp:attachment":[{"href":"https:\/\/www.hashtag.al\/index.php\/wp-json\/wp\/v2\/media?parent=763669"}],"wp:term":[{"taxonomy":"category","embeddable":true,"href":"https:\/\/www.hashtag.al\/index.php\/wp-json\/wp\/v2\/categories?post=763669"},{"taxonomy":"post_tag","embeddable":true,"href":"https:\/\/www.hashtag.al\/index.php\/wp-json\/wp\/v2\/tags?post=763669"}],"curies":[{"name":"wp","href":"https:\/\/api.w.org\/{rel}","templated":true}]}}