{"id":763628,"date":"2025-10-02T15:20:57","date_gmt":"2025-10-02T13:20:57","guid":{"rendered":"https:\/\/www.hashtag.al\/?p=763628"},"modified":"2025-10-02T15:20:57","modified_gmt":"2025-10-02T13:20:57","slug":"tabaku-iu-pergjigjet-komenteve-per-cmimet-e-larta-te-apartamenteve-ne-tirane-strehimi-eshte-luks-per-qytetaret","status":"publish","type":"post","link":"https:\/\/www.hashtag.al\/index.php\/2025\/10\/02\/tabaku-iu-pergjigjet-komenteve-per-cmimet-e-larta-te-apartamenteve-ne-tirane-strehimi-eshte-luks-per-qytetaret\/","title":{"rendered":"Tabaku iu p\u00ebrgjigjet komenteve p\u00ebr \u00e7mimet e larta t\u00eb apartamenteve: N\u00eb Tiran\u00eb, strehimi \u00ebsht\u00eb luks p\u00ebr qytetar\u00ebt","gt_translate_keys":[{"key":"rendered","format":"text"}]},"content":{"rendered":"<p><span style=\"color: #000000;\"><img loading=\"lazy\" decoding=\"async\" class=\"alignnone size-medium wp-image-736016\" src=\"https:\/\/www.hashtag.al\/wp-content\/uploads\/2025\/04\/1744810794_joridatabaku-300x169.jpg\" alt=\"\" width=\"300\" height=\"169\" srcset=\"https:\/\/www.hashtag.al\/wp-content\/uploads\/2025\/04\/1744810794_joridatabaku-300x169.jpg 300w, https:\/\/www.hashtag.al\/wp-content\/uploads\/2025\/04\/1744810794_joridatabaku-768x433.jpg 768w, https:\/\/www.hashtag.al\/wp-content\/uploads\/2025\/04\/1744810794_joridatabaku.jpg 780w\" sizes=\"auto, (max-width: 300px) 100vw, 300px\" \/><\/span><\/p>\n<p><span style=\"color: #000000;\">Deputetja e Partis\u00eb Demokratike, Jorida Tabaku, reagoi sot pas disa komenteve q\u00eb tentuan t\u00eb justifikojn\u00eb \u00e7mimet stratosferike t\u00eb apartamenteve n\u00eb Tiran\u00eb n\u00eb nj\u00eb video t\u00eb postuar dje prej saj, duke theksuar se realiteti \u00ebsht\u00eb krejt tjet\u00ebr p\u00ebr qytetar\u00ebt shqiptar\u00eb.<\/span><\/p>\n<p><span style=\"color: #000000;\">Ajo arsyetoi se nuk mund t\u00eb barazohet t\u00eb ardhurat n\u00eb vendet e BE me t\u00eb Shqip\u00ebris\u00eb duke shtuar se kostot n\u00eb Shqip\u00ebri jan\u00eb m\u00eb t\u00eb larta.<\/span><\/p>\n<p><span style=\"color: #000000;\"><em>\u201cSot t\u00eb blesh nj\u00eb apartament n\u00eb Tiran\u00eb, 70 m\u00b2, \u00ebsht\u00eb kthyer n\u00eb luks. Nj\u00eb shqiptar me pag\u00eb mesatare 75 mij\u00eb lek\u00eb ka nevoj\u00eb p\u00ebr 19 vite q\u00eb ta blej\u00eb. N\u00eb Athin\u00eb duhen 12 vite, n\u00eb Torino 6, n\u00eb qytete t\u00eb tjera europiane raporti \u00ebsht\u00eb shum\u00eb m\u00eb i p\u00ebrballuesh\u00ebm. N\u00eb Tiran\u00eb \u00ebsht\u00eb i paarritsh\u00ebm\u201d,<\/em> tha Tabaku.<\/span><\/p>\n<p><span style=\"color: #000000;\">Sipas saj, justifikimet p\u00ebr \u00e7mimet e larta bien posht\u00eb p\u00ebrball\u00eb realitetit: nj\u00eb fllusk\u00eb nd\u00ebrtimi e lidhur me pastrimin e parave dhe paga t\u00eb ul\u00ebta, ku 40% shkojn\u00eb vet\u00ebm p\u00ebr ushqime.<\/span><\/p>\n<p><span style=\"color: #000000;\">\u00a0\u201c<em>Ky model ekonomik i qeveris\u00eb ka kthyer apartamentin n\u00eb nj\u00eb produkt t\u00eb ndaluar jo vet\u00ebm p\u00ebr shtres\u00ebn e mesme, por p\u00ebr k\u00ebdo\u201d,<\/em> n\u00ebnvizoi ajo.<\/span><\/p>\n<p><span style=\"color: #000000;\">Tabaku k\u00ebrkoi ndryshimin e k\u00ebtij modeli q\u00eb, sipas saj, i ka l\u00ebn\u00eb qytetar\u00ebt pa mund\u00ebsi reale p\u00ebr t\u2019u strehuar dhe e ka shnd\u00ebrruar kryeqytetin n\u00eb nj\u00eb nga vendet m\u00eb t\u00eb pap\u00ebrballueshme n\u00eb bot\u00eb.<\/span><\/p>\n<p><iframe loading=\"lazy\" style=\"border: none; overflow: hidden;\" src=\"https:\/\/www.facebook.com\/plugins\/video.php?height=476&amp;href=https%3A%2F%2Fweb.facebook.com%2Freel%2F1560251368690843%2F&amp;show_text=false&amp;width=267&amp;t=0\" width=\"267\" height=\"476\" frameborder=\"0\" scrolling=\"no\" allowfullscreen=\"allowfullscreen\"><\/iframe><\/p>\n","protected":false,"gt_translate_keys":[{"key":"rendered","format":"html"}]},"excerpt":{"rendered":"<p>Deputetja e Partis\u00eb Demokratike, Jorida Tabaku, reagoi sot pas disa komenteve q\u00eb tentuan t\u00eb justifikojn\u00eb \u00e7mimet stratosferike t\u00eb apartamenteve n\u00eb Tiran\u00eb n\u00eb nj\u00eb video t\u00eb postuar dje prej saj, duke theksuar se realiteti \u00ebsht\u00eb krejt tjet\u00ebr p\u00ebr qytetar\u00ebt shqiptar\u00eb. Ajo arsyetoi se nuk mund t\u00eb barazohet t\u00eb ardhurat n\u00eb vendet e BE me t\u00eb Shqip\u00ebris\u00eb [&hellip;]<\/p>\n","protected":false,"gt_translate_keys":[{"key":"rendered","format":"html"}]},"author":32,"featured_media":736016,"comment_status":"closed","ping_status":"open","sticky":false,"template":"","format":"standard","meta":{"footnotes":""},"categories":[65],"tags":[],"class_list":["post-763628","post","type-post","status-publish","format-standard","has-post-thumbnail","hentry","category-lajme"],"gt_translate_keys":[{"key":"link","format":"url"}],"_links":{"self":[{"href":"https:\/\/www.hashtag.al\/index.php\/wp-json\/wp\/v2\/posts\/763628","targetHints":{"allow":["GET"]}}],"collection":[{"href":"https:\/\/www.hashtag.al\/index.php\/wp-json\/wp\/v2\/posts"}],"about":[{"href":"https:\/\/www.hashtag.al\/index.php\/wp-json\/wp\/v2\/types\/post"}],"author":[{"embeddable":true,"href":"https:\/\/www.hashtag.al\/index.php\/wp-json\/wp\/v2\/users\/32"}],"replies":[{"embeddable":true,"href":"https:\/\/www.hashtag.al\/index.php\/wp-json\/wp\/v2\/comments?post=763628"}],"version-history":[{"count":99999,"href":"https:\/\/www.hashtag.al\/index.php\/wp-json\/wp\/v2\/posts\/763628\/revisions"}],"predecessor-version":[{"id":763629,"href":"https:\/\/www.hashtag.al\/index.php\/wp-json\/wp\/v2\/posts\/763628\/revisions\/763629"}],"wp:featuredmedia":[{"embeddable":true,"href":"https:\/\/www.hashtag.al\/index.php\/wp-json\/wp\/v2\/media\/736016"}],"wp:attachment":[{"href":"https:\/\/www.hashtag.al\/index.php\/wp-json\/wp\/v2\/media?parent=763628"}],"wp:term":[{"taxonomy":"category","embeddable":true,"href":"https:\/\/www.hashtag.al\/index.php\/wp-json\/wp\/v2\/categories?post=763628"},{"taxonomy":"post_tag","embeddable":true,"href":"https:\/\/www.hashtag.al\/index.php\/wp-json\/wp\/v2\/tags?post=763628"}],"curies":[{"name":"wp","href":"https:\/\/api.w.org\/{rel}","templated":true}]}}