{"id":763626,"date":"2025-10-02T15:37:58","date_gmt":"2025-10-02T13:37:58","guid":{"rendered":"https:\/\/www.hashtag.al\/?p=763626"},"modified":"2025-10-02T15:37:58","modified_gmt":"2025-10-02T13:37:58","slug":"gjykata-e-larte-rrezon-rekursin-e-erion-veliajt-ish-kryebashkiaku-i-tiranes-mbetet-ne-burg","status":"publish","type":"post","link":"https:\/\/www.hashtag.al\/index.php\/2025\/10\/02\/gjykata-e-larte-rrezon-rekursin-e-erion-veliajt-ish-kryebashkiaku-i-tiranes-mbetet-ne-burg\/","title":{"rendered":"Gjykata e Lart\u00eb rr\u00ebzon rekursin e Erion Veliajt, ish-kryebashkiaku i Tiran\u00ebs mbetet n\u00eb burg","gt_translate_keys":[{"key":"rendered","format":"text"}]},"content":{"rendered":"<p><span style=\"color: #000000;\"><img loading=\"lazy\" decoding=\"async\" class=\"alignnone size-medium wp-image-729660\" src=\"https:\/\/www.hashtag.al\/wp-content\/uploads\/2025\/03\/1741722446_erionveliaj-300x169.jpg\" alt=\"\" width=\"300\" height=\"169\" srcset=\"https:\/\/www.hashtag.al\/wp-content\/uploads\/2025\/03\/1741722446_erionveliaj-300x169.jpg 300w, https:\/\/www.hashtag.al\/wp-content\/uploads\/2025\/03\/1741722446_erionveliaj-768x433.jpg 768w, https:\/\/www.hashtag.al\/wp-content\/uploads\/2025\/03\/1741722446_erionveliaj.jpg 780w\" sizes=\"auto, (max-width: 300px) 100vw, 300px\" \/><\/span><\/p>\n<p><span style=\"color: #000000;\">Gjykata e Lart\u00eb ka vendosur t\u00eb l\u00ebr\u00eb n\u00eb fuqi mas\u00ebn e siguris\u00eb \u201carrest me burg\u201d p\u00ebr ish-kryebashkiakun e Tiran\u00ebs, Erion Veliaj.<\/span><\/p>\n<p><span style=\"color: #000000;\">Ky i fundit kishte k\u00ebrkuar shfuqizimin e mas\u00ebs, duke argumentuar se nuk p\u00ebrb\u00ebn m\u00eb rrezik p\u00ebr prishjen e provave, pasi SPAK ka p\u00ebrfunduar hetimet dhe ka dor\u00ebzuar dosjen n\u00eb gjykat\u00eb.<\/span><\/p>\n<p><span style=\"color: #000000;\">N\u00eb dokumentet e paraqitura, Veliaj theksonte se nuk ekziston asnj\u00eb mund\u00ebsi p\u00ebr t\u00eb ndikuar n\u00eb provat e \u00e7\u00ebshtjes.<\/span><\/p>\n<p><span style=\"color: #000000;\">Por SPAK kund\u00ebrshtoi k\u00ebrkes\u00ebn e tij, duke pretenduar se d\u00ebshmitar\u00ebt ende nuk jan\u00eb marr\u00eb n\u00eb pyetje t\u00eb gjith\u00eb para togave t\u00eb zeza, dhe p\u00ebr k\u00ebt\u00eb arsye ekziston rreziku i ndikimit apo intimidimit prej tij, duke qen\u00eb se ka mbajtur poste t\u00eb larta shtet\u00ebrore.<\/span><\/p>\n<p><span style=\"color: #000000;\">Gjykata e Lart\u00eb pranoi argumentet e SPAK dhe vendosi q\u00eb ish-kryetari i Bashkis\u00eb s\u00eb Tiran\u00ebs t\u00eb vijoj\u00eb t\u00eb mbahet n\u00eb qeli, deri n\u00eb p\u00ebrfundim t\u00eb procesit gjyq\u00ebsor.<\/span><\/p>\n<p>&nbsp;<\/p>\n","protected":false,"gt_translate_keys":[{"key":"rendered","format":"html"}]},"excerpt":{"rendered":"<p>Gjykata e Lart\u00eb ka vendosur t\u00eb l\u00ebr\u00eb n\u00eb fuqi mas\u00ebn e siguris\u00eb \u201carrest me burg\u201d p\u00ebr ish-kryebashkiakun e Tiran\u00ebs, Erion Veliaj. Ky i fundit kishte k\u00ebrkuar shfuqizimin e mas\u00ebs, duke argumentuar se nuk p\u00ebrb\u00ebn m\u00eb rrezik p\u00ebr prishjen e provave, pasi SPAK ka p\u00ebrfunduar hetimet dhe ka dor\u00ebzuar dosjen n\u00eb gjykat\u00eb. N\u00eb dokumentet e paraqitura, [&hellip;]<\/p>\n","protected":false,"gt_translate_keys":[{"key":"rendered","format":"html"}]},"author":32,"featured_media":729660,"comment_status":"closed","ping_status":"open","sticky":false,"template":"","format":"standard","meta":{"footnotes":""},"categories":[65],"tags":[],"class_list":["post-763626","post","type-post","status-publish","format-standard","has-post-thumbnail","hentry","category-lajme"],"gt_translate_keys":[{"key":"link","format":"url"}],"_links":{"self":[{"href":"https:\/\/www.hashtag.al\/index.php\/wp-json\/wp\/v2\/posts\/763626","targetHints":{"allow":["GET"]}}],"collection":[{"href":"https:\/\/www.hashtag.al\/index.php\/wp-json\/wp\/v2\/posts"}],"about":[{"href":"https:\/\/www.hashtag.al\/index.php\/wp-json\/wp\/v2\/types\/post"}],"author":[{"embeddable":true,"href":"https:\/\/www.hashtag.al\/index.php\/wp-json\/wp\/v2\/users\/32"}],"replies":[{"embeddable":true,"href":"https:\/\/www.hashtag.al\/index.php\/wp-json\/wp\/v2\/comments?post=763626"}],"version-history":[{"count":99999,"href":"https:\/\/www.hashtag.al\/index.php\/wp-json\/wp\/v2\/posts\/763626\/revisions"}],"predecessor-version":[{"id":763631,"href":"https:\/\/www.hashtag.al\/index.php\/wp-json\/wp\/v2\/posts\/763626\/revisions\/763631"}],"wp:featuredmedia":[{"embeddable":true,"href":"https:\/\/www.hashtag.al\/index.php\/wp-json\/wp\/v2\/media\/729660"}],"wp:attachment":[{"href":"https:\/\/www.hashtag.al\/index.php\/wp-json\/wp\/v2\/media?parent=763626"}],"wp:term":[{"taxonomy":"category","embeddable":true,"href":"https:\/\/www.hashtag.al\/index.php\/wp-json\/wp\/v2\/categories?post=763626"},{"taxonomy":"post_tag","embeddable":true,"href":"https:\/\/www.hashtag.al\/index.php\/wp-json\/wp\/v2\/tags?post=763626"}],"curies":[{"name":"wp","href":"https:\/\/api.w.org\/{rel}","templated":true}]}}