{"id":763608,"date":"2025-10-02T13:40:12","date_gmt":"2025-10-02T11:40:12","guid":{"rendered":"https:\/\/www.hashtag.al\/?p=763608"},"modified":"2025-10-02T13:40:12","modified_gmt":"2025-10-02T11:40:12","slug":"balla-ne-parlamentin-europian-votat-e-diaspores-folen-pro-anetaresimit-ne-be","status":"publish","type":"post","link":"https:\/\/www.hashtag.al\/index.php\/2025\/10\/02\/balla-ne-parlamentin-europian-votat-e-diaspores-folen-pro-anetaresimit-ne-be\/","title":{"rendered":"Balla n\u00eb Parlamentin Europian: Votat e diaspor\u00ebs \u2018fol\u00ebn\u2019 pro an\u00ebtar\u00ebsimit n\u00eb BE","gt_translate_keys":[{"key":"rendered","format":"text"}]},"content":{"rendered":"<p><span style=\"color: #000000;\"><img loading=\"lazy\" decoding=\"async\" class=\"alignnone size-medium wp-image-763609\" src=\"https:\/\/www.hashtag.al\/wp-content\/uploads\/2025\/10\/1759403439_taulantballa-300x169.jpeg\" alt=\"\" width=\"300\" height=\"169\" srcset=\"https:\/\/www.hashtag.al\/wp-content\/uploads\/2025\/10\/1759403439_taulantballa-300x169.jpeg 300w, https:\/\/www.hashtag.al\/wp-content\/uploads\/2025\/10\/1759403439_taulantballa-768x433.jpeg 768w, https:\/\/www.hashtag.al\/wp-content\/uploads\/2025\/10\/1759403439_taulantballa.jpeg 780w\" sizes=\"auto, (max-width: 300px) 100vw, 300px\" \/><\/span><\/p>\n<p><span style=\"color: #000000;\">Kreu i Grupit Parlamentar t\u00eb Partis\u00eb Socialiste, Taulant Balla ka udh\u00ebtuar drejt Kroacis\u00eb ku ka marr\u00eb pjes\u00eb n\u00eb takimin e Ballkanit Per\u00ebndimor n\u00eb kuad\u00ebr t\u00eb programit \u201cWilly Brandt\u201d t\u00eb Socialist\u00ebve dhe Demokrat\u00ebve (S&amp;D) n\u00eb Parlamentin Europian.<\/span><\/p>\n<p><span style=\"color: #000000;\">\u00c7\u00ebshtja kryesore e trajtuar nga Balla n\u00eb k\u00ebt\u00eb takim ishte integrimi i Shqip\u00ebris\u00eb dejt Bashkimit Europian dhe rezultatet premtuese q\u00eb vendi ka nxjerr\u00eb deri m\u00eb tani me q\u00ebllim p\u00ebrmbushjen e synimeve p\u00ebr mbylljen e kapitujve n\u00eb pjes\u00ebn e fundit t\u00eb vitit 2027.<\/span><\/p>\n<p><span style=\"color: #000000;\">\u201c<em>Duke folur p\u00ebr vendin tim, jam shum\u00eb krenar q\u00eb Shqip\u00ebria po b\u00ebn p\u00ebrparime t\u00eb m\u00ebdha n\u00eb rrug\u00ebtimin drejt familjes europiane. Ne tashm\u00eb kemi hapur pjes\u00ebn d\u00ebrrmuese t\u00eb grupkapitujtve dhe shpresojm\u00eb q\u00eb deri n\u00eb Krishtlindjet e k\u00ebtij viti t\u00eb kemi hapur t\u00eb gjitha, si dhe t\u00eb p\u00ebrmbushim t\u00eb gjitha kushtet deri n\u00eb vitin 2027. Synimi yn\u00eb \u00ebsht\u00eb q\u00eb deri n\u00eb Krishtlindjet e vitit 2027 t\u00eb kemi mbyllur t\u00eb gjitha kapitujt dhe t\u00eb jemi gati p\u00ebr t\u00eb nisur procesin e ratifikimit t\u00eb Marr\u00ebveshjes s\u00eb An\u00ebtar\u00ebsimit n\u00eb BE gjat\u00eb vitit 2028\u201d,<\/em> tha Balla.<\/span><\/p>\n<p><span style=\"color: #000000;\">Nd\u00ebrkoh\u00eb ai risolli dhe nj\u00ebher\u00eb n\u00eb diskutim rezultatin zgjedhor t\u00eb 11 majit, kryesisht at\u00eb t\u00eb fituar nga vota e diaspor\u00ebs, duke th\u00ebn\u00eb me bindje se ky mandat i 4-t, do t\u00eb jet\u00eb ai i an\u00ebtar\u00ebsimit n\u00eb BE.<\/span><\/p>\n<p><span style=\"color: #000000;\"><em>&#8220;Fakti q\u00eb dy nga tre shqiptar\u00eb q\u00eb jetojn\u00eb n\u00eb diaspor\u00eb votuan p\u00ebr ne, p\u00ebr Partin\u00eb Socialiste dhe p\u00ebr Edi Ram\u00ebn, \u00ebsht\u00eb nj\u00eb mesazh i qart\u00eb: ne u tham\u00eb shqiptar\u00ebve se duke votuar p\u00ebr PS dhe p\u00ebr Edi Ram\u00ebn, ata votojn\u00eb p\u00ebr an\u00ebtar\u00ebsimin e Shqip\u00ebris\u00eb n\u00eb BE pasi ata jetojn\u00eb aktualisht n\u00eb BE&#8221;,<\/em> u shpreh Balla.<\/span><\/p>\n<p><span style=\"color: #000000;\">Balla tha se Shqip\u00ebria mezi pret t\u00eb jet\u00eb pjes\u00eb e BE-s\u00eb dhe shprehu d\u00ebshir\u00ebn q\u00eb zgjedhjet p\u00ebr eurodeputet\u00eb t\u00eb mbahen edhe n\u00eb Shqip\u00ebri n\u00eb qershor 2029.<\/span><\/p>\n<p><span style=\"color: #000000;\"><em>&#8220;Dua ta shfryt\u00ebzoj k\u00ebt\u00eb rast p\u00ebr t\u00eb rikujtuar edhe nj\u00eb ide q\u00eb e kam ngritur n\u00eb Bruksel kur u takuam n\u00eb prill t\u00eb k\u00ebtij viti: duke marr\u00eb parasysh se n\u00eb fund t\u00eb majit ose qershor 2029 do t\u00eb zhvillohen zgjedhjet europiane, padyshim do t\u00eb donim t\u00eb ishim gati q\u00eb k\u00ebto zgjedhje t\u00eb organizoheshin edhe n\u00eb vendet q\u00eb i bashkohen BE-s\u00eb.&#8221;<\/em><\/span><\/p>\n<p><span style=\"color: #000000;\">Balla theksoi gjithashtu se Shqip\u00ebria po p\u00ebrparon n\u00eb fush\u00ebn e siguris\u00eb kibernetike, duke sjell\u00eb si shembull Diell\u00ebn, ministre p\u00ebr Inteligjenc\u00ebn Artificiale, e cila mbulon prokurimet publike.<\/span><\/p>\n<p><span style=\"color: #000000;\"><em>&#8220;\u00cbsht\u00eb e r\u00ebnd\u00ebsishme p\u00ebr t\u00eb kuptuar fakti q\u00eb inteligjenca artificiale \u00ebsht\u00eb nj\u00eb instrument q\u00eb vendet e vogla mund ta p\u00ebrdorin p\u00ebr t\u00eb shkurtuar disavantazhet historike p\u00ebrball\u00eb vendeve t\u00eb m\u00ebdha,&#8221;<\/em> deklaroi Balla.<\/span><\/p>\n<p><span style=\"color: #000000;\">Ky takim ka p\u00ebr q\u00ebllim riafirmimin e mb\u00ebshtetjes s\u00eb S&amp;D p\u00ebr zgjerimin e BE-s\u00eb, nd\u00ebrlidhjen e sfidave rajonale me axhend\u00ebn europiane, si dhe shk\u00ebmbimin e p\u00ebrvojave dhe ideve p\u00ebr reformat dhe bashk\u00ebpunimin rajonal, duke nxjerr\u00eb n\u00eb pah progresin e Shqip\u00ebris\u00eb dhe vendeve t\u00eb tjera drejt integrimit evropian.<\/span><\/p>\n","protected":false,"gt_translate_keys":[{"key":"rendered","format":"html"}]},"excerpt":{"rendered":"<p>Kreu i Grupit Parlamentar t\u00eb Partis\u00eb Socialiste, Taulant Balla ka udh\u00ebtuar drejt Kroacis\u00eb ku ka marr\u00eb pjes\u00eb n\u00eb takimin e Ballkanit Per\u00ebndimor n\u00eb kuad\u00ebr t\u00eb programit \u201cWilly Brandt\u201d t\u00eb Socialist\u00ebve dhe Demokrat\u00ebve (S&amp;D) n\u00eb Parlamentin Europian. \u00c7\u00ebshtja kryesore e trajtuar nga Balla n\u00eb k\u00ebt\u00eb takim ishte integrimi i Shqip\u00ebris\u00eb dejt Bashkimit Europian dhe rezultatet premtuese [&hellip;]<\/p>\n","protected":false,"gt_translate_keys":[{"key":"rendered","format":"html"}]},"author":32,"featured_media":763609,"comment_status":"closed","ping_status":"open","sticky":false,"template":"","format":"standard","meta":{"footnotes":""},"categories":[65],"tags":[],"class_list":["post-763608","post","type-post","status-publish","format-standard","has-post-thumbnail","hentry","category-lajme"],"gt_translate_keys":[{"key":"link","format":"url"}],"_links":{"self":[{"href":"https:\/\/www.hashtag.al\/index.php\/wp-json\/wp\/v2\/posts\/763608","targetHints":{"allow":["GET"]}}],"collection":[{"href":"https:\/\/www.hashtag.al\/index.php\/wp-json\/wp\/v2\/posts"}],"about":[{"href":"https:\/\/www.hashtag.al\/index.php\/wp-json\/wp\/v2\/types\/post"}],"author":[{"embeddable":true,"href":"https:\/\/www.hashtag.al\/index.php\/wp-json\/wp\/v2\/users\/32"}],"replies":[{"embeddable":true,"href":"https:\/\/www.hashtag.al\/index.php\/wp-json\/wp\/v2\/comments?post=763608"}],"version-history":[{"count":99999,"href":"https:\/\/www.hashtag.al\/index.php\/wp-json\/wp\/v2\/posts\/763608\/revisions"}],"predecessor-version":[{"id":763610,"href":"https:\/\/www.hashtag.al\/index.php\/wp-json\/wp\/v2\/posts\/763608\/revisions\/763610"}],"wp:featuredmedia":[{"embeddable":true,"href":"https:\/\/www.hashtag.al\/index.php\/wp-json\/wp\/v2\/media\/763609"}],"wp:attachment":[{"href":"https:\/\/www.hashtag.al\/index.php\/wp-json\/wp\/v2\/media?parent=763608"}],"wp:term":[{"taxonomy":"category","embeddable":true,"href":"https:\/\/www.hashtag.al\/index.php\/wp-json\/wp\/v2\/categories?post=763608"},{"taxonomy":"post_tag","embeddable":true,"href":"https:\/\/www.hashtag.al\/index.php\/wp-json\/wp\/v2\/tags?post=763608"}],"curies":[{"name":"wp","href":"https:\/\/api.w.org\/{rel}","templated":true}]}}