{"id":763589,"date":"2025-10-02T12:43:22","date_gmt":"2025-10-02T10:43:22","guid":{"rendered":"https:\/\/www.hashtag.al\/?p=763589"},"modified":"2025-10-02T12:43:22","modified_gmt":"2025-10-02T10:43:22","slug":"osmani-serbia-dhe-rusia-kercenim-per-kosoven-be-te-mos-e-shperbleje-beogradin","status":"publish","type":"post","link":"https:\/\/www.hashtag.al\/index.php\/2025\/10\/02\/osmani-serbia-dhe-rusia-kercenim-per-kosoven-be-te-mos-e-shperbleje-beogradin\/","title":{"rendered":"Osmani: Serbia dhe Rusia k\u00ebrc\u00ebnim p\u00ebr Kosov\u00ebn, BE t\u00eb mos e shp\u00ebrblej\u00eb Beogradin","gt_translate_keys":[{"key":"rendered","format":"text"}]},"content":{"rendered":"<p><span style=\"color: #000000;\"><img loading=\"lazy\" decoding=\"async\" class=\"aligncenter size-full wp-image-763590\" src=\"https:\/\/www.hashtag.al\/wp-content\/uploads\/2025\/10\/Screenshot-2025-10-02-121245.png\" alt=\"\" width=\"1072\" height=\"606\" srcset=\"https:\/\/www.hashtag.al\/wp-content\/uploads\/2025\/10\/Screenshot-2025-10-02-121245.png 1072w, https:\/\/www.hashtag.al\/wp-content\/uploads\/2025\/10\/Screenshot-2025-10-02-121245-300x170.png 300w, https:\/\/www.hashtag.al\/wp-content\/uploads\/2025\/10\/Screenshot-2025-10-02-121245-1024x579.png 1024w, https:\/\/www.hashtag.al\/wp-content\/uploads\/2025\/10\/Screenshot-2025-10-02-121245-768x434.png 768w\" sizes=\"auto, (max-width: 1072px) 100vw, 1072px\" \/><\/span><\/p>\n<p><span style=\"color: #000000;\">Presidentja e Kosov\u00ebs, Vjosa Osmani, tha se Rusia dhe aleatja e saj, Serbia paraqesin k\u00ebrc\u00ebnim p\u00ebr Kosov\u00ebn, duke i b\u00ebr\u00eb thirrje Bashkimit Evropian q\u00eb t\u00eb mos \u201ce shp\u00ebrb\u00ebj\u00eb Beogradin\u201d.<\/span><\/p>\n<p><span style=\"color: #000000;\">Para nisjes s\u00eb samitit t\u00eb Komunitetit Politik Evropian n\u00eb Konpenhag\u00eb t\u00eb Danimark\u00ebs, Osmani tha p\u00ebr gazetar\u00ebt se Rusia paraqet k\u00ebrc\u00ebnim p\u00ebr Evrop\u00ebn, nd\u00ebrkaq Serbia p\u00ebr rajonin e Ballkanit Per\u00ebndimor, duke e akuzuar Beogradin se i kopjon veprimet e Mosk\u00ebs.<\/span><\/p>\n<p><span style=\"color: #000000;\">\u201cSerbia i trajton shtetet fqinje si shtete q\u00eb nuk ekzistojn\u00eb, si shtete t\u00eb p\u00ebrkohshme, si shtete ndaj t\u00eb cilave ajo vepron me agresion. \u00cbsht\u00eb kopje e metodave t\u00eb Rusis\u00eb. Fatkeq\u00ebsisht, Rusia e p\u00ebrkrah Serbin\u00eb n\u00eb k\u00ebto veprime. Tradicionalisht dhe p\u00ebr shekuj t\u00eb t\u00ebr\u00eb, ata kan\u00eb p\u00ebrdorur nj\u00eb koncept t\u00eb ngjash\u00ebm: Rusia flet p\u00ebr \u2018Rusin\u00eb e Madhe\u2019 dhe \u2018Bot\u00ebn Ruse\u2019, Serbia p\u00ebr \u2018Serbin\u00eb e Madhe\u2019 dhe \u2018Bot\u00ebn Serbe\u2019 dhe p\u00ebrdorin t\u00eb nj\u00ebjtat metoda. P\u00ebr ne t\u00eb dyja paraqesin k\u00ebrc\u00ebnim\u201d, tha Osmani.<\/span><\/p>\n<p><span style=\"color: #000000;\">Osmani tha se n\u00eb rajonin e Ballkanit Per\u00ebndimor kurr\u00eb nuk ka vakum t\u00eb ndikimit. N\u00ebse nuk ka ndikim per\u00ebndimor, sipas saj, \u201cforcat malinje t\u00eb \u2018Trek\u00ebnd\u00ebshit t\u00eb Lig\u00ebsis\u00eb\u2019 \u2013 q\u00eb \u00ebsht\u00eb Rusia, Kina dhe Irani \u2013 gjithmon\u00eb vijn\u00eb aty jo p\u00ebr bamir\u00ebsi, por kan\u00eb interesa dashakeq strategjik\u00eb. Prandaj \u00ebsht\u00eb e r\u00ebnd\u00ebsishme q\u00eb zgjerimi t\u00eb shtyhet p\u00ebrpara dhe Ballkani Per\u00ebndimor, ato shtete t\u00eb rajonit q\u00eb i plot\u00ebsojn\u00eb kriteret dhe punojn\u00eb me vlerat e BE-s\u00eb, duhet t\u00eb merren parasysh q\u00eb t\u00eb l\u00ebvizin p\u00ebrpara\u201d.<\/span><\/p>\n<p><span style=\"color: #000000;\">Osmani tha se disa dit\u00eb m\u00eb par\u00eb Kosova sh\u00ebnoi dyvjetorin e sulmit t\u00eb armatosur n\u00eb Banjsk\u00eb t\u00eb Zve\u00e7anit, kur nj\u00eb grup i serb\u00ebve t\u00eb armatosur sulmoi Policin\u00eb e Kosov\u00ebs, duke vrar\u00eb nj\u00eb rreshter.<\/span><\/p>\n<p><span style=\"color: #000000;\">Kosova e konsideron k\u00ebt\u00eb sulm terrorist dhe akuzon shtetin e Serbis\u00eb p\u00ebr organizimin e tij.<\/span><\/p>\n<p><span style=\"color: #000000;\">\u201cBE-ja vazhdon t\u00eb k\u00ebrkoj\u00eb llogaridh\u00ebnie. Ka pasur zero llogaridh\u00ebnie dhe \u00ebsht\u00eb koha q\u00eb ata t&#8217;i shnd\u00ebrrojn\u00eb fjal\u00ebt n\u00eb veprime\u201d, tha Osmani.<\/span><\/p>\n<p><span style=\"color: #000000;\">Sipas saj, presidenti serb, Aleksandar Vu\u00e7iq, ka tentuar q\u00eb ta kopjoj\u00eb udh\u00ebheq\u00ebsin rus, Vladimir Putin, \u201cduke p\u00ebrdorur taktika t\u00eb agresionit dhe destabilizimit ndaj fqinj\u00ebve dhe p\u00ebr k\u00ebt\u00eb arsye \u00ebsht\u00eb e r\u00ebnd\u00ebsishme q\u00eb shtetet an\u00ebtare t\u00eb BE-s\u00eb ta kuptojn\u00eb se shp\u00ebrblimi i Serbis\u00eb p\u00ebr q\u00ebndrimin me Rusin\u00eb nuk \u00ebsht\u00eb rruga p\u00ebrpara. Shtetet q\u00eb jan\u00eb harmonizuar 100 p\u00ebr qind me BE-n\u00eb duhet t\u00eb shp\u00ebrblehen, jo ato q\u00eb kan\u00eb zgjedhur Mosk\u00ebn si rrug\u00eb p\u00ebrpara\u201d, tha ajo.<\/span><\/p>\n<p><span style=\"color: #000000;\">Serbia mban raporte t\u00eb mira me Rusin\u00eb dhe deri m\u00eb tani ka refuzuar q\u00eb t\u2019i bashkohet komunitetit nd\u00ebrkomb\u00ebtar n\u00eb sanksionimin e Mosk\u00ebs p\u00ebr shkak t\u00eb luft\u00ebs kund\u00ebr Ukrain\u00ebs. BE-ja vazhdimisht i ka b\u00ebr\u00eb thirrje Beogradit \u2013 q\u00eb synon t\u00eb an\u00ebtar\u00ebsohet n\u00eb bllokun evropian \u2013 q\u00eb t\u00eb harmonizohet me politik\u00ebn e jashtme t\u00eb Brukselit.<\/span><\/p>\n<p><span style=\"color: #000000;\">Duke folur p\u00ebr aplikimin e Kosov\u00ebs p\u00ebr an\u00ebtar\u00ebsim n\u00eb BE &#8211; q\u00eb Prishtina e ka dor\u00ebzuar n\u00eb fund t\u00eb vitit 2022 &#8211; Osmani tha se ai nuk \u00ebsht\u00eb trajtuar ende nga BE-ja p\u00ebr shkak t\u00eb &#8220;politikave t\u00eb brendshme&#8221; t\u00eb disa shteteve an\u00ebtare, por shtoi se Kosova do t\u00eb vazhdoj\u00eb t\u00eb punoj\u00eb q\u00eb t&#8217;i bind\u00eb k\u00ebto shtete, duke theksuar se &#8220;rruga e vetme p\u00ebr Kosov\u00ebn&#8221; \u00ebsht\u00eb an\u00ebtar\u00ebsimi n\u00eb BE dhe NATO.<\/span><\/p>\n<p><span style=\"color: #000000;\">Danimarka \u00ebsht\u00eb mikprit\u00ebse e samitit t\u00eb shtat\u00eb t\u00eb Komunitetit Politik Evropian.<\/span><\/p>\n<p><span style=\"color: #000000;\">Samiti mbledh 45 udh\u00ebheq\u00ebs, p\u00ebrfshir\u00eb edhe presidentin e Ukrain\u00ebs, Volodymyr Zelensky.<\/span><\/p>\n<p><span style=\"color: #000000;\">\u201cUdh\u00ebheq\u00ebsit do t\u00eb fokusohen se si t\u00eb forcohet Ukraina, n\u00eb situat\u00ebn e p\u00ebrgjithshme t\u00eb siguris\u00eb n\u00eb Evrop\u00eb dhe p\u00ebr nj\u00eb situat\u00eb m\u00eb t\u00eb sigurt gjeopolitike me t\u00eb cil\u00ebn p\u00ebrballemi\u201d, tha Bashkimi Evropian.<\/span><\/p>\n<p><span style=\"color: #000000;\">Sipas BE-s\u00eb, gjat\u00eb samitit do t\u00eb mbahen disa tryeza diskutimesh p\u00ebr disa aspekte t\u00eb situat\u00ebs s\u00eb siguris\u00eb n\u00eb Evrop\u00eb p\u00ebrfshir\u00eb \u201ck\u00ebrc\u00ebnimet tradicionale dhe hibride, sigurin\u00eb ekonomike dhe migrimin\u201d.<\/span><\/p>\n<p><span style=\"color: #000000;\">BE-ja n\u00eb k\u00ebt\u00eb takim do t\u00eb p\u00ebrfaq\u00ebsohet nga presidenti i K\u00ebshillit Evropian, Antonio Costa, dhe takimi do t\u00eb bashk\u00ebudh\u00ebhiqet nga kryeministrja e Danimark\u00ebs, Mette Frederiksen.<\/span><\/p>\n<p><span style=\"color: #000000;\">Nga Presidenca e Kosov\u00ebs than\u00eb m\u00eb her\u00ebt se Komuniteti Politik Evropian synon t&#8217;i forcoj\u00eb lidhjet politike dhe ekonomike n\u00eb gjith\u00eb Evrop\u00ebn, t\u00eb ofroj\u00eb zgjidhje p\u00ebr sfidat e p\u00ebrbashk\u00ebta dhe t\u00eb thelloj\u00eb bashk\u00ebpunimin nd\u00ebrmjet vendeve t\u00eb BE-s\u00eb dhe atyre jasht\u00eb saj.<\/span><\/p>\n<p><span style=\"color: #000000;\">N\u00eb agjend\u00ebn e publikuar nga BE-ja, te shtetet pjes\u00ebmarr\u00ebse, pas emrit t\u00eb Kosov\u00ebs \u00ebsht\u00eb vendosur fusnota.<\/span><\/p>\n<p><span style=\"color: #000000;\">M\u00eb 2012, n\u00eb dialogun mes Kosov\u00ebs dhe Serbis\u00eb &#8211; q\u00eb nd\u00ebrmjet\u00ebsohet nga BE-ja &#8211; pal\u00ebt arrit\u00ebn nj\u00eb marr\u00ebveshje p\u00ebr p\u00ebrfaq\u00ebsimin rajonal, q\u00eb m\u00eb von\u00eb u b\u00eb e njohur si \u201cmarr\u00ebveshja e fusnot\u00ebs\u201d.<\/span><\/p>\n<p><span style=\"color: #000000;\">N\u00eb baz\u00eb t\u00eb k\u00ebsaj marr\u00ebveshjeje, fusnota do t\u2019i shtohej emrit t\u00eb Kosov\u00ebs sa her\u00eb q\u00eb vendi do t\u00eb p\u00ebrmendej, p\u00ebr ta mund\u00ebsuar p\u00ebrfaq\u00ebsimin n\u00eb konferenca e iniciativa t\u00eb ndryshme rajonale e nd\u00ebrkomb\u00ebtare. N\u00eb vitet pas n\u00ebnshkrimit t\u00eb marr\u00ebveshjes, emrit t\u00eb Kosov\u00ebs i bashk\u00ebngjitej gjithnj\u00eb edhe simboli i fusnot\u00ebs n\u00eb dokumente t\u00eb Kombeve t\u00eb Bashkuara, BE-s\u00eb e institucioneve t\u00eb tjera nd\u00ebrkomb\u00ebtare.<\/span><\/p>\n<p><span style=\"color: #000000;\">Ndryshe, Komuniteti Politik Evropian rrall\u00eb vendos p\u00ebr \u00e7\u00ebshtje, por duke pasur parasysh se krer\u00ebt shtet\u00ebrore t\u00eb kontinentit \u2013 p\u00ebrjashtim b\u00ebjn\u00eb ata nga Bjellorusia, Rusia dhe Vatikani \u2013 do t\u00eb mblidhen me nj\u00eb vend p\u00ebr gjasht\u00eb apo shtat\u00eb or\u00eb p\u00ebr takime politike, nga kjo ngjarje mund t\u00eb dalin p\u00ebrfundime interesante.<\/span><\/p>\n<p><span style=\"color: #000000;\">P\u00ebrve\u00e7 sesionit t\u00eb\u00a0Komunitetit Politik Evropian\u00a0dhe koh\u00ebs p\u00ebr takime dypal\u00ebshe, udh\u00ebheq\u00ebsit do t\u00eb ndahen n\u00eb tri gupe punuese p\u00ebr tema q\u00eb kan\u00eb t\u00eb b\u00ebjn\u00eb me sigurin\u00eb dhe rezistenc\u00ebn: K\u00ebrc\u00ebnimet tradicionale dhe t\u00eb reja; Siguria Ekonomike: Reduktimi i var\u00ebsive evropiane; dhe Migracioni: Kontrolli Efektiv i Flukseve Migratore.<\/span><\/p>\n<p><span style=\"color: #000000;\">Komuniteti Politik Evropian u lansua m\u00eb 2022, si ide e presidentit t\u00eb Franc\u00ebs, Emmanuel Macron, pas nisjes s\u00eb pushtimit rus t\u00eb Ukrain\u00ebs, si nj\u00eb lloj forumi nd\u00ebrqeveritar p\u00ebr diskutime politike lidhur me t\u00eb ardhmen e Evrop\u00ebs.<\/span><\/p>\n<p><span style=\"color: #000000;\">N\u00eb samitin e par\u00eb t\u00eb mbajtur n\u00eb tetor t\u00eb vitit 2022 n\u00eb Prag\u00eb, Macron e hodhi posht\u00eb iden\u00eb se ky komunitet \u00ebsht\u00eb nj\u00eb lloj z\u00ebvend\u00ebsimi p\u00ebr an\u00ebtar\u00ebsimin n\u00eb BE, duke ua kujtuar k\u00ebt\u00eb udh\u00ebheq\u00ebsve n\u00eb Ballkanin Per\u00ebndimor.<\/span><\/p>\n<p><span style=\"color: #000000;\">Nga Ballkani Per\u00ebndimor, vet\u00ebm Kosova q\u00ebndron e fundit n\u00eb rrug\u00ebn evropiane, pasi \u00ebsht\u00eb shteti i vet\u00ebm q\u00eb nuk ka statusin e vendit kandidat. Nd\u00ebrkaq, Shqip\u00ebria dhe Mali i Zi jan\u00eb shtetet q\u00eb kan\u00eb b\u00ebr\u00eb p\u00ebrparimin m\u00eb t\u00eb madh n\u00eb rrug\u00ebn drejt bllokut evropian. Tirana synon q\u00eb t\u00eb b\u00ebhet pjes\u00eb e BE-s\u00eb deri m\u00eb 2030.<a href=\"https:\/\/www.evropaelire.org\/a\/samiti-komuniteti-politik-evropian-danimarke-\/33546760.html\"><span style=\"color: #0000ff;\"><strong>\/REL<\/strong><\/span><\/a><\/span><\/p>\n","protected":false,"gt_translate_keys":[{"key":"rendered","format":"html"}]},"excerpt":{"rendered":"<p>Presidentja e Kosov\u00ebs, Vjosa Osmani, tha se Rusia dhe aleatja e saj, Serbia paraqesin k\u00ebrc\u00ebnim p\u00ebr Kosov\u00ebn, duke i b\u00ebr\u00eb thirrje Bashkimit Evropian q\u00eb t\u00eb mos \u201ce shp\u00ebrb\u00ebj\u00eb Beogradin\u201d. Para nisjes s\u00eb samitit t\u00eb Komunitetit Politik Evropian n\u00eb Konpenhag\u00eb t\u00eb Danimark\u00ebs, Osmani tha p\u00ebr gazetar\u00ebt se Rusia paraqet k\u00ebrc\u00ebnim p\u00ebr Evrop\u00ebn, nd\u00ebrkaq Serbia p\u00ebr rajonin [&hellip;]<\/p>\n","protected":false,"gt_translate_keys":[{"key":"rendered","format":"html"}]},"author":49,"featured_media":763590,"comment_status":"closed","ping_status":"open","sticky":false,"template":"","format":"standard","meta":{"footnotes":""},"categories":[149],"tags":[],"class_list":["post-763589","post","type-post","status-publish","format-standard","has-post-thumbnail","hentry","category-kosoverajon"],"gt_translate_keys":[{"key":"link","format":"url"}],"_links":{"self":[{"href":"https:\/\/www.hashtag.al\/index.php\/wp-json\/wp\/v2\/posts\/763589","targetHints":{"allow":["GET"]}}],"collection":[{"href":"https:\/\/www.hashtag.al\/index.php\/wp-json\/wp\/v2\/posts"}],"about":[{"href":"https:\/\/www.hashtag.al\/index.php\/wp-json\/wp\/v2\/types\/post"}],"author":[{"embeddable":true,"href":"https:\/\/www.hashtag.al\/index.php\/wp-json\/wp\/v2\/users\/49"}],"replies":[{"embeddable":true,"href":"https:\/\/www.hashtag.al\/index.php\/wp-json\/wp\/v2\/comments?post=763589"}],"version-history":[{"count":99999,"href":"https:\/\/www.hashtag.al\/index.php\/wp-json\/wp\/v2\/posts\/763589\/revisions"}],"predecessor-version":[{"id":763591,"href":"https:\/\/www.hashtag.al\/index.php\/wp-json\/wp\/v2\/posts\/763589\/revisions\/763591"}],"wp:featuredmedia":[{"embeddable":true,"href":"https:\/\/www.hashtag.al\/index.php\/wp-json\/wp\/v2\/media\/763590"}],"wp:attachment":[{"href":"https:\/\/www.hashtag.al\/index.php\/wp-json\/wp\/v2\/media?parent=763589"}],"wp:term":[{"taxonomy":"category","embeddable":true,"href":"https:\/\/www.hashtag.al\/index.php\/wp-json\/wp\/v2\/categories?post=763589"},{"taxonomy":"post_tag","embeddable":true,"href":"https:\/\/www.hashtag.al\/index.php\/wp-json\/wp\/v2\/tags?post=763589"}],"curies":[{"name":"wp","href":"https:\/\/api.w.org\/{rel}","templated":true}]}}