{"id":763466,"date":"2025-10-01T19:04:04","date_gmt":"2025-10-01T17:04:04","guid":{"rendered":"https:\/\/www.hashtag.al\/?p=763466"},"modified":"2025-10-01T19:04:04","modified_gmt":"2025-10-01T17:04:04","slug":"balliu-begaj-eshte-kthyer-ne-kukull-te-rames-me-shume-opozite-ben-diella-se-kreu-i-shtetit","status":"publish","type":"post","link":"https:\/\/www.hashtag.al\/index.php\/2025\/10\/01\/balliu-begaj-eshte-kthyer-ne-kukull-te-rames-me-shume-opozite-ben-diella-se-kreu-i-shtetit\/","title":{"rendered":"Balliu: Begaj \u00ebsht\u00eb kthyer n\u00eb kukull t\u00eb Ram\u00ebs, m\u00eb shum\u00eb opozit\u00eb b\u00ebn Diella se Kreu i Shtetit","gt_translate_keys":[{"key":"rendered","format":"text"}]},"content":{"rendered":"<p data-start=\"104\" data-end=\"162\"><img decoding=\"async\" class=\"aligncenter\" src=\"https:\/\/www.hashtag.al\/wp-content\/uploads\/2025\/02\/Klevis-Balliu-605x450-1.jpg\" \/><\/p>\n<p data-start=\"164\" data-end=\"346\"><span style=\"color: #000000;\">Deputeti i Partis\u00eb Demokratike, Klevis Balliu, ka kritikuar ashp\u00ebr presidentin Bajram Begaj, duke deklaruar se \u201cm\u00eb shum\u00eb opozit\u00eb b\u00ebn ministrja virtuale Diella sesa Kreu i Shtetit\u201d.<\/span><\/p>\n<p data-start=\"348\" data-end=\"530\"><span style=\"color: #000000;\">N\u00eb nj\u00eb deklarat\u00eb publike, Balliu tha se presidenti \u00ebsht\u00eb katandisur n\u00eb nj\u00eb \u201ckukull t\u00eb kryeministrit Edi Rama\u201d, duke shtuar se kjo tregon se vendi \u201cde facto ka mbetur pa President\u201d.<\/span><\/p>\n<p data-start=\"532\" data-end=\"1021\"><span style=\"color: #000000;\">\u201cKam pasur nderin dhe privilegjin t\u00eb sh\u00ebrbej n\u00eb Institucionin e Presidenc\u00ebs gjat\u00eb mandatit t\u00eb Presidentit Nishani. Edhe pse at\u00ebher\u00eb ishim n\u00ebn sulme t\u00eb pand\u00ebrprera nga qeveria, ndiheshim t\u00eb frym\u00ebzuar dhe krenar\u00eb q\u00eb i sh\u00ebrbenim nj\u00eb institucioni themelor t\u00eb shtetit shqiptar. Sot, p\u00ebr fat t\u00eb keq, askush q\u00eb punon aty nuk mund t\u00eb ndiej\u00eb t\u00eb nj\u00ebjt\u00ebn krenari, sepse Presidenti \u00ebsht\u00eb katandisur n\u00eb nj\u00eb figur\u00eb qesharake, nj\u00eb kukull t\u00eb bindur n\u00eb duart e narko-kryeministrit Rama\u201d, u shpreh Balliu.<\/span><\/p>\n","protected":false,"gt_translate_keys":[{"key":"rendered","format":"html"}]},"excerpt":{"rendered":"<p>Deputeti i Partis\u00eb Demokratike, Klevis Balliu, ka kritikuar ashp\u00ebr presidentin Bajram Begaj, duke deklaruar se \u201cm\u00eb shum\u00eb opozit\u00eb b\u00ebn ministrja virtuale Diella sesa Kreu i Shtetit\u201d. N\u00eb nj\u00eb deklarat\u00eb publike, Balliu tha se presidenti \u00ebsht\u00eb katandisur n\u00eb nj\u00eb \u201ckukull t\u00eb kryeministrit Edi Rama\u201d, duke shtuar se kjo tregon se vendi \u201cde facto ka mbetur pa [&hellip;]<\/p>\n","protected":false,"gt_translate_keys":[{"key":"rendered","format":"html"}]},"author":32,"featured_media":723003,"comment_status":"closed","ping_status":"open","sticky":false,"template":"","format":"standard","meta":{"footnotes":""},"categories":[65],"tags":[],"class_list":["post-763466","post","type-post","status-publish","format-standard","has-post-thumbnail","hentry","category-lajme"],"gt_translate_keys":[{"key":"link","format":"url"}],"_links":{"self":[{"href":"https:\/\/www.hashtag.al\/index.php\/wp-json\/wp\/v2\/posts\/763466","targetHints":{"allow":["GET"]}}],"collection":[{"href":"https:\/\/www.hashtag.al\/index.php\/wp-json\/wp\/v2\/posts"}],"about":[{"href":"https:\/\/www.hashtag.al\/index.php\/wp-json\/wp\/v2\/types\/post"}],"author":[{"embeddable":true,"href":"https:\/\/www.hashtag.al\/index.php\/wp-json\/wp\/v2\/users\/32"}],"replies":[{"embeddable":true,"href":"https:\/\/www.hashtag.al\/index.php\/wp-json\/wp\/v2\/comments?post=763466"}],"version-history":[{"count":99999,"href":"https:\/\/www.hashtag.al\/index.php\/wp-json\/wp\/v2\/posts\/763466\/revisions"}],"predecessor-version":[{"id":763467,"href":"https:\/\/www.hashtag.al\/index.php\/wp-json\/wp\/v2\/posts\/763466\/revisions\/763467"}],"wp:featuredmedia":[{"embeddable":true,"href":"https:\/\/www.hashtag.al\/index.php\/wp-json\/wp\/v2\/media\/723003"}],"wp:attachment":[{"href":"https:\/\/www.hashtag.al\/index.php\/wp-json\/wp\/v2\/media?parent=763466"}],"wp:term":[{"taxonomy":"category","embeddable":true,"href":"https:\/\/www.hashtag.al\/index.php\/wp-json\/wp\/v2\/categories?post=763466"},{"taxonomy":"post_tag","embeddable":true,"href":"https:\/\/www.hashtag.al\/index.php\/wp-json\/wp\/v2\/tags?post=763466"}],"curies":[{"name":"wp","href":"https:\/\/api.w.org\/{rel}","templated":true}]}}