{"id":763440,"date":"2025-10-01T16:39:38","date_gmt":"2025-10-01T14:39:38","guid":{"rendered":"https:\/\/www.hashtag.al\/?p=763440"},"modified":"2025-10-01T16:39:38","modified_gmt":"2025-10-01T14:39:38","slug":"rama-oficeret-e-sigurise-ne-shkolla-garantojne-mbrojtjen-e-nxenesve-nga-cdo-fenomen-negativ","status":"publish","type":"post","link":"https:\/\/www.hashtag.al\/index.php\/2025\/10\/01\/rama-oficeret-e-sigurise-ne-shkolla-garantojne-mbrojtjen-e-nxenesve-nga-cdo-fenomen-negativ\/","title":{"rendered":"Rama: Oficer\u00ebt e siguris\u00eb n\u00eb shkolla, garantojn\u00eb mbrojtjen e nx\u00ebn\u00ebsve nga \u00e7do fenomen negativ","gt_translate_keys":[{"key":"rendered","format":"text"}]},"content":{"rendered":"<p><span style=\"color: #000000;\"><img loading=\"lazy\" decoding=\"async\" class=\"alignnone size-medium wp-image-763441\" src=\"https:\/\/www.hashtag.al\/wp-content\/uploads\/2025\/10\/Screenshot-2025-10-01-073850-300x149.png\" alt=\"\" width=\"300\" height=\"149\" srcset=\"https:\/\/www.hashtag.al\/wp-content\/uploads\/2025\/10\/Screenshot-2025-10-01-073850-300x149.png 300w, https:\/\/www.hashtag.al\/wp-content\/uploads\/2025\/10\/Screenshot-2025-10-01-073850-768x380.png 768w, https:\/\/www.hashtag.al\/wp-content\/uploads\/2025\/10\/Screenshot-2025-10-01-073850.png 959w\" sizes=\"auto, (max-width: 300px) 100vw, 300px\" \/><\/span><\/p>\n<p><span style=\"color: #000000;\">Kryeministri Edi Rama n\u00eb nj\u00eb postim n\u00eb rrjetet sociale, shkruan se n\u00eb shkollat publike jan\u00eb vendosur oficer\u00eb sigurie t\u00eb cil\u00ebt do t\u00eb garantojn\u00eb mbrojtjen e nx\u00ebn\u00ebsve nga \u00e7do fenomen negativ.<\/span><\/p>\n<p><span style=\"color: #000000;\">N\u00eb pamjet e publikuara nga Rama, oficerja e siguris\u00eb e shkoll\u00ebs \u2018Kosova&#8217; n\u00eb Tiran\u00eb, ka deklaruar se roli i oficerit t\u00eb siguris\u00eb \u00ebsht\u00eb i r\u00ebnd\u00ebsish\u00ebm n\u00eb shkolla, pasi monitoron dhe shmang incidentet dhe situata t\u00eb rrezikshme mes nx\u00ebn\u00ebsve.<\/span><\/p>\n<p><span style=\"color: #000000;\">Po ashtu ajo tha se fal\u00eb bashk\u00ebpunimit t\u00eb Ministris\u00eb s\u00eb Arsitmit dhe Ministris\u00eb s\u00eb Brendshme, tashm\u00eb shkollat kan\u00eb suportin e Policis\u00eb s\u00eb Shtetit dhe asaj Bashkiake<\/span><\/p>\n<p><span style=\"color: #000000;\"><em>\u00a0\u201cKryesisht n\u00eb pun\u00ebn ton\u00eb, e cila fillon n\u00eb or\u00ebn 7 e 30, ne monitorojm\u00eb hyrjen e nx\u00ebn\u00ebsve n\u00eb shkoll\u00eb dhe njihemi me prind\u00ebrit n\u00eb k\u00ebt\u00eb m\u00ebnyr\u00eb.<\/em><\/span><\/p>\n<p><span style=\"color: #000000;\"><em>N\u00eb m\u00ebngjes b\u00ebhet mbledhja e celular\u00ebve nga m\u00ebsuesit kujdestar\u00eb. Un\u00eb kaloj n\u00ebp\u00ebr klasa dhe py\u00ebes n\u00ebse jan\u00eb dor\u00ebzuar t\u00eb gjitha celular\u00ebt. Oficeri i siguris\u00eb, monitorin gjith\u00eb territorin, oborrin, palestr\u00ebn ambientet ku b\u00ebhet pushimi i madh dhe territorin jasht\u00eb shkoll\u00eb<\/em><\/span><\/p>\n<p><span style=\"color: #000000;\"><em>Fal\u00eb Ministris\u00eb s\u00eb Brendshme dhe asaj t\u00eb Arsimit, jemi trajtuar mbi \u00e7\u00ebshtjen e siguris\u00eb s\u00eb f\u00ebmij\u00ebve t\u00eb shkoll\u00ebs. Ne kemi suportin e Policis\u00eb s\u00eb Shtetit dhe asaj Bashkiake. T\u00eb dyja monitorojn\u00eb mbar\u00ebvajtjen e procesit t\u00eb m\u00ebsimit.<\/em><\/span><\/p>\n<p><span style=\"color: #000000;\"><em>Besoj se v\u00ebrtet\u00eb se roli i oficerit t\u00eb siguris\u00eb n\u00eb shkolla, ka sjell\u00eb ndryshim jo vet\u00ebm n\u00eb monitorim por edhe n\u00eb parandalim t\u00eb incidenteve dhe situata t\u00eb rrezikshme\u201d \u201d,<\/em> tha oficerja e siguris\u00eb e shkoll\u00ebs Kosova.<\/span><\/p>\n<p><span style=\"color: #000000;\">Nd\u00ebrsa Rama thekson se Policia e Shtetit dhe Policia Bashkiake do t\u00eb b\u00ebjn\u00eb b\u00ebjn\u00eb edhe monitorimin e hap\u00ebsirave brenda perimetrit t\u00eb shkollave.<\/span><\/p>\n<p><span style=\"color: #000000;\"><em>\u201cN\u00eb shkollat publike jan\u00eb vendosur oficer\u00eb sigurie t\u00eb cil\u00ebt do t\u00eb garantojn\u00eb mbrojtjen e nx\u00ebn\u00ebsve nga \u00e7do fenomen negativ i lidhur me dhun\u00ebn apo rreziqet online<\/em><\/span><\/p>\n<p><span style=\"color: #000000;\"><em>Fal\u00eb edhe bashk\u00ebpunimit me Ministrin\u00eb e Brendshme dhe Ministrin\u00eb e Arsimit, jan\u00eb zhvilluar trajnime specifike p\u00ebr oficer\u00ebt e siguris\u00eb p\u00ebr t\u00eb garantuar sigurin\u00eb e nx\u00ebn\u00ebsve n\u00eb shkollat publike, ku suport do t\u00eb jet\u00eb edhe Policia e Shtetit dhe Policia Bashkiake t\u00eb cil\u00ebt b\u00ebjn\u00eb monitorimin e tyre n\u00eb hap\u00ebsirat brenda perimetrit t\u00eb shkollave, duke b\u00ebr\u00eb jo vet\u00ebm monitorim por dhe parandalimin e\u00a0 incidenteve t\u00eb ndryshme<\/em>\u201d, shkruan Rama.<\/span><\/p>\n<p><iframe loading=\"lazy\" style=\"border: none; overflow: hidden;\" src=\"https:\/\/www.facebook.com\/plugins\/video.php?height=314&amp;href=https%3A%2F%2Fweb.facebook.com%2Fediramaal%2Fvideos%2F1711155246187206%2F&amp;show_text=false&amp;width=560&amp;t=0\" width=\"560\" height=\"314\" frameborder=\"0\" scrolling=\"no\" allowfullscreen=\"allowfullscreen\"><\/iframe><\/p>\n","protected":false,"gt_translate_keys":[{"key":"rendered","format":"html"}]},"excerpt":{"rendered":"<p>Kryeministri Edi Rama n\u00eb nj\u00eb postim n\u00eb rrjetet sociale, shkruan se n\u00eb shkollat publike jan\u00eb vendosur oficer\u00eb sigurie t\u00eb cil\u00ebt do t\u00eb garantojn\u00eb mbrojtjen e nx\u00ebn\u00ebsve nga \u00e7do fenomen negativ. N\u00eb pamjet e publikuara nga Rama, oficerja e siguris\u00eb e shkoll\u00ebs \u2018Kosova&#8217; n\u00eb Tiran\u00eb, ka deklaruar se roli i oficerit t\u00eb siguris\u00eb \u00ebsht\u00eb i r\u00ebnd\u00ebsish\u00ebm [&hellip;]<\/p>\n","protected":false,"gt_translate_keys":[{"key":"rendered","format":"html"}]},"author":32,"featured_media":763441,"comment_status":"closed","ping_status":"open","sticky":false,"template":"","format":"standard","meta":{"footnotes":""},"categories":[65],"tags":[],"class_list":["post-763440","post","type-post","status-publish","format-standard","has-post-thumbnail","hentry","category-lajme"],"gt_translate_keys":[{"key":"link","format":"url"}],"_links":{"self":[{"href":"https:\/\/www.hashtag.al\/index.php\/wp-json\/wp\/v2\/posts\/763440","targetHints":{"allow":["GET"]}}],"collection":[{"href":"https:\/\/www.hashtag.al\/index.php\/wp-json\/wp\/v2\/posts"}],"about":[{"href":"https:\/\/www.hashtag.al\/index.php\/wp-json\/wp\/v2\/types\/post"}],"author":[{"embeddable":true,"href":"https:\/\/www.hashtag.al\/index.php\/wp-json\/wp\/v2\/users\/32"}],"replies":[{"embeddable":true,"href":"https:\/\/www.hashtag.al\/index.php\/wp-json\/wp\/v2\/comments?post=763440"}],"version-history":[{"count":99999,"href":"https:\/\/www.hashtag.al\/index.php\/wp-json\/wp\/v2\/posts\/763440\/revisions"}],"predecessor-version":[{"id":763442,"href":"https:\/\/www.hashtag.al\/index.php\/wp-json\/wp\/v2\/posts\/763440\/revisions\/763442"}],"wp:featuredmedia":[{"embeddable":true,"href":"https:\/\/www.hashtag.al\/index.php\/wp-json\/wp\/v2\/media\/763441"}],"wp:attachment":[{"href":"https:\/\/www.hashtag.al\/index.php\/wp-json\/wp\/v2\/media?parent=763440"}],"wp:term":[{"taxonomy":"category","embeddable":true,"href":"https:\/\/www.hashtag.al\/index.php\/wp-json\/wp\/v2\/categories?post=763440"},{"taxonomy":"post_tag","embeddable":true,"href":"https:\/\/www.hashtag.al\/index.php\/wp-json\/wp\/v2\/tags?post=763440"}],"curies":[{"name":"wp","href":"https:\/\/api.w.org\/{rel}","templated":true}]}}