{"id":763415,"date":"2025-10-01T14:06:39","date_gmt":"2025-10-01T12:06:39","guid":{"rendered":"https:\/\/www.hashtag.al\/?p=763415"},"modified":"2025-10-01T14:06:39","modified_gmt":"2025-10-01T12:06:39","slug":"okb-thote-se-po-punon-qe-te-riktheje-furnizimin-me-rryme-ne-centralin-e-zaporizhjes","status":"publish","type":"post","link":"https:\/\/www.hashtag.al\/index.php\/2025\/10\/01\/okb-thote-se-po-punon-qe-te-riktheje-furnizimin-me-rryme-ne-centralin-e-zaporizhjes\/","title":{"rendered":"OKB thot\u00eb se po punon q\u00eb t\u00eb rikthej\u00eb furnizimin me rrym\u00eb n\u00eb centralin e Zaporizhj\u00ebs","gt_translate_keys":[{"key":"rendered","format":"text"}]},"content":{"rendered":"<p><span style=\"color: #000000;\"><img loading=\"lazy\" decoding=\"async\" class=\"alignnone size-medium wp-image-763416\" src=\"https:\/\/www.hashtag.al\/wp-content\/uploads\/2025\/10\/Screenshot-2025-10-01-043921-300x173.png\" alt=\"\" width=\"300\" height=\"173\" srcset=\"https:\/\/www.hashtag.al\/wp-content\/uploads\/2025\/10\/Screenshot-2025-10-01-043921-300x173.png 300w, https:\/\/www.hashtag.al\/wp-content\/uploads\/2025\/10\/Screenshot-2025-10-01-043921-1024x592.png 1024w, https:\/\/www.hashtag.al\/wp-content\/uploads\/2025\/10\/Screenshot-2025-10-01-043921-768x444.png 768w, https:\/\/www.hashtag.al\/wp-content\/uploads\/2025\/10\/Screenshot-2025-10-01-043921-250x145.png 250w, https:\/\/www.hashtag.al\/wp-content\/uploads\/2025\/10\/Screenshot-2025-10-01-043921.png 1143w\" sizes=\"auto, (max-width: 300px) 100vw, 300px\" \/><\/span><\/p>\n<p><span style=\"color: #000000;\">Agjencia Nd\u00ebrkomb\u00ebtare p\u00ebr Energji B\u00ebrthamore (IAEA) po punon p\u00ebr rikthimin e furnizimit me energji n\u00eb centralin b\u00ebrthamor t\u00eb Zaporizhj\u00ebs, n\u00eb juglindje t\u00eb Ukrain\u00ebs, tha kreu i k\u00ebsaj agjencie t\u00eb Kombeve t\u00eb Bashkuara.<\/span><\/p>\n<p><span style=\"color: #000000;\">Sekretari i P\u00ebrgjithsh\u00ebm i IAEA-s, Rafael Grossi, tha se po punon me t\u00eb dyja pal\u00ebt n\u00eb konfliktin e armatosur p\u00ebr ta zgjidhur k\u00ebt\u00eb \u00e7\u00ebshtje sa m\u00eb shpejt.<\/span><\/p>\n<p><span style=\"color: #000000;\">Presidenti ukrainas, Volodymyr Zelensky, ka th\u00ebn\u00eb m\u00eb her\u00ebt se situata n\u00eb centralin b\u00ebrthamor \u00ebsht\u00eb kritike pasi ka hyr\u00eb n\u00eb dit\u00ebn e shtat\u00eb t\u00eb emergjenc\u00ebs.<\/span><\/p>\n<p><span style=\"color: #000000;\">\u00a0Furnizimi me energji n\u00eb central po mund\u00ebsohet p\u00ebrmes gjenerator\u00ebve me naft\u00eb, deklaroi Zelensky, duke shtuar se granatimet ruse po parandalojn\u00eb riparimin e linjave t\u00eb energjis\u00eb n\u00eb central dhe rikthimin e masave baz\u00eb t\u00eb siguris\u00eb.<\/span><\/p>\n<p><span style=\"color: #000000;\">\u201c<em>P\u00ebr shkak t\u00eb granatimeve ruse, centrali ka mbetur pa energji, \u00ebsht\u00eb shk\u00ebputur nga rrjeti elektrik dhe po furnizohet me rrym\u00eb p\u00ebrmes gjenerator\u00ebve me naft\u00eb\u201d,<\/em> shkroi ai n\u00eb X. \u201c<em>Kjo \u00ebsht\u00eb situat\u00eb e jasht\u00ebzakonshme. Gjenerator\u00ebt n\u00eb central nuk jan\u00eb t\u00eb dizajnuar p\u00ebr k\u00ebt\u00eb gj\u00eb, nuk kan\u00eb operuar kurr\u00eb kaq gjat\u00eb dhe ne ve\u00e7se kemi informacione se nj\u00eb gjenerator \u00ebsht\u00eb prishur\u201d.<\/em><\/span><\/p>\n<p><span style=\"color: #000000;\">Zelensky tha se ka k\u00ebrc\u00ebnim \u201cp\u00ebr t\u00eb gjith\u00eb\u201d dhe asnj\u00eb terrorist \u201cnuk ka guxuar asnj\u00ebher\u00eb t\u2019ia b\u00ebj\u00eb k\u00ebt\u00eb q\u00eb Rusia po ja b\u00ebn k\u00ebtij centrali b\u00ebrthamor\u201d.<\/span><\/p>\n<p><span style=\"color: #000000;\">Grossi tha se ai ishte \u201cn\u00eb kontakt t\u00eb vazhduesh\u00ebm me dy pal\u00ebt me q\u00ebllim q\u00eb t\u00eb mund\u00ebsohet rilidhja e shpejt\u00eb e centralit n\u00eb rrjetin elektrik\u201d.<\/span><\/p>\n<p><span style=\"color: #000000;\"><em>\u201cNd\u00ebrsa centrali aktualisht po e p\u00ebrballon situat\u00ebn fal\u00eb gjenerator\u00ebve emergjent\u00eb me naft\u00eb \u2013 linja e fundit e mbrojtjes \u2014 dhe nuk ka rrezik t\u00eb menj\u00ebhersh\u00ebm p\u00ebr sa koh\u00eb q\u00eb ata vazhdojn\u00eb t\u00eb funksionojn\u00eb, kjo qart\u00eb nuk \u00ebsht\u00eb nj\u00eb situat\u00eb e q\u00ebndrueshme nga pik\u00ebpamja e siguris\u00eb b\u00ebrthamore\u201d,<\/em> tha ai n\u00eb nj\u00eb deklarat\u00eb, sipas Reuters.<\/span><\/p>\n<p><span style=\"color: #000000;\">\u201c<em>Asnj\u00ebra pal\u00eb nuk do t\u00eb p\u00ebrfitonte nga nj\u00eb incident b\u00ebrthamor\u201d,<\/em> shtoi ai.<\/span><\/p>\n<p><span style=\"color: #000000;\">Grossi tha se t\u00eb dyja pal\u00ebt kan\u00eb th\u00ebn\u00eb se aktiviteti b\u00ebrthamor i ka parandaluar q\u00eb t\u00eb kryejn\u00eb riparimet e nevojshme.<\/span><\/p>\n<p><span style=\"color: #000000;\">Autoriteti ukrainas p\u00ebr energji b\u00ebrthamore, Enerhoatom, njoftoi p\u00ebr nd\u00ebrprerjen e dhjet\u00eb n\u00eb centralin e Zaporizhj\u00ebs m\u00eb 23 shtator, duke th\u00ebn\u00eb se linja e fundit e energjis\u00eb q\u00eb lidhte centralin me sistemin elektrik ukrainas ishte shk\u00ebputur.<\/span><\/p>\n<p><span style=\"color: #000000;\">P\u00ebrfaq\u00ebsuesit e IAEA-s n\u00eb central konfirmuan se gjenerator\u00ebt emergjent\u00eb kishin filluar t\u00eb funksionojn\u00eb p\u00ebr t\u00eb furnizuar centralin me energji elektrike.<\/span><\/p>\n<p><span style=\"color: #000000;\">Zaporizhja \u00ebsht\u00eb centrali m\u00eb i madh b\u00ebrthamor n\u00eb Evrop\u00eb. Ai ra n\u00ebn kontrollin rus pak pasi Moska nisi pushtimin e Ukrain\u00ebs m\u00eb 2022. Reaktor\u00ebt e centralit jan\u00eb ndalur, por centralit i duhet energji q\u00eb t\u00eb mbaj\u00eb funksionet e siguris\u00eb, sikurse \u00ebsht\u00eb ftohja e reaktor\u00ebve.\/<span style=\"color: #0000ff;\"><a style=\"color: #0000ff;\" href=\"https:\/\/www.evropaelire.org\/a\/okb-energji-elektrike-centrali-zaporizhja-\/33545931.html\">REL<\/a><\/span><\/span><\/p>\n","protected":false,"gt_translate_keys":[{"key":"rendered","format":"html"}]},"excerpt":{"rendered":"<p>Agjencia Nd\u00ebrkomb\u00ebtare p\u00ebr Energji B\u00ebrthamore (IAEA) po punon p\u00ebr rikthimin e furnizimit me energji n\u00eb centralin b\u00ebrthamor t\u00eb Zaporizhj\u00ebs, n\u00eb juglindje t\u00eb Ukrain\u00ebs, tha kreu i k\u00ebsaj agjencie t\u00eb Kombeve t\u00eb Bashkuara. Sekretari i P\u00ebrgjithsh\u00ebm i IAEA-s, Rafael Grossi, tha se po punon me t\u00eb dyja pal\u00ebt n\u00eb konfliktin e armatosur p\u00ebr ta zgjidhur k\u00ebt\u00eb [&hellip;]<\/p>\n","protected":false,"gt_translate_keys":[{"key":"rendered","format":"html"}]},"author":32,"featured_media":763416,"comment_status":"closed","ping_status":"open","sticky":false,"template":"","format":"standard","meta":{"footnotes":""},"categories":[6],"tags":[],"class_list":["post-763415","post","type-post","status-publish","format-standard","has-post-thumbnail","hentry","category-nderkombetare"],"gt_translate_keys":[{"key":"link","format":"url"}],"_links":{"self":[{"href":"https:\/\/www.hashtag.al\/index.php\/wp-json\/wp\/v2\/posts\/763415","targetHints":{"allow":["GET"]}}],"collection":[{"href":"https:\/\/www.hashtag.al\/index.php\/wp-json\/wp\/v2\/posts"}],"about":[{"href":"https:\/\/www.hashtag.al\/index.php\/wp-json\/wp\/v2\/types\/post"}],"author":[{"embeddable":true,"href":"https:\/\/www.hashtag.al\/index.php\/wp-json\/wp\/v2\/users\/32"}],"replies":[{"embeddable":true,"href":"https:\/\/www.hashtag.al\/index.php\/wp-json\/wp\/v2\/comments?post=763415"}],"version-history":[{"count":99999,"href":"https:\/\/www.hashtag.al\/index.php\/wp-json\/wp\/v2\/posts\/763415\/revisions"}],"predecessor-version":[{"id":763417,"href":"https:\/\/www.hashtag.al\/index.php\/wp-json\/wp\/v2\/posts\/763415\/revisions\/763417"}],"wp:featuredmedia":[{"embeddable":true,"href":"https:\/\/www.hashtag.al\/index.php\/wp-json\/wp\/v2\/media\/763416"}],"wp:attachment":[{"href":"https:\/\/www.hashtag.al\/index.php\/wp-json\/wp\/v2\/media?parent=763415"}],"wp:term":[{"taxonomy":"category","embeddable":true,"href":"https:\/\/www.hashtag.al\/index.php\/wp-json\/wp\/v2\/categories?post=763415"},{"taxonomy":"post_tag","embeddable":true,"href":"https:\/\/www.hashtag.al\/index.php\/wp-json\/wp\/v2\/tags?post=763415"}],"curies":[{"name":"wp","href":"https:\/\/api.w.org\/{rel}","templated":true}]}}