{"id":763295,"date":"2025-09-30T17:33:50","date_gmt":"2025-09-30T15:33:50","guid":{"rendered":"https:\/\/www.hashtag.al\/?p=763295"},"modified":"2025-09-30T17:33:50","modified_gmt":"2025-09-30T15:33:50","slug":"ambasadori-i-osbe-se-michel-tarran-takim-me-dumanin-diskutime-mbi-bashkepunimin-me-spak","status":"publish","type":"post","link":"https:\/\/www.hashtag.al\/index.php\/2025\/09\/30\/ambasadori-i-osbe-se-michel-tarran-takim-me-dumanin-diskutime-mbi-bashkepunimin-me-spak\/","title":{"rendered":"Ambasadori i OSBE-s\u00eb, Michel Tarran, takim me Dumanin, diskutime mbi bashk\u00ebpunimin me SPAK","gt_translate_keys":[{"key":"rendered","format":"text"}]},"content":{"rendered":"<p>&nbsp;<\/p>\n<p><span style=\"color: #000000;\"><img loading=\"lazy\" decoding=\"async\" class=\"alignnone size-medium wp-image-763296\" src=\"https:\/\/www.hashtag.al\/wp-content\/uploads\/2025\/09\/osbeee_sd-300x169.jpg\" alt=\"\" width=\"300\" height=\"169\" srcset=\"https:\/\/www.hashtag.al\/wp-content\/uploads\/2025\/09\/osbeee_sd-300x169.jpg 300w, https:\/\/www.hashtag.al\/wp-content\/uploads\/2025\/09\/osbeee_sd-1024x576.jpg 1024w, https:\/\/www.hashtag.al\/wp-content\/uploads\/2025\/09\/osbeee_sd-768x432.jpg 768w, https:\/\/www.hashtag.al\/wp-content\/uploads\/2025\/09\/osbeee_sd.jpg 1280w\" sizes=\"auto, (max-width: 300px) 100vw, 300px\" \/><\/span><\/p>\n<p><span style=\"color: #000000;\">Ambasadori i OSBE-s\u00eb n\u00eb Shqip\u00ebri, Michel Tarran, zhvilloi sot nj\u00eb takim me drejtuesin e Struktur\u00ebs s\u00eb Posa\u00e7me kund\u00ebr Korrupsionit dhe Krimit t\u00eb Organizuar (SPAK), Altin Dumani, ku u ripohua angazhimi p\u00ebr bashk\u00ebpunim t\u00eb ngusht\u00eb dhe konstruktiv nd\u00ebrmjet Prezenc\u00ebs s\u00eb OSBE-s\u00eb dhe SPAK-ut.<\/span><\/p>\n<p><span style=\"color: #000000;\">Lajmi u b\u00eb i ditur nga vet\u00eb Prezenca e OSBE-s\u00eb n\u00eb Tiran\u00eb p\u00ebrmes nj\u00eb postimi n\u00eb rrjetin social Facebook, ku theksohet mb\u00ebshtetja e vazhdueshme p\u00ebr forcimin e shtetit t\u00eb s\u00eb drejt\u00ebs n\u00eb vend.<\/span><\/p>\n<p><span style=\"color: #000000;\">Gjat\u00eb takimit, ambasadori Tarran vler\u00ebsoi rolin ky\u00e7 t\u00eb SPAK-ut n\u00eb luft\u00ebn kund\u00ebr korrupsionit dhe n\u00eb forcimin e integritetit, transparenc\u00ebs dhe pavar\u00ebsis\u00eb s\u00eb sistemit t\u00eb drejt\u00ebsis\u00eb n\u00eb Shqip\u00ebri.<\/span><\/p>\n<p><span style=\"color: #000000;\">Ai ve\u00e7oi gjithashtu kontributin e SPAK-ut n\u00eb adresimin e krimeve zgjedhore n\u00eb kuad\u00ebr t\u00eb zgjedhjeve parlamentare t\u00eb k\u00ebtij viti.<\/span><\/p>\n<p><span style=\"color: #000000;\">Tarran dhe Dumani diskutuan edhe mbi fushat aktuale dhe t\u00eb ardhshme t\u00eb bashk\u00ebpunimit, duke shk\u00ebmbyer ide p\u00ebr m\u00ebnyrat konkrete n\u00eb t\u00eb cilat OSBE mund t\u00eb ofroj\u00eb mb\u00ebshtetje m\u00eb t\u00eb drejtp\u00ebrdrejt\u00eb dhe t\u00eb p\u00ebrshtatur ndaj objektivave strategjik\u00eb t\u00eb SPAK-ut.<\/span><\/p>\n<p><span style=\"color: #000000;\">Nj\u00eb tjet\u00ebr tem\u00eb e r\u00ebnd\u00ebsishme e diskutimit ishte p\u00ebrqindja e lart\u00eb e t\u00eb paraburgosurve n\u00eb Shqip\u00ebri, p\u00ebr t\u00eb cil\u00ebn ambasadori Tarran shprehu gatishm\u00ebrin\u00eb e OSBE-s\u00eb p\u00ebr t\u00eb bashk\u00ebpunuar me nj\u00eb gam\u00eb t\u00eb gjer\u00eb institucionesh n\u00eb gjetjen e zgjidhjeve t\u00eb q\u00ebndrueshme.<\/span><\/p>\n<p><span style=\"color: #000000;\">N\u00eb vijim, Prezenca e OSBE-s\u00eb po p\u00ebrgatit nj\u00eb program t\u00eb ri trajnimi q\u00eb synon parandalimin e pastrimit t\u00eb parave, forcimin e luft\u00ebs kund\u00ebr korrupsionit dhe nxitjen e bashk\u00ebpunimit nd\u00ebrkomb\u00ebtar n\u00eb hetime t\u00eb nd\u00ebrlikuara, duke thelluar m\u00eb tej bashk\u00ebpunimin nd\u00ebrinstitucional.<\/span><\/p>\n","protected":false,"gt_translate_keys":[{"key":"rendered","format":"html"}]},"excerpt":{"rendered":"<p>&nbsp; Ambasadori i OSBE-s\u00eb n\u00eb Shqip\u00ebri, Michel Tarran, zhvilloi sot nj\u00eb takim me drejtuesin e Struktur\u00ebs s\u00eb Posa\u00e7me kund\u00ebr Korrupsionit dhe Krimit t\u00eb Organizuar (SPAK), Altin Dumani, ku u ripohua angazhimi p\u00ebr bashk\u00ebpunim t\u00eb ngusht\u00eb dhe konstruktiv nd\u00ebrmjet Prezenc\u00ebs s\u00eb OSBE-s\u00eb dhe SPAK-ut. Lajmi u b\u00eb i ditur nga vet\u00eb Prezenca e OSBE-s\u00eb n\u00eb Tiran\u00eb [&hellip;]<\/p>\n","protected":false,"gt_translate_keys":[{"key":"rendered","format":"html"}]},"author":32,"featured_media":763296,"comment_status":"closed","ping_status":"open","sticky":false,"template":"","format":"standard","meta":{"footnotes":""},"categories":[65],"tags":[],"class_list":["post-763295","post","type-post","status-publish","format-standard","has-post-thumbnail","hentry","category-lajme"],"gt_translate_keys":[{"key":"link","format":"url"}],"_links":{"self":[{"href":"https:\/\/www.hashtag.al\/index.php\/wp-json\/wp\/v2\/posts\/763295","targetHints":{"allow":["GET"]}}],"collection":[{"href":"https:\/\/www.hashtag.al\/index.php\/wp-json\/wp\/v2\/posts"}],"about":[{"href":"https:\/\/www.hashtag.al\/index.php\/wp-json\/wp\/v2\/types\/post"}],"author":[{"embeddable":true,"href":"https:\/\/www.hashtag.al\/index.php\/wp-json\/wp\/v2\/users\/32"}],"replies":[{"embeddable":true,"href":"https:\/\/www.hashtag.al\/index.php\/wp-json\/wp\/v2\/comments?post=763295"}],"version-history":[{"count":99999,"href":"https:\/\/www.hashtag.al\/index.php\/wp-json\/wp\/v2\/posts\/763295\/revisions"}],"predecessor-version":[{"id":763297,"href":"https:\/\/www.hashtag.al\/index.php\/wp-json\/wp\/v2\/posts\/763295\/revisions\/763297"}],"wp:featuredmedia":[{"embeddable":true,"href":"https:\/\/www.hashtag.al\/index.php\/wp-json\/wp\/v2\/media\/763296"}],"wp:attachment":[{"href":"https:\/\/www.hashtag.al\/index.php\/wp-json\/wp\/v2\/media?parent=763295"}],"wp:term":[{"taxonomy":"category","embeddable":true,"href":"https:\/\/www.hashtag.al\/index.php\/wp-json\/wp\/v2\/categories?post=763295"},{"taxonomy":"post_tag","embeddable":true,"href":"https:\/\/www.hashtag.al\/index.php\/wp-json\/wp\/v2\/tags?post=763295"}],"curies":[{"name":"wp","href":"https:\/\/api.w.org\/{rel}","templated":true}]}}