{"id":763231,"date":"2025-09-30T13:00:57","date_gmt":"2025-09-30T11:00:57","guid":{"rendered":"https:\/\/www.hashtag.al\/?p=763231"},"modified":"2025-09-30T13:00:57","modified_gmt":"2025-09-30T11:00:57","slug":"kemi-bere-publikimin-e-regjistrimit-te-kerkeses-gjykata-kushtetuese-per-rastin-e-veliajt","status":"publish","type":"post","link":"https:\/\/www.hashtag.al\/index.php\/2025\/09\/30\/kemi-bere-publikimin-e-regjistrimit-te-kerkeses-gjykata-kushtetuese-per-rastin-e-veliajt\/","title":{"rendered":"\u201cKemi b\u00ebr\u00eb publikimin e regjistrimit t\u00eb k\u00ebrkes\u00ebs\u201d &#8211; Gjykata Kushtetuese p\u00ebr rastin e Veliajt","gt_translate_keys":[{"key":"rendered","format":"text"}]},"content":{"rendered":"<p><a href=\"https:\/\/www.hashtag.al\/wp-content\/uploads\/2025\/09\/GJK-Perberja.jpg\"><img loading=\"lazy\" decoding=\"async\" class=\"aligncenter size-full wp-image-763232\" src=\"https:\/\/www.hashtag.al\/wp-content\/uploads\/2025\/09\/GJK-Perberja.jpg\" alt=\"\" width=\"1536\" height=\"851\" srcset=\"https:\/\/www.hashtag.al\/wp-content\/uploads\/2025\/09\/GJK-Perberja.jpg 1536w, https:\/\/www.hashtag.al\/wp-content\/uploads\/2025\/09\/GJK-Perberja-300x166.jpg 300w, https:\/\/www.hashtag.al\/wp-content\/uploads\/2025\/09\/GJK-Perberja-1024x567.jpg 1024w, https:\/\/www.hashtag.al\/wp-content\/uploads\/2025\/09\/GJK-Perberja-768x426.jpg 768w, https:\/\/www.hashtag.al\/wp-content\/uploads\/2025\/09\/GJK-Perberja-750x415.jpg 750w\" sizes=\"auto, (max-width: 1536px) 100vw, 1536px\" \/><\/a><\/p>\n<p><span style=\"color: #000000;\">Gjykata Kushtetuese njoftoi sot se ka b\u00ebr\u00eb publikimin e regjistrimit t\u00eb k\u00ebrkes\u00ebs s\u00eb kryebashkiakut t\u00eb Tiran\u00ebs Erion Veliaj. Ky i fundit \u00e7oi n\u00eb Kushtetuese shkarkimin e tij nga ana e qeveris\u00eb duke e kund\u00ebrshtuar at\u00eb.<\/span><\/p>\n<p><span style=\"color: #000000;\"><em><i>\u201c<\/i><\/em><em><i>Gjykata ka b<\/i><\/em><em><i>\u00eb<\/i><\/em><em><i>r<\/i><\/em><em><i>\u00eb<\/i><\/em><em><i>\u00a0publikimin e regjistrimit t<\/i><\/em><em><i>\u00eb<\/i><\/em><em><i>\u00a0k<\/i><\/em><em><i>\u00eb<\/i><\/em><em><i>rkes<\/i><\/em><em><i>\u00eb<\/i><\/em><em><i>s. Shpallja <\/i><\/em><em><i>\u00eb<\/i><\/em><em><i>sht<\/i><\/em><em><i>\u00eb<\/i><\/em><em><i>\u00a0e barazvlefshme me njoftimin publik.<\/i><\/em><em><i>\u201d<\/i><\/em>\u00a0&#8211; tha gjykata.<\/span><\/p>\n<p><span style=\"color: #000000;\">Pes\u00eb dit\u00eb m\u00eb pat\u00eb qeveria shkarkoi kryebashkiakun e arrestuar t\u00eb Tiran\u00ebs Veliaj. N\u00eb vend t\u00eb tij Rama ka em\u00ebruar Ogerta Manastirliun p\u00ebr t\u00eb p\u00ebrfaq\u00ebsuar PS-n\u00eb n\u00eb zgjedhjet e pjesshme q\u00eb do mbahen gjithashtu n\u00eb pes\u00eb bashki t\u00eb tjera pa kryetar.<\/span><\/p>\n<p><span style=\"color: #000000;\">Dit\u00ebn e sotme kryeministri Rama \u00e7oi n\u00eb presidenc\u00eb vakancat p\u00ebr gjasht\u00eb bashki n\u00eb vend.<\/span><\/p>\n","protected":false,"gt_translate_keys":[{"key":"rendered","format":"html"}]},"excerpt":{"rendered":"<p>Gjykata Kushtetuese njoftoi sot se ka b\u00ebr\u00eb publikimin e regjistrimit t\u00eb k\u00ebrkes\u00ebs s\u00eb kryebashkiakut t\u00eb Tiran\u00ebs Erion Veliaj. Ky i fundit \u00e7oi n\u00eb Kushtetuese shkarkimin e tij nga ana e qeveris\u00eb duke e kund\u00ebrshtuar at\u00eb. \u201cGjykata ka b\u00ebr\u00eb\u00a0publikimin e regjistrimit t\u00eb\u00a0k\u00ebrkes\u00ebs. Shpallja \u00ebsht\u00eb\u00a0e barazvlefshme me njoftimin publik.\u201d\u00a0&#8211; tha gjykata. Pes\u00eb dit\u00eb m\u00eb pat\u00eb qeveria shkarkoi [&hellip;]<\/p>\n","protected":false,"gt_translate_keys":[{"key":"rendered","format":"html"}]},"author":51,"featured_media":763232,"comment_status":"closed","ping_status":"open","sticky":false,"template":"","format":"standard","meta":{"footnotes":""},"categories":[65],"tags":[],"class_list":["post-763231","post","type-post","status-publish","format-standard","has-post-thumbnail","hentry","category-lajme"],"gt_translate_keys":[{"key":"link","format":"url"}],"_links":{"self":[{"href":"https:\/\/www.hashtag.al\/index.php\/wp-json\/wp\/v2\/posts\/763231","targetHints":{"allow":["GET"]}}],"collection":[{"href":"https:\/\/www.hashtag.al\/index.php\/wp-json\/wp\/v2\/posts"}],"about":[{"href":"https:\/\/www.hashtag.al\/index.php\/wp-json\/wp\/v2\/types\/post"}],"author":[{"embeddable":true,"href":"https:\/\/www.hashtag.al\/index.php\/wp-json\/wp\/v2\/users\/51"}],"replies":[{"embeddable":true,"href":"https:\/\/www.hashtag.al\/index.php\/wp-json\/wp\/v2\/comments?post=763231"}],"version-history":[{"count":99999,"href":"https:\/\/www.hashtag.al\/index.php\/wp-json\/wp\/v2\/posts\/763231\/revisions"}],"predecessor-version":[{"id":763233,"href":"https:\/\/www.hashtag.al\/index.php\/wp-json\/wp\/v2\/posts\/763231\/revisions\/763233"}],"wp:featuredmedia":[{"embeddable":true,"href":"https:\/\/www.hashtag.al\/index.php\/wp-json\/wp\/v2\/media\/763232"}],"wp:attachment":[{"href":"https:\/\/www.hashtag.al\/index.php\/wp-json\/wp\/v2\/media?parent=763231"}],"wp:term":[{"taxonomy":"category","embeddable":true,"href":"https:\/\/www.hashtag.al\/index.php\/wp-json\/wp\/v2\/categories?post=763231"},{"taxonomy":"post_tag","embeddable":true,"href":"https:\/\/www.hashtag.al\/index.php\/wp-json\/wp\/v2\/tags?post=763231"}],"curies":[{"name":"wp","href":"https:\/\/api.w.org\/{rel}","templated":true}]}}