{"id":762876,"date":"2025-09-28T09:27:10","date_gmt":"2025-09-28T07:27:10","guid":{"rendered":"https:\/\/www.hashtag.al\/?p=762876"},"modified":"2025-09-28T09:27:10","modified_gmt":"2025-09-28T07:27:10","slug":"rama-kosova-nuk-duhet-te-shohe-nga-beogradi-por-te-beje-detyrat-e-veta","status":"publish","type":"post","link":"https:\/\/www.hashtag.al\/index.php\/2025\/09\/28\/rama-kosova-nuk-duhet-te-shohe-nga-beogradi-por-te-beje-detyrat-e-veta\/","title":{"rendered":"Rama: Kosova nuk duhet t\u00eb shoh\u00eb nga Beogradi, por t\u00eb b\u00ebj\u00eb detyrat e veta","gt_translate_keys":[{"key":"rendered","format":"text"}]},"content":{"rendered":"<p data-start=\"228\" data-end=\"470\"><span style=\"color: #000000;\"><img loading=\"lazy\" decoding=\"async\" class=\"size-medium wp-image-761632 aligncenter\" src=\"https:\/\/www.hashtag.al\/wp-content\/uploads\/2025\/09\/1758356306_edirama-300x169.jpg\" alt=\"\" width=\"300\" height=\"169\" srcset=\"https:\/\/www.hashtag.al\/wp-content\/uploads\/2025\/09\/1758356306_edirama-300x169.jpg 300w, https:\/\/www.hashtag.al\/wp-content\/uploads\/2025\/09\/1758356306_edirama-768x433.jpg 768w, https:\/\/www.hashtag.al\/wp-content\/uploads\/2025\/09\/1758356306_edirama.jpg 780w\" sizes=\"auto, (max-width: 300px) 100vw, 300px\" \/><br \/>\nKryeministri i Shqip\u00ebris\u00eb, Edi Rama, n\u00eb nj\u00eb intervist\u00eb p\u00ebr Klan Kosova, ka folur p\u00ebr situat\u00ebn aktuale politike n\u00eb Kosov\u00eb, p\u00ebr rrug\u00ebtimin e saj drejt integrimit evropian, si dhe p\u00ebr procesin gjyq\u00ebsor n\u00eb Hag\u00eb ndaj ish-krer\u00ebve t\u00eb U\u00c7K-s\u00eb.<\/span><\/p>\n<p data-start=\"472\" data-end=\"674\"><span style=\"color: #000000;\">Rama u shpreh se integrimi i Kosov\u00ebs n\u00eb Bashkimin Europian \u00ebsht\u00eb rruga e vetme drejt paqes dhe stabilitetit, duke theksuar se ky proces nuk duhet t\u00eb kusht\u00ebzohet nga q\u00ebndrimet apo veprimet e Serbis\u00eb.<\/span><\/p>\n<p data-start=\"678\" data-end=\"952\"><span style=\"color: #000000;\">\u201cQ\u00eb t\u00eb fitoj\u00eb paqen, Kosova duhet t\u00eb sistemohet n\u00eb tryez\u00ebn e bashk\u00ebsis\u00eb demokratike. Nuk duhet t\u00eb shoh\u00eb fare nga Beogradi. Duhet t\u00eb b\u00ebj\u00eb detyrat e veta p\u00ebr veten dhe t\u00eb ardhmen e saj, jo p\u00ebr Serbin\u00eb\u201d, u shpreh Rama, duke iu drejtuar edhe kryeministrit n\u00eb detyr\u00eb Albin Kurti.<\/span><\/p>\n<p data-start=\"954\" data-end=\"1102\"><span style=\"color: #000000;\">Ai theksoi se Kosova duhet t\u00eb p\u00ebrmbush\u00eb t\u00eb gjitha pikat e dialogut me Bashkimin Evropian dhe SHBA-t\u00eb, edhe n\u00ebse Serbia nuk e b\u00ebn t\u00eb nj\u00ebjt\u00ebn gj\u00eb:<\/span><\/p>\n<p data-start=\"1106\" data-end=\"1258\"><span style=\"color: #000000;\">\u201cN\u00ebse Kosova i p\u00ebrmbush obligimet dhe Serbia jo, at\u00ebher\u00eb ka m\u00eb shum\u00eb t\u00eb drejt\u00eb t\u2019u thot\u00eb t\u00eb gjith\u00ebve: \u2018Shkoni merruni me Serbin\u00eb, un\u00eb dua rrug\u00ebn time\u2019.\u201d<\/span><\/p>\n<p data-start=\"1378\" data-end=\"1666\"><span style=\"color: #000000;\">Nd\u00ebrsa komentoi p\u00ebr Gjykat\u00ebn Speciale n\u00eb Hag\u00eb, ku ndodhen n\u00eb paraburgim ish-krer\u00ebt e Ushtris\u00eb \u00c7lirimtare t\u00eb Kosov\u00ebs \u2013 Hashim Tha\u00e7i, Kadri Veseli, Jakup Krasniqi dhe Rexhep Selimi \u2013 Rama tha se kjo gjykat\u00eb u krijua mbi nj\u00eb raport t\u00eb pabazuar t\u00eb politikanit zviceran Dick Marty.<\/span><\/p>\n<p data-start=\"1670\" data-end=\"1913\"><span style=\"color: #000000;\">\u201cKrijimi i Gjykat\u00ebs \u00ebsht\u00eb nxitur nga raporti i fam\u00ebkeq i Dick Martyt. N\u00eb t\u00eb gjith\u00eb zhvillimin e procesit nuk ka asnj\u00eb prov\u00eb p\u00ebr trafik organesh, por insinuata dhe d\u00ebshmitar\u00eb qesharak\u00eb q\u00eb duken si aktor\u00eb t\u00eb epok\u00ebs s\u00eb Milloshevi\u00e7it\u201d, theksoi ai.<\/span><\/p>\n","protected":false,"gt_translate_keys":[{"key":"rendered","format":"html"}]},"excerpt":{"rendered":"<p>Kryeministri i Shqip\u00ebris\u00eb, Edi Rama, n\u00eb nj\u00eb intervist\u00eb p\u00ebr Klan Kosova, ka folur p\u00ebr situat\u00ebn aktuale politike n\u00eb Kosov\u00eb, p\u00ebr rrug\u00ebtimin e saj drejt integrimit evropian, si dhe p\u00ebr procesin gjyq\u00ebsor n\u00eb Hag\u00eb ndaj ish-krer\u00ebve t\u00eb U\u00c7K-s\u00eb. Rama u shpreh se integrimi i Kosov\u00ebs n\u00eb Bashkimin Europian \u00ebsht\u00eb rruga e vetme drejt paqes dhe stabilitetit, [&hellip;]<\/p>\n","protected":false,"gt_translate_keys":[{"key":"rendered","format":"html"}]},"author":32,"featured_media":761632,"comment_status":"closed","ping_status":"open","sticky":false,"template":"","format":"standard","meta":{"footnotes":""},"categories":[65],"tags":[],"class_list":["post-762876","post","type-post","status-publish","format-standard","has-post-thumbnail","hentry","category-lajme"],"gt_translate_keys":[{"key":"link","format":"url"}],"_links":{"self":[{"href":"https:\/\/www.hashtag.al\/index.php\/wp-json\/wp\/v2\/posts\/762876","targetHints":{"allow":["GET"]}}],"collection":[{"href":"https:\/\/www.hashtag.al\/index.php\/wp-json\/wp\/v2\/posts"}],"about":[{"href":"https:\/\/www.hashtag.al\/index.php\/wp-json\/wp\/v2\/types\/post"}],"author":[{"embeddable":true,"href":"https:\/\/www.hashtag.al\/index.php\/wp-json\/wp\/v2\/users\/32"}],"replies":[{"embeddable":true,"href":"https:\/\/www.hashtag.al\/index.php\/wp-json\/wp\/v2\/comments?post=762876"}],"version-history":[{"count":99999,"href":"https:\/\/www.hashtag.al\/index.php\/wp-json\/wp\/v2\/posts\/762876\/revisions"}],"predecessor-version":[{"id":762877,"href":"https:\/\/www.hashtag.al\/index.php\/wp-json\/wp\/v2\/posts\/762876\/revisions\/762877"}],"wp:featuredmedia":[{"embeddable":true,"href":"https:\/\/www.hashtag.al\/index.php\/wp-json\/wp\/v2\/media\/761632"}],"wp:attachment":[{"href":"https:\/\/www.hashtag.al\/index.php\/wp-json\/wp\/v2\/media?parent=762876"}],"wp:term":[{"taxonomy":"category","embeddable":true,"href":"https:\/\/www.hashtag.al\/index.php\/wp-json\/wp\/v2\/categories?post=762876"},{"taxonomy":"post_tag","embeddable":true,"href":"https:\/\/www.hashtag.al\/index.php\/wp-json\/wp\/v2\/tags?post=762876"}],"curies":[{"name":"wp","href":"https:\/\/api.w.org\/{rel}","templated":true}]}}