{"id":762838,"date":"2025-09-27T21:55:08","date_gmt":"2025-09-27T19:55:08","guid":{"rendered":"https:\/\/www.hashtag.al\/?p=762838"},"modified":"2025-09-27T21:55:08","modified_gmt":"2025-09-27T19:55:08","slug":"mijera-njerez-protestojne-ne-tel-aviv-kerkojne-lirimin-e-pengjeve","status":"publish","type":"post","link":"https:\/\/www.hashtag.al\/index.php\/2025\/09\/27\/mijera-njerez-protestojne-ne-tel-aviv-kerkojne-lirimin-e-pengjeve\/","title":{"rendered":"Mij\u00ebra njer\u00ebz protestojn\u00eb n\u00eb Tel Aviv, k\u00ebrkojn\u00eb lirimin e pengjeve","gt_translate_keys":[{"key":"rendered","format":"text"}]},"content":{"rendered":"<p><a href=\"https:\/\/www.hashtag.al\/wp-content\/uploads\/2025\/09\/HJ3o11sB3xe_203_202_807_454_0_x-large.jpg\"><img loading=\"lazy\" decoding=\"async\" class=\"aligncenter size-full wp-image-762839\" src=\"https:\/\/www.hashtag.al\/wp-content\/uploads\/2025\/09\/HJ3o11sB3xe_203_202_807_454_0_x-large.jpg\" alt=\"\" width=\"807\" height=\"454\" srcset=\"https:\/\/www.hashtag.al\/wp-content\/uploads\/2025\/09\/HJ3o11sB3xe_203_202_807_454_0_x-large.jpg 807w, https:\/\/www.hashtag.al\/wp-content\/uploads\/2025\/09\/HJ3o11sB3xe_203_202_807_454_0_x-large-300x169.jpg 300w, https:\/\/www.hashtag.al\/wp-content\/uploads\/2025\/09\/HJ3o11sB3xe_203_202_807_454_0_x-large-768x432.jpg 768w\" sizes=\"auto, (max-width: 807px) 100vw, 807px\" \/><\/a><\/p>\n<p><span style=\"color: #000000;\">Mij\u00ebra njer\u00ebz u mblodh\u00ebn t\u00eb shtun\u00ebn n\u00eb mbr\u00ebmje n\u00eb Sheshin e Pengjeve n\u00eb Tel Aviv p\u00ebr tubimin javor q\u00eb k\u00ebrkonte kthimin e izraelit\u00ebve q\u00eb ende mbaheshin n\u00eb Gaza, vet\u00ebm dy dit\u00eb para takimit kritik n\u00eb Sht\u00ebpin\u00eb e Bardh\u00eb t\u00eb Kryeministrit Benjamin Netanyahu me Presidentin e SHBA-s\u00eb Donald Trump, nisma e t\u00eb cilit e re p\u00ebr paqe synon t&#8217;i jap\u00eb fund luft\u00ebs dhe t\u00eb siguroj\u00eb lirimin e pengjeve.<\/span><\/p>\n<p><span style=\"color: #000000;\">Doron Steinbrecher, pengmarr\u00ebse e liruar, e cila u mbajt n\u00eb Gaza para lirimit t\u00eb saj, i tha turm\u00ebs se ndihet e pushtuar nga faji dhe d\u00ebshp\u00ebrimi i t\u00eb qenit e mbijetuar.<\/span><\/p>\n<p><span style=\"color: #000000;\"><em><i>\u201cDo doja q\u00eb pengjet t\u00eb m\u00eb d\u00ebgjonin tani\u201d<\/i><\/em>, tha ajo.<\/span><\/p>\n<p><span style=\"color: #000000;\"><em><i>\u201cBesoni se njer\u00ebzit tuaj ju duan k\u00ebtu. Zakonisht nuk b\u00ebrtas, por m\u00eb vjen t\u00eb b\u00ebrtas \u2018mjaft\u2019.\u201d<\/i><\/em><\/span><\/p>\n<p><span style=\"color: #000000;\">Steinbrecher foli p\u00ebr pesh\u00ebn e vazhdueshme t\u00eb fajit.<\/span><\/p>\n<p><span style=\"color: #000000;\"><em><i>\u201cNuk ka qet\u00ebsi. Faji q\u00eb un\u00eb jam k\u00ebtu dhe ata nuk jan\u00eb \u00ebsht\u00eb gjithmon\u00eb mbi kok\u00ebn time. Ti fle me faj, zgjohesh me faj, buz\u00ebqesh me faj. T\u00eb ndjek si nj\u00eb re.\u201d<\/i><\/em><\/span><\/p>\n<p><span style=\"color: #000000;\">Ajo kujtoi momentet n\u00eb rob\u00ebri kur ruante besimin.<\/span><\/p>\n<p><a href=\"https:\/\/www.hashtag.al\/wp-content\/uploads\/2025\/09\/rJJ911sH2ex_0_0_1280_720_0_x-large.jpg\"><img loading=\"lazy\" decoding=\"async\" class=\"aligncenter size-full wp-image-762840\" src=\"https:\/\/www.hashtag.al\/wp-content\/uploads\/2025\/09\/rJJ911sH2ex_0_0_1280_720_0_x-large.jpg\" alt=\"\" width=\"1024\" height=\"576\" srcset=\"https:\/\/www.hashtag.al\/wp-content\/uploads\/2025\/09\/rJJ911sH2ex_0_0_1280_720_0_x-large.jpg 1024w, https:\/\/www.hashtag.al\/wp-content\/uploads\/2025\/09\/rJJ911sH2ex_0_0_1280_720_0_x-large-300x169.jpg 300w, https:\/\/www.hashtag.al\/wp-content\/uploads\/2025\/09\/rJJ911sH2ex_0_0_1280_720_0_x-large-768x432.jpg 768w\" sizes=\"auto, (max-width: 1024px) 100vw, 1024px\" \/><\/a><\/p>\n<p><span style=\"color: #000000;\">&#8220;P\u00ebrpiqesh t\u00eb ruash besimin kur tuneli yt bombardohet dhe t\u00eb zhvendosin n\u00ebp\u00ebr rrug\u00ebt e Gaz\u00ebs. P\u00ebrpiqesh t\u00eb besosh kur helikopter\u00ebt bombardojn\u00eb sip\u00ebr teje, kur nuk t\u00eb japin ushqim, kur t\u00eb rrahin, kur sheh t\u00eb tjer\u00eb t\u00eb lirohen. P\u00ebrpiqesh t\u00eb besosh kur d\u00ebgjon premtimet e kryeministrit p\u00ebrmes altoparlant\u00ebve, kur d\u00ebgjon k\u00ebrc\u00ebnimet dhe zotimet e Trump. Kap \u00e7do gj\u00eb p\u00ebr t\u00eb besuar se nuk do t\u00eb harrohesh.&#8221;<\/span><\/p>\n<p><span style=\"color: #000000;\">Ronen Ohel, v\u00ebllai i pengut Alon Ohel, i par\u00eb n\u00eb nj\u00eb video t\u00eb Hamasit t\u00eb publikuar n\u00eb Rosh Hashanah, u tha personave n\u00eb tubim se familja e tij jeton me dhimbje t\u00eb padurueshme.<\/span><\/p>\n<p><span style=\"color: #000000;\"><em><i>\u201cVideoja jote m\u00eb theu\u201d,<\/i><\/em>\u00a0tha ai, duke iu drejtuar Alonit.<\/span><\/p>\n<p><span style=\"color: #000000;\"><em><i>\u201cPor nuk je vet\u00ebm, ne jemi me ty, i gjith\u00eb Izraeli \u00ebsht\u00eb me ty.\u201d<\/i><\/em><\/span><\/p>\n<p><span style=\"color: #000000;\">Ai i k\u00ebrkoi Netanyahut t\u00eb kthehej nga Uashingtoni me rezultate konkrete.<\/span><\/p>\n<p><span style=\"color: #000000;\"><em><i>&#8220;Jo letra, jo deklarata, jo vonesa. Tani \u00ebsht\u00eb rasti po\u00ebr ty\u00eb treguar se je nj\u00eb udh\u00ebheq\u00ebs. Mos u kthe pa th\u00ebn\u00eb: E solla Alonin n\u00eb sht\u00ebpi. I solla t\u00eb gjith\u00eb n\u00eb sht\u00ebpi.&#8221;<\/i><\/em><\/span><\/p>\n<p><a href=\"https:\/\/www.hashtag.al\/wp-content\/uploads\/2025\/09\/rkXDkp5Bngg_0_309_3000_1688_0_x-large.jpg\"><img loading=\"lazy\" decoding=\"async\" class=\"aligncenter size-full wp-image-762841\" src=\"https:\/\/www.hashtag.al\/wp-content\/uploads\/2025\/09\/rkXDkp5Bngg_0_309_3000_1688_0_x-large.jpg\" alt=\"\" width=\"1024\" height=\"576\" srcset=\"https:\/\/www.hashtag.al\/wp-content\/uploads\/2025\/09\/rkXDkp5Bngg_0_309_3000_1688_0_x-large.jpg 1024w, https:\/\/www.hashtag.al\/wp-content\/uploads\/2025\/09\/rkXDkp5Bngg_0_309_3000_1688_0_x-large-300x169.jpg 300w, https:\/\/www.hashtag.al\/wp-content\/uploads\/2025\/09\/rkXDkp5Bngg_0_309_3000_1688_0_x-large-768x432.jpg 768w\" sizes=\"auto, (max-width: 1024px) 100vw, 1024px\" \/><\/a><\/p>\n<p><span style=\"color: #000000;\">Duke folur pak para Yom Kippur, Ohel shtoi: <em><i>\u201cI k\u00ebrkoj falje Alonit, q\u00eb nuk je ende n\u00eb sht\u00ebpi, q\u00eb ndoshta nuk kam b\u00ebr\u00eb mjaftuesh\u00ebm. Por dua falje vet\u00ebm kur t\u00eb jesh p\u00ebrs\u00ebri me ne. Sepse e v\u00ebrteta \u00ebsht\u00eb se, \u00e7do moment q\u00eb je atje dhe ne jemi k\u00ebtu, nuk mund t\u00eb marr frym\u00eb.\u201d<\/i><\/em><\/span><\/p>\n<p><span style=\"color: #000000;\">Familjet b\u00ebjn\u00eb thirrje p\u00ebr t&#8217;i dh\u00ebn\u00eb fund luft\u00ebs. T\u00eb tjer\u00eb gjithashtu b\u00ebn\u00eb thirrje emocionale. Lishi Miran-Lavi, gruaja e pengut Omri Miran, paralajm\u00ebroi se lufta ka kaluar \u00e7do vij\u00eb t\u00eb kuqe.<\/span><\/p>\n<p><span style=\"color: #000000;\"><em><i>\u201c\u00c7do qytetar duhet t\u00eb jet\u00eb thell\u00ebsisht i shqet\u00ebsuar\u201d<\/i><\/em>, tha ajo.<\/span><\/p>\n<p><span style=\"color: #000000;\">Nira Sharabi, burri i s\u00eb cil\u00ebs, Yossi, u vra n\u00eb rob\u00ebrin\u00eb e Hamasit dhe trupi i s\u00eb cil\u00ebs mbetet n\u00eb Gaza, p\u00ebrshkroi momentet e qeta t\u00eb pik\u00ebllimit.<\/span><\/p>\n<p><span style=\"color: #000000;\"><em><i>\u201cNdonj\u00ebher\u00eb \u00ebsht\u00eb thjesht t\u00eb b\u00ebsh kafe dhe t\u00eb vendos\u00ebsh vet\u00ebm nj\u00eb filxhan\u201d<\/i><\/em>, tha ajo.<\/span><\/p>\n<p><span style=\"color: #000000;\"><em><i>\u201cNdonj\u00ebher\u00eb jan\u00eb dit\u00eblindjet, festat, p\u00ebrs\u00ebri 7 tetori. Dhe ende mbeten 48 pengje. \u00c7far\u00eb lloj bote e lejon k\u00ebt\u00eb t\u00eb vazhdoj\u00eb dy vjet pasi jeta jon\u00eb u shemb?\u201d<\/i><\/em><\/span><\/p>\n<p><a href=\"https:\/\/www.hashtag.al\/wp-content\/uploads\/2025\/09\/B1wa4tZnle_0_0_1600_968_0_x-large.jpg\"><img loading=\"lazy\" decoding=\"async\" class=\"aligncenter size-full wp-image-762842\" src=\"https:\/\/www.hashtag.al\/wp-content\/uploads\/2025\/09\/B1wa4tZnle_0_0_1600_968_0_x-large.jpg\" alt=\"\" width=\"1024\" height=\"620\" srcset=\"https:\/\/www.hashtag.al\/wp-content\/uploads\/2025\/09\/B1wa4tZnle_0_0_1600_968_0_x-large.jpg 1024w, https:\/\/www.hashtag.al\/wp-content\/uploads\/2025\/09\/B1wa4tZnle_0_0_1600_968_0_x-large-300x182.jpg 300w, https:\/\/www.hashtag.al\/wp-content\/uploads\/2025\/09\/B1wa4tZnle_0_0_1600_968_0_x-large-768x465.jpg 768w\" sizes=\"auto, (max-width: 1024px) 100vw, 1024px\" \/><\/a><\/p>\n<p><span style=\"color: #000000;\">Maya Shamiel, kush\u00ebrira e pengut Eitan Horen, tha se e kaloi dit\u00eblindjen e tij t\u00eb 39-t\u00eb k\u00ebt\u00eb jav\u00eb ende n\u00eb rob\u00ebri t\u00eb Hamasit, nj\u00ebsoj si vitin e kaluar, shkruan<span style=\"color: #0000ff;\"><a style=\"color: #0000ff;\" href=\"https:\/\/www.ynetnews.com\/article\/rkyeqoh2ex\"> Ynet<\/a><\/span>.<\/span><\/p>\n<p><span style=\"color: #000000;\"><em><i>\u201cDy vjet err\u00ebsir\u00eb, uri dhe frik\u00eb,\u201d <\/i><\/em>tha ajo<em><i>. \u201cFamilja jon\u00eb, si t\u00eb gjitha t\u00eb tjerat, \u00ebsht\u00eb e thyer. Koha u ndal m\u00eb 7 tetor 2023. Kaluan jav\u00eb, pastaj muaj, pastaj nj\u00eb vit e gjysm\u00eb. Tani pothuajse dy vjet. Dhe asgj\u00eb nuk l\u00ebviz.\u201d<\/i><\/em><\/span><\/p>\n<p><span style=\"color: #000000;\">Ajo tha se udh\u00ebheq\u00ebsit e Izraelit duhet t\u00eb b\u00ebjn\u00eb nj\u00eb zgjedhje. Nd\u00ebrsa tubimi mbaroi, thirrjet \u201cSillini n\u00eb sht\u00ebpi tani\u201d mbush\u00ebn Sheshin e Pengjeve, duke i b\u00ebr\u00eb jehon\u00eb thirrjes s\u00eb familjeve q\u00eb Netanyahu ta p\u00ebrdor\u00eb takimin e tij me Trumpin p\u00ebr t\u00eb kapur at\u00eb q\u00eb ata e shohin si nj\u00eb shans t\u00eb shkurt\u00ebr.<\/span><\/p>\n<p><a href=\"https:\/\/www.hashtag.al\/wp-content\/uploads\/2025\/09\/BJb11XljBhex_0_0_3000_1688_0_x-large.jpg\"><img loading=\"lazy\" decoding=\"async\" class=\"aligncenter size-full wp-image-762843\" src=\"https:\/\/www.hashtag.al\/wp-content\/uploads\/2025\/09\/BJb11XljBhex_0_0_3000_1688_0_x-large.jpg\" alt=\"\" width=\"1024\" height=\"576\" srcset=\"https:\/\/www.hashtag.al\/wp-content\/uploads\/2025\/09\/BJb11XljBhex_0_0_3000_1688_0_x-large.jpg 1024w, https:\/\/www.hashtag.al\/wp-content\/uploads\/2025\/09\/BJb11XljBhex_0_0_3000_1688_0_x-large-300x169.jpg 300w, https:\/\/www.hashtag.al\/wp-content\/uploads\/2025\/09\/BJb11XljBhex_0_0_3000_1688_0_x-large-768x432.jpg 768w\" sizes=\"auto, (max-width: 1024px) 100vw, 1024px\" \/><\/a><a href=\"https:\/\/www.hashtag.al\/wp-content\/uploads\/2025\/09\/B1eVw11or3lg_0_0_3000_1688_0_x-large.jpg\"><img loading=\"lazy\" decoding=\"async\" class=\"aligncenter size-full wp-image-762844\" src=\"https:\/\/www.hashtag.al\/wp-content\/uploads\/2025\/09\/B1eVw11or3lg_0_0_3000_1688_0_x-large.jpg\" alt=\"\" width=\"1024\" height=\"576\" srcset=\"https:\/\/www.hashtag.al\/wp-content\/uploads\/2025\/09\/B1eVw11or3lg_0_0_3000_1688_0_x-large.jpg 1024w, https:\/\/www.hashtag.al\/wp-content\/uploads\/2025\/09\/B1eVw11or3lg_0_0_3000_1688_0_x-large-300x169.jpg 300w, https:\/\/www.hashtag.al\/wp-content\/uploads\/2025\/09\/B1eVw11or3lg_0_0_3000_1688_0_x-large-768x432.jpg 768w\" sizes=\"auto, (max-width: 1024px) 100vw, 1024px\" \/><\/a><\/p>\n","protected":false,"gt_translate_keys":[{"key":"rendered","format":"html"}]},"excerpt":{"rendered":"<p>Mij\u00ebra njer\u00ebz u mblodh\u00ebn t\u00eb shtun\u00ebn n\u00eb mbr\u00ebmje n\u00eb Sheshin e Pengjeve n\u00eb Tel Aviv p\u00ebr tubimin javor q\u00eb k\u00ebrkonte kthimin e izraelit\u00ebve q\u00eb ende mbaheshin n\u00eb Gaza, vet\u00ebm dy dit\u00eb para takimit kritik n\u00eb Sht\u00ebpin\u00eb e Bardh\u00eb t\u00eb Kryeministrit Benjamin Netanyahu me Presidentin e SHBA-s\u00eb Donald Trump, nisma e t\u00eb cilit e re p\u00ebr [&hellip;]<\/p>\n","protected":false,"gt_translate_keys":[{"key":"rendered","format":"html"}]},"author":51,"featured_media":762840,"comment_status":"closed","ping_status":"open","sticky":false,"template":"","format":"standard","meta":{"footnotes":""},"categories":[53],"tags":[],"class_list":["post-762838","post","type-post","status-publish","format-standard","has-post-thumbnail","hentry","category-fast-foodi"],"gt_translate_keys":[{"key":"link","format":"url"}],"_links":{"self":[{"href":"https:\/\/www.hashtag.al\/index.php\/wp-json\/wp\/v2\/posts\/762838","targetHints":{"allow":["GET"]}}],"collection":[{"href":"https:\/\/www.hashtag.al\/index.php\/wp-json\/wp\/v2\/posts"}],"about":[{"href":"https:\/\/www.hashtag.al\/index.php\/wp-json\/wp\/v2\/types\/post"}],"author":[{"embeddable":true,"href":"https:\/\/www.hashtag.al\/index.php\/wp-json\/wp\/v2\/users\/51"}],"replies":[{"embeddable":true,"href":"https:\/\/www.hashtag.al\/index.php\/wp-json\/wp\/v2\/comments?post=762838"}],"version-history":[{"count":99999,"href":"https:\/\/www.hashtag.al\/index.php\/wp-json\/wp\/v2\/posts\/762838\/revisions"}],"predecessor-version":[{"id":762845,"href":"https:\/\/www.hashtag.al\/index.php\/wp-json\/wp\/v2\/posts\/762838\/revisions\/762845"}],"wp:featuredmedia":[{"embeddable":true,"href":"https:\/\/www.hashtag.al\/index.php\/wp-json\/wp\/v2\/media\/762840"}],"wp:attachment":[{"href":"https:\/\/www.hashtag.al\/index.php\/wp-json\/wp\/v2\/media?parent=762838"}],"wp:term":[{"taxonomy":"category","embeddable":true,"href":"https:\/\/www.hashtag.al\/index.php\/wp-json\/wp\/v2\/categories?post=762838"},{"taxonomy":"post_tag","embeddable":true,"href":"https:\/\/www.hashtag.al\/index.php\/wp-json\/wp\/v2\/tags?post=762838"}],"curies":[{"name":"wp","href":"https:\/\/api.w.org\/{rel}","templated":true}]}}