{"id":762746,"date":"2025-09-27T11:13:33","date_gmt":"2025-09-27T09:13:33","guid":{"rendered":"https:\/\/www.hashtag.al\/?p=762746"},"modified":"2025-09-27T11:13:33","modified_gmt":"2025-09-27T09:13:33","slug":"osmani-takohet-me-trumpin-aleanca-me-shba-ne-bosht-i-pathyeshem","status":"publish","type":"post","link":"https:\/\/www.hashtag.al\/index.php\/2025\/09\/27\/osmani-takohet-me-trumpin-aleanca-me-shba-ne-bosht-i-pathyeshem\/","title":{"rendered":"Osmani takohet me Trumpin: Aleanca me SHBA-n\u00eb, bosht i pathyesh\u00ebm","gt_translate_keys":[{"key":"rendered","format":"text"}]},"content":{"rendered":"<p><span style=\"color: #000000;\"><img loading=\"lazy\" decoding=\"async\" class=\"aligncenter size-full wp-image-762747\" src=\"https:\/\/www.hashtag.al\/wp-content\/uploads\/2025\/09\/Screenshot-2025-09-27-102021.png\" alt=\"\" width=\"1009\" height=\"607\" srcset=\"https:\/\/www.hashtag.al\/wp-content\/uploads\/2025\/09\/Screenshot-2025-09-27-102021.png 1009w, https:\/\/www.hashtag.al\/wp-content\/uploads\/2025\/09\/Screenshot-2025-09-27-102021-300x180.png 300w, https:\/\/www.hashtag.al\/wp-content\/uploads\/2025\/09\/Screenshot-2025-09-27-102021-768x462.png 768w\" sizes=\"auto, (max-width: 1009px) 100vw, 1009px\" \/><\/span><\/p>\n<p><span style=\"color: #000000;\">Presidentja e Kosov\u00ebs, Vjosa Osmani, \u00ebsht\u00eb takuar me presidentin amerikan, Donald Trump, me t\u00eb cilin tha se zhvilloi nj\u00eb \u201cbised\u00eb t\u00eb gjat\u00eb dhe shum\u00eb p\u00ebrmbajt\u00ebsore\u201d.<\/span><\/p>\n<p><span style=\"color: #000000;\">\u201cMiq\u00ebsia dhe aleanca me Shtetet e Bashkuara mbetet boshti i pathyesh\u00ebm. Kosova do t\u00eb jet\u00eb gjithmon\u00eb n\u00eb an\u00ebn e demokracis\u00eb, liris\u00eb dhe partneritetit me SHBA-n\u00eb, sepse pik\u00ebrisht aty rreh zemra e liris\u00eb son\u00eb\u201d, tha Osmani, sipas njoftimit t\u00eb Presidenc\u00ebs, shkruan <a href=\"https:\/\/www.evropaelire.org\/a\/osmani-takohet-me-presidentin-trump-ne-nju-jork-\/33542406.html\"><span style=\"color: #0000ff;\"><strong>REL.<\/strong><\/span><\/a><\/span><\/p>\n<p><span style=\"color: #000000;\">Takimi mes Osmanit dhe Trumpit u zhvillua n\u00eb Nju Jork. Presidentja Osmani e fal\u00ebnderoi p\u00ebr, si\u00e7 tha, \u201cinteresimin e ve\u00e7ant\u00eb q\u00eb tregoi rreth rolit t\u00eb paz\u00ebvend\u00ebsuesh\u00ebm t\u00eb Amerik\u00ebs n\u00eb Kosov\u00eb dhe n\u00eb rajonin ton\u00eb, si dhe p\u00ebr angazhimin e tij t\u00eb palodhsh\u00ebm p\u00ebr paqe\u201d.<\/span><\/p>\n<p><span style=\"color: #000000;\">Osmani po q\u00ebndron n\u00eb Nju Jork ku po merr pjes\u00eb n\u00eb margjinat e Asambles\u00eb s\u00eb P\u00ebrgjithshme t\u00eb Kombeve t\u00eb Bashkuara. M\u00eb 23 shtator, n\u00eb pritjen e organizuar nga presidenti Trump, Osmani u takua edhe me sekretarin amerikan t\u00eb Shtetit,\u00a0Marco Rubio.<\/span><\/p>\n<p><span style=\"color: #000000;\">Sipas Presidenc\u00ebs s\u00eb Kosov\u00ebs, takimi me Trumpin dhe Zonj\u00ebn e Par\u00eb, Melanie Trump, ishte planifikuar si nj\u00eb takim protokollar, por u shnd\u00ebrrua n\u00eb nj\u00eb bised\u00eb t\u00eb gjat\u00eb dhe p\u00ebrmbajt\u00ebsore.<\/span><\/p>\n<p><span style=\"color: #000000;\">N\u00eb Shtetet e Bashkuara po q\u00ebndron edhe kryeministri n\u00eb detyr\u00eb, Albin Kurti, dhe ministrja n\u00eb detyr\u00eb p\u00ebr Pun\u00eb t\u00eb Jashtme dhe Diaspor\u00eb, Donika G\u00ebrvalla.<\/span><\/p>\n<p><span style=\"color: #000000;\">Q\u00ebndrimi i zyrtar\u00ebve t\u00eb Kosov\u00ebs n\u00eb Nju Jork vjen n\u00eb nj\u00eb koh\u00eb kur marr\u00ebdh\u00ebniet mes Kosov\u00ebs dhe Shteteve t\u00eb Bashkuara p\u00ebsuan nj\u00eb goditje n\u00eb fillim t\u00eb k\u00ebtij muaji.<\/span><\/p>\n","protected":false,"gt_translate_keys":[{"key":"rendered","format":"html"}]},"excerpt":{"rendered":"<p>Presidentja e Kosov\u00ebs, Vjosa Osmani, \u00ebsht\u00eb takuar me presidentin amerikan, Donald Trump, me t\u00eb cilin tha se zhvilloi nj\u00eb \u201cbised\u00eb t\u00eb gjat\u00eb dhe shum\u00eb p\u00ebrmbajt\u00ebsore\u201d. \u201cMiq\u00ebsia dhe aleanca me Shtetet e Bashkuara mbetet boshti i pathyesh\u00ebm. Kosova do t\u00eb jet\u00eb gjithmon\u00eb n\u00eb an\u00ebn e demokracis\u00eb, liris\u00eb dhe partneritetit me SHBA-n\u00eb, sepse pik\u00ebrisht aty rreh zemra [&hellip;]<\/p>\n","protected":false,"gt_translate_keys":[{"key":"rendered","format":"html"}]},"author":49,"featured_media":762747,"comment_status":"closed","ping_status":"open","sticky":false,"template":"","format":"standard","meta":{"footnotes":""},"categories":[149],"tags":[],"class_list":["post-762746","post","type-post","status-publish","format-standard","has-post-thumbnail","hentry","category-kosoverajon"],"gt_translate_keys":[{"key":"link","format":"url"}],"_links":{"self":[{"href":"https:\/\/www.hashtag.al\/index.php\/wp-json\/wp\/v2\/posts\/762746","targetHints":{"allow":["GET"]}}],"collection":[{"href":"https:\/\/www.hashtag.al\/index.php\/wp-json\/wp\/v2\/posts"}],"about":[{"href":"https:\/\/www.hashtag.al\/index.php\/wp-json\/wp\/v2\/types\/post"}],"author":[{"embeddable":true,"href":"https:\/\/www.hashtag.al\/index.php\/wp-json\/wp\/v2\/users\/49"}],"replies":[{"embeddable":true,"href":"https:\/\/www.hashtag.al\/index.php\/wp-json\/wp\/v2\/comments?post=762746"}],"version-history":[{"count":99999,"href":"https:\/\/www.hashtag.al\/index.php\/wp-json\/wp\/v2\/posts\/762746\/revisions"}],"predecessor-version":[{"id":762748,"href":"https:\/\/www.hashtag.al\/index.php\/wp-json\/wp\/v2\/posts\/762746\/revisions\/762748"}],"wp:featuredmedia":[{"embeddable":true,"href":"https:\/\/www.hashtag.al\/index.php\/wp-json\/wp\/v2\/media\/762747"}],"wp:attachment":[{"href":"https:\/\/www.hashtag.al\/index.php\/wp-json\/wp\/v2\/media?parent=762746"}],"wp:term":[{"taxonomy":"category","embeddable":true,"href":"https:\/\/www.hashtag.al\/index.php\/wp-json\/wp\/v2\/categories?post=762746"},{"taxonomy":"post_tag","embeddable":true,"href":"https:\/\/www.hashtag.al\/index.php\/wp-json\/wp\/v2\/tags?post=762746"}],"curies":[{"name":"wp","href":"https:\/\/api.w.org\/{rel}","templated":true}]}}