{"id":762633,"date":"2025-09-26T15:13:46","date_gmt":"2025-09-26T13:13:46","guid":{"rendered":"https:\/\/www.hashtag.al\/?p=762633"},"modified":"2025-09-26T15:13:46","modified_gmt":"2025-09-26T13:13:46","slug":"balliu-krimi-i-organizuar-eshte-bere-ortak-me-qeverine-kulla-ngrihen-vetem-me-firmen-e-rames","status":"publish","type":"post","link":"https:\/\/www.hashtag.al\/index.php\/2025\/09\/26\/balliu-krimi-i-organizuar-eshte-bere-ortak-me-qeverine-kulla-ngrihen-vetem-me-firmen-e-rames\/","title":{"rendered":"Balliu: Krimi i organizuar \u00ebsht\u00eb b\u00ebr\u00eb ortak me qeverin\u00eb, kulla ngrihen vet\u00ebm me firm\u00ebn e Ram\u00ebs","gt_translate_keys":[{"key":"rendered","format":"text"}]},"content":{"rendered":"<p data-start=\"162\" data-end=\"339\"><span style=\"color: #000000;\"><img loading=\"lazy\" decoding=\"async\" class=\"size-medium wp-image-723003 aligncenter\" src=\"https:\/\/www.hashtag.al\/wp-content\/uploads\/2025\/02\/Klevis-Balliu-605x450-1-300x223.jpg\" alt=\"\" width=\"300\" height=\"223\" srcset=\"https:\/\/www.hashtag.al\/wp-content\/uploads\/2025\/02\/Klevis-Balliu-605x450-1-300x223.jpg 300w, https:\/\/www.hashtag.al\/wp-content\/uploads\/2025\/02\/Klevis-Balliu-605x450-1.jpg 605w\" sizes=\"auto, (max-width: 300px) 100vw, 300px\" \/><\/span><br \/>\n<span style=\"color: #000000;\">Deputeti i Partis\u00eb Demokratike, Klevis Balliu, ka reaguar n\u00eb lidhje me denoncimet e kryedemokratit Sali Berisha p\u00ebr lidhjet e kryeministrit Edi Rama me mafien e drog\u00ebs n\u00eb Aruba.<\/span><\/p>\n<p data-start=\"341\" data-end=\"574\"><span style=\"color: #000000;\">P\u00ebrmes nj\u00eb postimi n\u00eb rrjetet sociale, Balliu theksoi se kulla q\u00eb ngrihen vet\u00ebm me firm\u00ebn e Ram\u00ebs si kryetar i K\u00ebshillit Komb\u00ebtar t\u00eb Territorit (KKT) jan\u00eb d\u00ebshmi e qart\u00eb q\u00eb tregojn\u00eb se krimi i organizuar \u00ebsht\u00eb b\u00ebr\u00eb ortak me qeverin\u00eb.<\/span><\/p>\n<p data-start=\"576\" data-end=\"973\"><span style=\"color: #000000;\">\u201cDosja \u2018Rama\u2013Aruba\u2019 \u00ebsht\u00eb nj\u00eb fakt tjet\u00ebr nd\u00ebrkomb\u00ebtar q\u00eb tregon lidhjet e Edi Ram\u00ebs me kartelet e drog\u00ebs dhe m\u00ebnyr\u00ebn se si ato pastrojn\u00eb miliarda p\u00ebrmes kullave n\u00eb Tiran\u00eb. <\/span><\/p>\n<p data-start=\"576\" data-end=\"973\"><span style=\"color: #000000;\">Kulla q\u00eb ngrihen vet\u00ebm me firm\u00ebn e Ram\u00ebs si kryetar i KKT jan\u00eb d\u00ebshmia m\u00eb e qart\u00eb se krimi i organizuar \u00ebsht\u00eb b\u00ebr\u00eb ortak me qeverin\u00eb. Shqip\u00ebria nuk mund t\u00eb jet\u00eb m\u00eb streh\u00eb e pastrimit t\u00eb parave t\u00eb karteleve!\u201d, shkruan Balliu.<\/span><\/p>\n","protected":false,"gt_translate_keys":[{"key":"rendered","format":"html"}]},"excerpt":{"rendered":"<p>Deputeti i Partis\u00eb Demokratike, Klevis Balliu, ka reaguar n\u00eb lidhje me denoncimet e kryedemokratit Sali Berisha p\u00ebr lidhjet e kryeministrit Edi Rama me mafien e drog\u00ebs n\u00eb Aruba. P\u00ebrmes nj\u00eb postimi n\u00eb rrjetet sociale, Balliu theksoi se kulla q\u00eb ngrihen vet\u00ebm me firm\u00ebn e Ram\u00ebs si kryetar i K\u00ebshillit Komb\u00ebtar t\u00eb Territorit (KKT) jan\u00eb d\u00ebshmi [&hellip;]<\/p>\n","protected":false,"gt_translate_keys":[{"key":"rendered","format":"html"}]},"author":32,"featured_media":723003,"comment_status":"closed","ping_status":"open","sticky":false,"template":"","format":"standard","meta":{"footnotes":""},"categories":[65],"tags":[],"class_list":["post-762633","post","type-post","status-publish","format-standard","has-post-thumbnail","hentry","category-lajme"],"gt_translate_keys":[{"key":"link","format":"url"}],"_links":{"self":[{"href":"https:\/\/www.hashtag.al\/index.php\/wp-json\/wp\/v2\/posts\/762633","targetHints":{"allow":["GET"]}}],"collection":[{"href":"https:\/\/www.hashtag.al\/index.php\/wp-json\/wp\/v2\/posts"}],"about":[{"href":"https:\/\/www.hashtag.al\/index.php\/wp-json\/wp\/v2\/types\/post"}],"author":[{"embeddable":true,"href":"https:\/\/www.hashtag.al\/index.php\/wp-json\/wp\/v2\/users\/32"}],"replies":[{"embeddable":true,"href":"https:\/\/www.hashtag.al\/index.php\/wp-json\/wp\/v2\/comments?post=762633"}],"version-history":[{"count":99999,"href":"https:\/\/www.hashtag.al\/index.php\/wp-json\/wp\/v2\/posts\/762633\/revisions"}],"predecessor-version":[{"id":762634,"href":"https:\/\/www.hashtag.al\/index.php\/wp-json\/wp\/v2\/posts\/762633\/revisions\/762634"}],"wp:featuredmedia":[{"embeddable":true,"href":"https:\/\/www.hashtag.al\/index.php\/wp-json\/wp\/v2\/media\/723003"}],"wp:attachment":[{"href":"https:\/\/www.hashtag.al\/index.php\/wp-json\/wp\/v2\/media?parent=762633"}],"wp:term":[{"taxonomy":"category","embeddable":true,"href":"https:\/\/www.hashtag.al\/index.php\/wp-json\/wp\/v2\/categories?post=762633"},{"taxonomy":"post_tag","embeddable":true,"href":"https:\/\/www.hashtag.al\/index.php\/wp-json\/wp\/v2\/tags?post=762633"}],"curies":[{"name":"wp","href":"https:\/\/api.w.org\/{rel}","templated":true}]}}