{"id":762467,"date":"2025-09-25T15:12:48","date_gmt":"2025-09-25T13:12:48","guid":{"rendered":"https:\/\/www.hashtag.al\/?p=762467"},"modified":"2025-09-25T15:12:48","modified_gmt":"2025-09-25T13:12:48","slug":"ish-presidenti-francez-nicolas-sarkozy-denohet-me-5-vite-burg-per-komplot-kriminal-me-regjimin-e-gaddafit","status":"publish","type":"post","link":"https:\/\/www.hashtag.al\/index.php\/2025\/09\/25\/ish-presidenti-francez-nicolas-sarkozy-denohet-me-5-vite-burg-per-komplot-kriminal-me-regjimin-e-gaddafit\/","title":{"rendered":"Ish-presidenti francez Nicolas Sarkozy d\u00ebnohet me 5 vite burg p\u00ebr komplot kriminal me regjimin e Gaddafit","gt_translate_keys":[{"key":"rendered","format":"text"}]},"content":{"rendered":"<p data-start=\"245\" data-end=\"566\"><span style=\"color: #000000;\"><img loading=\"lazy\" decoding=\"async\" class=\"size-medium wp-image-715493 aligncenter\" src=\"https:\/\/www.hashtag.al\/wp-content\/uploads\/2024\/12\/sarkozy-300x200.jpg\" alt=\"\" width=\"300\" height=\"200\" srcset=\"https:\/\/www.hashtag.al\/wp-content\/uploads\/2024\/12\/sarkozy-300x200.jpg 300w, https:\/\/www.hashtag.al\/wp-content\/uploads\/2024\/12\/sarkozy.jpg 720w\" sizes=\"auto, (max-width: 300px) 100vw, 300px\" \/><br \/>\nIsh-presidenti i Franc\u00ebs, Nicolas Sarkozy, \u00ebsht\u00eb d\u00ebnuar me 5 vite burg nga nj\u00eb gjykat\u00eb franceze, pasi u shpall fajtor p\u00ebr komplot kriminal, n\u00eb lidhje me nj\u00eb marr\u00ebveshje t\u00eb dyshuar korrupsioni me regjimin e ish-diktatorit libian Muammar Gaddafi, p\u00ebr t\u00eb financuar fushat\u00ebn e tij presidenciale n\u00eb vitin 2007, p\u00ebrcjell <span style=\"color: #0000ff;\"><a style=\"color: #0000ff;\" href=\"https:\/\/www.theguardian.com\/world\/2025\/sep\/25\/nicolas-sarkozy-found-guilty-of-criminal-conspiracy-in-libya-trial\">Guardian<\/a><\/span>.<\/span><\/p>\n<p data-start=\"568\" data-end=\"892\"><span style=\"color: #000000;\">Ky \u00ebsht\u00eb nj\u00eb d\u00ebnim historik, pasi \u00ebsht\u00eb hera e par\u00eb q\u00eb nj\u00eb ish-president francez p\u00ebrballet me nj\u00eb vendim t\u00eb till\u00eb t\u00eb ashp\u00ebr. Gjykat\u00ebsja Nathalie Gavarino dha nj\u00eb d\u00ebnim t\u00eb ve\u00e7ant\u00eb, q\u00eb n\u00ebnkupton se Sarkozy duhet ta vuaj\u00eb d\u00ebnimin edhe n\u00ebse apelon vendimin. Data e fillimit t\u00eb vuajtjes s\u00eb d\u00ebnimit do t\u00eb vendoset m\u00eb von\u00eb.<\/span><\/p>\n<p data-start=\"894\" data-end=\"1214\"><span style=\"color: #000000;\">Sarkozy, 70 vje\u00e7, gjithashtu u urdh\u00ebrua t\u00eb paguaj\u00eb nj\u00eb gjob\u00eb prej 100 mij\u00eb euro. Ai reagoi me zem\u00ebrim pas vendimit, duke th\u00ebn\u00eb: <em data-start=\"1026\" data-end=\"1100\">&#8220;N\u00ebse duan me \u00e7do kusht q\u00eb t\u00eb fle n\u00eb burg, do t\u00eb fle, por me kok\u00ebn lart&#8221;<\/em>, duke deklaruar se do t\u00eb apeloj\u00eb dhe se vendimi ishte <em data-start=\"1155\" data-end=\"1213\">&#8220;i r\u00ebnd\u00eb p\u00ebr shtetin e s\u00eb drejt\u00ebs dhe imazhin e Franc\u00ebs&#8221;<\/em>.<\/span><\/p>\n<p data-start=\"1238\" data-end=\"1532\"><span style=\"color: #000000;\">Sarkozy u akuzua se kishte marr\u00eb financim t\u00eb paligjsh\u00ebm nga regjimi i Gaddafit n\u00eb k\u00ebmbim t\u00eb favoreve politike dhe diplomatike. Nd\u00ebrsa u shpall fajtor p\u00ebr komplot kriminal, ai u lirua nga akuzat p\u00ebr korrupsion, shp\u00ebrdorim fondesh publike dhe financim t\u00eb paligjsh\u00ebm t\u00eb fushat\u00ebs zgjedhore.<\/span><\/p>\n<p data-start=\"1534\" data-end=\"1821\"><span style=\"color: #000000;\">Gjat\u00eb gjyqit, u d\u00ebshmua se njer\u00ebz t\u00eb af\u00ebrt me Sarkozy u takuan me p\u00ebrfaq\u00ebsues t\u00eb Gaddafit q\u00eb n\u00eb vitin 2005, kur Sarkozy ishte minist\u00ebr i Brendsh\u00ebm. Pas ardhjes n\u00eb pushtet, ai e ftoi Gaddafin n\u00eb nj\u00eb vizit\u00eb zyrtare n\u00eb Paris, n\u00eb nj\u00eb p\u00ebrpjekje p\u00ebr t\u00eb rehabilituar imazhin e tij nd\u00ebrkomb\u00ebtar.<\/span><\/p>\n<p data-start=\"1848\" data-end=\"1894\"><span style=\"color: #000000;\">Ky \u00ebsht\u00eb rasti i tret\u00eb penal ndaj Sarkozy:<\/span><\/p>\n<ul data-start=\"1896\" data-end=\"2158\">\n<li data-start=\"1896\" data-end=\"2055\">\n<p data-start=\"1898\" data-end=\"2055\"><span style=\"color: #000000;\">N\u00eb nj\u00eb rast t\u00eb m\u00ebparsh\u00ebm u d\u00ebnua me 1 vit burg p\u00ebr korrupsion dhe ndikim ndaj nj\u00eb gjyqtari, d\u00ebnim t\u00eb cilin e vuajti pjes\u00ebrisht me byzylyk elektronik.<\/span><\/p>\n<\/li>\n<li data-start=\"2056\" data-end=\"2158\">\n<p data-start=\"2058\" data-end=\"2158\"><span style=\"color: #000000;\">N\u00eb nj\u00eb tjet\u00ebr rast, u d\u00ebnua p\u00ebr tejkalim t\u00eb shpenzimeve n\u00eb fushat\u00ebn presidenciale t\u00eb vitit 2012.<\/span><\/p>\n<\/li>\n<\/ul>\n<h3 data-start=\"2160\" data-end=\"2182\"><span style=\"color: #000000;\">T\u00eb tjer\u00eb t\u00eb d\u00ebnuar<\/span><\/h3>\n<ul data-start=\"2184\" data-end=\"2544\">\n<li data-start=\"2184\" data-end=\"2319\">\n<p data-start=\"2186\" data-end=\"2319\"><span style=\"color: #000000;\">Claude Gu\u00e9ant, ish-shef i kabinetit t\u00eb Sarkozy dhe drejtues i fushat\u00ebs s\u00eb vitit 2007, u shpall fajtor p\u00ebr komplot dhe korrupsion.<\/span><\/p>\n<\/li>\n<li data-start=\"2320\" data-end=\"2458\">\n<p data-start=\"2322\" data-end=\"2458\"><span style=\"color: #000000;\">Brice Hortefeux, nj\u00eb tjet\u00ebr ish-minist\u00ebr i Brendsh\u00ebm, u shpall fajtor p\u00ebr komplot, por u lirua nga akuza p\u00ebr financim t\u00eb paligjsh\u00ebm.<\/span><\/p>\n<\/li>\n<li data-start=\"2459\" data-end=\"2544\">\n<p data-start=\"2461\" data-end=\"2544\"><span style=\"color: #000000;\">\u00c9ric Woerth, p\u00ebrgjegj\u00ebsi p\u00ebr financat n\u00eb fushat\u00eb, u lirua nga t\u00eb gjitha akuzat.<\/span><\/p>\n<\/li>\n<\/ul>\n<p data-start=\"2593\" data-end=\"2887\"><span style=\"color: #000000;\">Ziad Takieddine, nj\u00eb biznesmen franko-libanez q\u00eb pretendoi se kishte dor\u00ebzuar valixhe me para nga Gaddafi p\u00ebr fushat\u00ebn e Sarkozy-t, vdiq papritur nga nj\u00eb atak n\u00eb zem\u00ebr n\u00eb Bejrut, vet\u00ebm dy dit\u00eb para dh\u00ebnies s\u00eb vendimit. Ai kishte ndryshuar disa her\u00eb d\u00ebshmin\u00eb e tij n\u00eb lidhje me \u00e7\u00ebshtjen.<\/span><\/p>\n<p data-start=\"2889\" data-end=\"3077\"><span style=\"color: #000000;\">Sarkozy dhe bashk\u00ebshortja e tij, k\u00ebng\u00ebtarja Carla Bruni, jan\u00eb gjithashtu n\u00ebn hetim n\u00eb nj\u00eb rast tjet\u00ebr p\u00ebr presion mbi nj\u00eb d\u00ebshmitar, lidhur me ndryshimin e d\u00ebshmis\u00eb nga Takieddine.<\/span><\/p>\n","protected":false,"gt_translate_keys":[{"key":"rendered","format":"html"}]},"excerpt":{"rendered":"<p>Ish-presidenti i Franc\u00ebs, Nicolas Sarkozy, \u00ebsht\u00eb d\u00ebnuar me 5 vite burg nga nj\u00eb gjykat\u00eb franceze, pasi u shpall fajtor p\u00ebr komplot kriminal, n\u00eb lidhje me nj\u00eb marr\u00ebveshje t\u00eb dyshuar korrupsioni me regjimin e ish-diktatorit libian Muammar Gaddafi, p\u00ebr t\u00eb financuar fushat\u00ebn e tij presidenciale n\u00eb vitin 2007, p\u00ebrcjell Guardian. Ky \u00ebsht\u00eb nj\u00eb d\u00ebnim historik, pasi [&hellip;]<\/p>\n","protected":false,"gt_translate_keys":[{"key":"rendered","format":"html"}]},"author":32,"featured_media":715493,"comment_status":"closed","ping_status":"open","sticky":false,"template":"","format":"standard","meta":{"footnotes":""},"categories":[6],"tags":[],"class_list":["post-762467","post","type-post","status-publish","format-standard","has-post-thumbnail","hentry","category-nderkombetare"],"gt_translate_keys":[{"key":"link","format":"url"}],"_links":{"self":[{"href":"https:\/\/www.hashtag.al\/index.php\/wp-json\/wp\/v2\/posts\/762467","targetHints":{"allow":["GET"]}}],"collection":[{"href":"https:\/\/www.hashtag.al\/index.php\/wp-json\/wp\/v2\/posts"}],"about":[{"href":"https:\/\/www.hashtag.al\/index.php\/wp-json\/wp\/v2\/types\/post"}],"author":[{"embeddable":true,"href":"https:\/\/www.hashtag.al\/index.php\/wp-json\/wp\/v2\/users\/32"}],"replies":[{"embeddable":true,"href":"https:\/\/www.hashtag.al\/index.php\/wp-json\/wp\/v2\/comments?post=762467"}],"version-history":[{"count":99999,"href":"https:\/\/www.hashtag.al\/index.php\/wp-json\/wp\/v2\/posts\/762467\/revisions"}],"predecessor-version":[{"id":762468,"href":"https:\/\/www.hashtag.al\/index.php\/wp-json\/wp\/v2\/posts\/762467\/revisions\/762468"}],"wp:featuredmedia":[{"embeddable":true,"href":"https:\/\/www.hashtag.al\/index.php\/wp-json\/wp\/v2\/media\/715493"}],"wp:attachment":[{"href":"https:\/\/www.hashtag.al\/index.php\/wp-json\/wp\/v2\/media?parent=762467"}],"wp:term":[{"taxonomy":"category","embeddable":true,"href":"https:\/\/www.hashtag.al\/index.php\/wp-json\/wp\/v2\/categories?post=762467"},{"taxonomy":"post_tag","embeddable":true,"href":"https:\/\/www.hashtag.al\/index.php\/wp-json\/wp\/v2\/tags?post=762467"}],"curies":[{"name":"wp","href":"https:\/\/api.w.org\/{rel}","templated":true}]}}