{"id":762158,"date":"2025-09-23T17:35:30","date_gmt":"2025-09-23T15:35:30","guid":{"rendered":"https:\/\/www.hashtag.al\/?p=762158"},"modified":"2025-09-23T17:38:32","modified_gmt":"2025-09-23T15:38:32","slug":"keshilli-bashkiak-i-tiranes-voton-per-shkarkimin-e-erion-veliajt","status":"publish","type":"post","link":"https:\/\/www.hashtag.al\/index.php\/2025\/09\/23\/keshilli-bashkiak-i-tiranes-voton-per-shkarkimin-e-erion-veliajt\/","title":{"rendered":"K\u00ebshilli Bashkiak i Tiran\u00ebs shkarkon Erion Veliajn","gt_translate_keys":[{"key":"rendered","format":"text"}]},"content":{"rendered":"<p><span style=\"color: #000000;\"><img loading=\"lazy\" decoding=\"async\" class=\"alignnone size-medium wp-image-762159\" src=\"https:\/\/www.hashtag.al\/wp-content\/uploads\/2025\/09\/1758641116_shkarkohetveliaj-300x169.jpg\" alt=\"\" width=\"300\" height=\"169\" srcset=\"https:\/\/www.hashtag.al\/wp-content\/uploads\/2025\/09\/1758641116_shkarkohetveliaj-300x169.jpg 300w, https:\/\/www.hashtag.al\/wp-content\/uploads\/2025\/09\/1758641116_shkarkohetveliaj-768x433.jpg 768w, https:\/\/www.hashtag.al\/wp-content\/uploads\/2025\/09\/1758641116_shkarkohetveliaj.jpg 780w\" sizes=\"auto, (max-width: 300px) 100vw, 300px\" \/><\/span><\/p>\n<p><span style=\"color: #000000;\">K\u00ebshilli Bashkiak i Tiran\u00ebs ka votuar p\u00ebr t\u00eb shkarkuar nga detyra kryebashkiakun Erion Veliaj.<\/span><\/p>\n<p><span style=\"color: #000000;\">K\u00ebshilltar\u00ebt socialist\u00eb dhe demokrat\u00eb bashkuan votat p\u00ebr ta shkarkuar kryebashkiakun Veliaj nga detyra, i cili q\u00ebndron n\u00eb paraburgim q\u00eb prej 10 shkurtit 2025 kur dhe u arrestua me vendim t\u00eb GJKKO pas k\u00ebrkes\u00ebs s\u00eb SPAK.<\/span><\/p>\n<p><span style=\"color: #000000;\">K\u00ebshilli Bashkiak mblodhi 3 k\u00ebrkesat p\u00ebr shkarkimin e Erion Veliajt; at\u00eb t\u00eb Partis\u00eb Socialiste, t\u00eb Partis\u00eb Demokratike dhe t\u00eb k\u00ebshilltarit Endri Shabani, duke i votuar si nj\u00eb e vetme.<\/span><\/p>\n<p><span style=\"color: #000000;\">N\u00eb mbledhjen e sotme t\u00eb K\u00ebshillit Bashkiak Tiran\u00eb munguan k\u00ebshilltar\u00ebt socialist\u00eb Gazment Paja, Aldo Merko\u00e7i dhe Joleza Koka. Edhe Alfred Muharremi i PS u largua n\u00eb momentin e votimit.<\/span><\/p>\n<p><span style=\"color: #000000;\">Nd\u00ebrsa k\u00ebshilltari tjet\u00ebr Fabian Topollari nuk mori pjes\u00eb n\u00eb votim.\u00a0<\/span><\/p>\n<p><span style=\"color: #000000;\">Vendimi i K\u00ebshillit Bashkiak p\u00ebr shkarkimin e Veliajt n\u00eb fakt \u00ebsht\u00eb propozim. Ky propozim i d\u00ebrgohet Prefektit t\u00eb qarkut, dhe Prefekti ja d\u00ebrgon propozimin p\u00ebr shkarkimin e Veliajt Qeveris\u00eb. <\/span><\/p>\n<p><span style=\"color: #000000;\">Vendimin p\u00ebrfundimtar do ta marr\u00eb K\u00ebshilli i Ministrave, q\u00eb do t\u00eb certifikoj\u00eb shkarkimin e Erion Veliajt ose jo.<\/span><\/p>\n<p><span style=\"color: #000000;\">Erion Veliaj nuk ishte i pranish\u00ebm n\u00eb mbledhjen e K\u00ebshillit Bashkiak, si\u00e7 kishte k\u00ebrkuar edhe vet\u00eb ai q\u00eb t\u00eb d\u00ebgjohej.<\/span><\/p>\n<p><span style=\"color: #000000;\">Komisioni i Ligjeve t\u00eb K\u00ebshillit Bashkiak Tiran\u00eb m\u00eb her\u00ebt gjat\u00eb dit\u00ebs s\u00eb sotme (23 shtator 2025) vendosi q\u00eb Veliaj t\u00eb mos ishte i pranish\u00ebm n\u00eb mbledhje, teksa m\u00eb von\u00eb, Sekretari i K\u00ebshillit Bashkiak, p\u00ebrmes nj\u00eb letre drejtuar Veliajt, pak para mbledhjes, tha se nuk ka vendim q\u00eb e ndalonte t\u00eb merrte pjes\u00eb.<\/span><\/p>\n<p><span style=\"color: #000000;\">Por k\u00ebshilltar\u00ebt demokrat\u00eb k\u00ebrkuan q\u00eb Erion Veliaj t\u00eb ishte i pranish\u00ebm n\u00eb k\u00ebt\u00eb mbledhje.<\/span><\/p>\n<p><span style=\"color: #000000;\">Motivi q\u00eb K\u00ebshilli Bashkiak Tiran\u00eb votoi p\u00ebr shkarkimin e Erion Veliajt \u00ebsht\u00eb mosparaqitja n\u00eb detyr\u00eb prej m\u00eb shum\u00eb se 3 muaj. Duhet theksuar se mosparaqitja e Erion Veliajt n\u00eb detyr\u00eb si kryebashkiak i Tiran\u00ebs ka ndodhur p\u00ebr shkak t\u00eb arrestimit t\u00eb tij.<\/span><\/p>\n<p><span style=\"color: #000000;\">Ai \u00ebsht\u00eb n\u00eb arrest n\u00eb burg q\u00eb prej 10 shkurtit, pra m\u00eb shum\u00eb se 6 muaj, edhe pse vet\u00eb ka k\u00ebrkuar disa her\u00eb nga gjykata q\u00eb t\u00eb hetohej me nj\u00eb mas\u00eb m\u00eb t\u00eb but\u00eb sigurie, togat e zeza e pat\u00ebn refuzuar.<\/span><\/p>\n<p><span style=\"color: #000000;\">SPAK e ka mbyllur dosjen n\u00eb ngarkim t\u00eb tij dhe e ka d\u00ebrguar n\u00eb gjyq, me 13 akuza ndaj kryebashkiakut, prej t\u00eb cilave korrupsion n\u00eb 9 raste.<\/span><\/p>\n","protected":false,"gt_translate_keys":[{"key":"rendered","format":"html"}]},"excerpt":{"rendered":"<p>K\u00ebshilli Bashkiak i Tiran\u00ebs ka votuar p\u00ebr t\u00eb shkarkuar nga detyra kryebashkiakun Erion Veliaj. K\u00ebshilltar\u00ebt socialist\u00eb dhe demokrat\u00eb bashkuan votat p\u00ebr ta shkarkuar kryebashkiakun Veliaj nga detyra, i cili q\u00ebndron n\u00eb paraburgim q\u00eb prej 10 shkurtit 2025 kur dhe u arrestua me vendim t\u00eb GJKKO pas k\u00ebrkes\u00ebs s\u00eb SPAK. K\u00ebshilli Bashkiak mblodhi 3 k\u00ebrkesat p\u00ebr [&hellip;]<\/p>\n","protected":false,"gt_translate_keys":[{"key":"rendered","format":"html"}]},"author":32,"featured_media":762159,"comment_status":"closed","ping_status":"open","sticky":false,"template":"","format":"standard","meta":{"footnotes":""},"categories":[65],"tags":[],"class_list":["post-762158","post","type-post","status-publish","format-standard","has-post-thumbnail","hentry","category-lajme"],"gt_translate_keys":[{"key":"link","format":"url"}],"_links":{"self":[{"href":"https:\/\/www.hashtag.al\/index.php\/wp-json\/wp\/v2\/posts\/762158","targetHints":{"allow":["GET"]}}],"collection":[{"href":"https:\/\/www.hashtag.al\/index.php\/wp-json\/wp\/v2\/posts"}],"about":[{"href":"https:\/\/www.hashtag.al\/index.php\/wp-json\/wp\/v2\/types\/post"}],"author":[{"embeddable":true,"href":"https:\/\/www.hashtag.al\/index.php\/wp-json\/wp\/v2\/users\/32"}],"replies":[{"embeddable":true,"href":"https:\/\/www.hashtag.al\/index.php\/wp-json\/wp\/v2\/comments?post=762158"}],"version-history":[{"count":99999,"href":"https:\/\/www.hashtag.al\/index.php\/wp-json\/wp\/v2\/posts\/762158\/revisions"}],"predecessor-version":[{"id":762162,"href":"https:\/\/www.hashtag.al\/index.php\/wp-json\/wp\/v2\/posts\/762158\/revisions\/762162"}],"wp:featuredmedia":[{"embeddable":true,"href":"https:\/\/www.hashtag.al\/index.php\/wp-json\/wp\/v2\/media\/762159"}],"wp:attachment":[{"href":"https:\/\/www.hashtag.al\/index.php\/wp-json\/wp\/v2\/media?parent=762158"}],"wp:term":[{"taxonomy":"category","embeddable":true,"href":"https:\/\/www.hashtag.al\/index.php\/wp-json\/wp\/v2\/categories?post=762158"},{"taxonomy":"post_tag","embeddable":true,"href":"https:\/\/www.hashtag.al\/index.php\/wp-json\/wp\/v2\/tags?post=762158"}],"curies":[{"name":"wp","href":"https:\/\/api.w.org\/{rel}","templated":true}]}}