{"id":761990,"date":"2025-09-22T16:27:29","date_gmt":"2025-09-22T14:27:29","guid":{"rendered":"https:\/\/www.hashtag.al\/?p=761990"},"modified":"2025-09-22T16:27:29","modified_gmt":"2025-09-22T14:27:29","slug":"veliaj-kundershton-proceduren-e-shkarkimit-sjam-informuar-zyrtarisht-me-mohohet-e-drejta-per-tu-mbrojtur","status":"publish","type":"post","link":"https:\/\/www.hashtag.al\/index.php\/2025\/09\/22\/veliaj-kundershton-proceduren-e-shkarkimit-sjam-informuar-zyrtarisht-me-mohohet-e-drejta-per-tu-mbrojtur\/","title":{"rendered":"Veliaj kund\u00ebrshton procedur\u00ebn e shkarkimit: S\u2019jam informuar zyrtarisht, m\u00eb mohohet e drejta p\u00ebr t\u2019u mbrojtur","gt_translate_keys":[{"key":"rendered","format":"text"}]},"content":{"rendered":"<p><span style=\"color: #000000;\"><img loading=\"lazy\" decoding=\"async\" class=\"alignnone size-medium wp-image-761518\" src=\"https:\/\/www.hashtag.al\/wp-content\/uploads\/2025\/09\/veliaj-300x200.jpg\" alt=\"\" width=\"300\" height=\"200\" srcset=\"https:\/\/www.hashtag.al\/wp-content\/uploads\/2025\/09\/veliaj-300x200.jpg 300w, https:\/\/www.hashtag.al\/wp-content\/uploads\/2025\/09\/veliaj-768x512.jpg 768w, https:\/\/www.hashtag.al\/wp-content\/uploads\/2025\/09\/veliaj.jpg 900w\" sizes=\"auto, (max-width: 300px) 100vw, 300px\" \/><\/span><\/p>\n<p><span style=\"color: #000000;\">Kryetari i Bashkis\u00eb Tiran\u00eb, Erion Veliaj, ka reaguar ndaj shkres\u00ebs s\u00eb K\u00ebshillit Bashkiak, duke theksuar se nuk \u00ebsht\u00eb njoftuar zyrtarisht p\u00ebr mbledhjen ku do t\u00eb shqyrtohet shkarkimi i tij dhe se po i mohohet e drejta p\u00ebr mbrojtje.<\/span><\/p>\n<p><span style=\"color: #000000;\">N\u00eb p\u00ebrgjigjen e tij zyrtare, Veliaj thekson se dokumenti i firmosur nga Sekretari i K\u00ebshillit Bashkiak nuk p\u00ebrmban vendimmarrje t\u00eb organeve p\u00ebrkat\u00ebse dhe shkel parimet kushtetuese.<\/span><\/p>\n<p><span style=\"color: #000000;\"><em>&#8220;Sekretari i K\u00ebshillit Bashkiak nuk mund t\u00eb marr\u00eb p\u00ebrsip\u00ebr rolin e nj\u00eb organi kolegjial. \u00c7do komunikim i K\u00ebshillit q\u00eb shkon p\u00ebrtej funksioneve teknike e administrative, p\u00ebrb\u00ebn tejkalim t\u00eb kompetenc\u00ebs dhe cenim t\u00eb parimit t\u00eb ndarjes s\u00eb funksioneve,&#8221;<\/em> shkruan Veliaj.<\/span><\/p>\n<p><span style=\"color: #000000;\">Ai shton se Sekretari i K\u00ebshillit ka rol thjesht administrativ \u2013 duke u kufizuar n\u00eb shp\u00ebrndarjen e materialeve, njoftimeve dhe protokollimin \u2013 dhe nuk ka tag\u00ebr ligjor p\u00ebr t\u00eb dh\u00ebn\u00eb udh\u00ebzime mbi m\u00ebnyr\u00ebn e realizimit t\u00eb s\u00eb drejt\u00ebs p\u00ebr mbrojtje.<\/span><\/p>\n<p><span style=\"color: #000000;\">N\u00eb vijim, kryebashkiaku n\u00ebnvizon se n\u00eb nj\u00eb procedur\u00eb q\u00eb mund t\u00eb p\u00ebrfundoj\u00eb me shkarkim, e drejta e tij p\u00ebr t\u2019u d\u00ebgjuar \u00ebsht\u00eb themelore:<\/span><\/p>\n<p><span style=\"color: #000000;\"><em>&#8220;Kjo e drejt\u00eb nuk mund t\u00eb mjaftohet n\u00eb nj\u00eb njoftim formal t\u00eb sekretarit t\u00eb K\u00ebshillit Bashkiak, lidhur me mund\u00ebsin\u00eb potenciale p\u00ebr t\u00eb sjell\u00eb nj\u00eb mbrojtje me shkrim,&#8221;<\/em> p\u00ebrfundon Veliaj.<\/span><\/p>\n<p><span style=\"color: #000000;\"><strong>Kryetari i Bashkis\u00eb Tiran\u00eb, Erion Veliaj:<\/strong>\u00a0<em>N\u00eb p\u00ebrgjigje t\u00eb shkres\u00ebs suaj, me firm\u00ebn e Sekretarit t\u00eb K\u00ebshillit Bashkiak, evidentojm\u00eb se nuk p\u00ebrmban vendimmarrjen me votim t\u00eb K\u00ebshillit Bashkiak, lidhur me garantimin e t\u00eb drejtave Kushtetuese t\u00eb kryetarit t\u00eb Bashkis\u00eb n\u00eb procedur\u00ebn e shkarkimit, t\u00eb iniciuar ndaj tij si organi q\u00eb ka kompetenc\u00ebn p\u00ebr t\u00eb vendosur mbi pranin\u00eb, d\u00ebgjimin dhe mbrojtjen e Kryetarit t\u00eb Bashkis\u00eb.<\/em><\/span><\/p>\n<p><span style=\"color: #000000;\"><em>Sekretari i K\u00ebshillit Bashkiak nuk mund t\u00eb marr\u00eb p\u00ebrsip\u00ebr rolin e nj\u00eb organi kolegjial. \u00c7do komunikim i K\u00ebshillit Bashkiak, q\u00eb shkon p\u00ebrtej funksioneve teknike e administrative, p\u00ebrb\u00ebn tejkalim t\u00eb kompetenc\u00ebs dhe cenim t\u00eb parimit t\u00eb ndarjes s\u00eb funksioneve. Sekretari \u00ebsht\u00eb nj\u00eb funksion administrativ, jo organ politik dhe as vendimmarr\u00ebs, n\u00eb k\u00ebt\u00eb procedur\u00eb. Kompetencat e tij kufizohen n\u00eb sigurimin e infrastruktur\u00ebs organizative t\u00eb mbledhjes, shp\u00ebrndarjen e materialeve dhe njoftimeve, protokollimin dhe mbajtjen e proces-verbaleve. Ai nuk ka asnj\u00eb tag\u00ebr ligjor, t\u00eb jap\u00eb udh\u00ebzime, mbi m\u00ebnyr\u00ebn e realizimit t\u00eb s\u00eb drejt\u00ebs p\u00ebr t\u00eb d\u00ebgjuar apo interpretuar k\u00ebrkesat e kryetarit. N\u00eb nj\u00eb procedur\u00eb q\u00eb mund t\u00eb p\u00ebrfundoj\u00eb me shkarkimin e kryetarit, e drejta p\u00ebr t\u2019u d\u00ebgjuar e kryetarit t\u00eb Bashkis\u00eb \u00ebsht\u00eb thelb\u00ebsore. Kjo e drejt\u00eb nuk mund t\u00eb mjaftohet n\u00eb nj\u00eb njoftim formal t\u00eb sekretarit t\u00eb K\u00ebshillit Bashkiak, lidhur me mund\u00ebsin\u00eb potenciale p\u00ebr t\u00eb sjell\u00eb nj\u00eb mbrojtje me shkrim.<\/em><\/span><\/p>\n","protected":false,"gt_translate_keys":[{"key":"rendered","format":"html"}]},"excerpt":{"rendered":"<p>Kryetari i Bashkis\u00eb Tiran\u00eb, Erion Veliaj, ka reaguar ndaj shkres\u00ebs s\u00eb K\u00ebshillit Bashkiak, duke theksuar se nuk \u00ebsht\u00eb njoftuar zyrtarisht p\u00ebr mbledhjen ku do t\u00eb shqyrtohet shkarkimi i tij dhe se po i mohohet e drejta p\u00ebr mbrojtje. N\u00eb p\u00ebrgjigjen e tij zyrtare, Veliaj thekson se dokumenti i firmosur nga Sekretari i K\u00ebshillit Bashkiak nuk [&hellip;]<\/p>\n","protected":false,"gt_translate_keys":[{"key":"rendered","format":"html"}]},"author":32,"featured_media":761518,"comment_status":"closed","ping_status":"open","sticky":false,"template":"","format":"standard","meta":{"footnotes":""},"categories":[65],"tags":[],"class_list":["post-761990","post","type-post","status-publish","format-standard","has-post-thumbnail","hentry","category-lajme"],"gt_translate_keys":[{"key":"link","format":"url"}],"_links":{"self":[{"href":"https:\/\/www.hashtag.al\/index.php\/wp-json\/wp\/v2\/posts\/761990","targetHints":{"allow":["GET"]}}],"collection":[{"href":"https:\/\/www.hashtag.al\/index.php\/wp-json\/wp\/v2\/posts"}],"about":[{"href":"https:\/\/www.hashtag.al\/index.php\/wp-json\/wp\/v2\/types\/post"}],"author":[{"embeddable":true,"href":"https:\/\/www.hashtag.al\/index.php\/wp-json\/wp\/v2\/users\/32"}],"replies":[{"embeddable":true,"href":"https:\/\/www.hashtag.al\/index.php\/wp-json\/wp\/v2\/comments?post=761990"}],"version-history":[{"count":99999,"href":"https:\/\/www.hashtag.al\/index.php\/wp-json\/wp\/v2\/posts\/761990\/revisions"}],"predecessor-version":[{"id":761991,"href":"https:\/\/www.hashtag.al\/index.php\/wp-json\/wp\/v2\/posts\/761990\/revisions\/761991"}],"wp:featuredmedia":[{"embeddable":true,"href":"https:\/\/www.hashtag.al\/index.php\/wp-json\/wp\/v2\/media\/761518"}],"wp:attachment":[{"href":"https:\/\/www.hashtag.al\/index.php\/wp-json\/wp\/v2\/media?parent=761990"}],"wp:term":[{"taxonomy":"category","embeddable":true,"href":"https:\/\/www.hashtag.al\/index.php\/wp-json\/wp\/v2\/categories?post=761990"},{"taxonomy":"post_tag","embeddable":true,"href":"https:\/\/www.hashtag.al\/index.php\/wp-json\/wp\/v2\/tags?post=761990"}],"curies":[{"name":"wp","href":"https:\/\/api.w.org\/{rel}","templated":true}]}}