{"id":761943,"date":"2025-09-22T12:33:26","date_gmt":"2025-09-22T10:33:26","guid":{"rendered":"https:\/\/www.hashtag.al\/?p=761943"},"modified":"2025-09-22T12:33:26","modified_gmt":"2025-09-22T10:33:26","slug":"rama-diella-shume-shpejt-do-te-jete-ne-tv-duke-folur-me-gazetaret","status":"publish","type":"post","link":"https:\/\/www.hashtag.al\/index.php\/2025\/09\/22\/rama-diella-shume-shpejt-do-te-jete-ne-tv-duke-folur-me-gazetaret\/","title":{"rendered":"Rama: Diella shum\u00eb shpejt do t\u00eb jet\u00eb n\u00eb TV duke folur me gazetar\u00ebt","gt_translate_keys":[{"key":"rendered","format":"text"}]},"content":{"rendered":"<p><span style=\"color: #000000;\"><img loading=\"lazy\" decoding=\"async\" class=\"aligncenter size-full wp-image-761944\" src=\"https:\/\/www.hashtag.al\/wp-content\/uploads\/2025\/09\/1758533753_edirama.jpg\" alt=\"\" width=\"780\" height=\"440\" srcset=\"https:\/\/www.hashtag.al\/wp-content\/uploads\/2025\/09\/1758533753_edirama.jpg 780w, https:\/\/www.hashtag.al\/wp-content\/uploads\/2025\/09\/1758533753_edirama-300x169.jpg 300w, https:\/\/www.hashtag.al\/wp-content\/uploads\/2025\/09\/1758533753_edirama-768x433.jpg 768w\" sizes=\"auto, (max-width: 780px) 100vw, 780px\" \/><\/span><\/p>\n<p><span style=\"color: #000000;\">Kryeministri Edi Rama njoftoi se\u00a0Diella, ministrja virtuale e bazuar n\u00eb inteligjenc\u00eb artificiale, pritet t\u00eb b\u00ebhet prezente edhe fizikisht, ndoshta q\u00eb n\u00eb pranver\u00ebn e ardhshme. <\/span><\/p>\n<p><span style=\"color: #000000;\">Rama theksoi se teknologjia AI do t\u00eb marr\u00eb p\u00ebrsip\u00ebr shumic\u00ebn e proceseve q\u00eb sot kryhen nga njer\u00ebzit, duke p\u00ebrshpejtuar vendimmarrjen dhe duke sjell\u00eb rezultate m\u00eb t\u00eb shpejta, por pa z\u00ebvend\u00ebsuar vendimet demokratike t\u00eb qytetar\u00ebve.<\/span><\/p>\n<p><span style=\"color: #000000;\">Kryeministri shtoi se Diella do t\u00eb ket\u00eb kapacitete p\u00ebr t\u00eb reaguar, debatuar dhe p\u00ebr t\u00eb sjell\u00eb informacione t\u00eb reja n\u00eb takime qeveritare, parlament dhe n\u00eb televizion. <\/span><\/p>\n<p><span style=\"color: #000000;\">Ai theksoi gjithashtu se AI nuk mund t\u00eb z\u00ebvend\u00ebsoj\u00eb hijeshin\u00eb, moralin dhe vendimet e njer\u00ebzve, dhe se njer\u00ebzit duhet t\u00eb jen\u00eb gjithmon\u00eb n\u00eb drejtimin e p\u00ebrdorimit t\u00eb inteligjenc\u00ebs artificiale.<\/span><\/p>\n<section><span style=\"color: #000000;\"><em>&#8220;Jam 100% i sigurt q\u00eb shum\u00eb shpejt jo shum\u00eb von\u00eb ministrat e AI nuk do t\u00eb jen\u00eb lajm n\u00eb t\u00eb ardhmen,. E di q\u00eb ne e kemi vjedhur k\u00ebt\u00eb v\u00ebmendje mediatike por do t\u00eb ndodh\u00eb. <\/em><\/span><span style=\"color: #000000;\"><em>Nuk \u00ebsht\u00eb tjesht fakti q\u00eb b\u00ebn disa procese t\u00eb automatizuara, por e r\u00ebnd\u00ebsishme \u00ebsht\u00ebe presioni psikologjik q\u00eb ushtron te njer\u00ebzit, himan\u00ebt p\u00ebr t\u00eb b\u00ebr\u00eb me shpejt\u00ebsi procesin dhe sjell\u00eb rezultate. <\/em><\/span><span style=\"color: #000000;\"><em>Besoj se shumica e proceseve q\u00eb ne sot ia k\u00ebrkojm\u00eb njer\u00ebzve do t\u00eb b\u00ebhet me AI, k\u00ebt\u00eb s\u2019e kam shpikur un\u00eb. Qielli \u00ebsht\u00eb kufiri, ne duhet t\u00eb avancojm\u00eb dhe nxisim inovacionin. <\/em><\/span><\/p>\n<p><span style=\"color: #000000;\"><em>Besoj se shumica e proceseve t\u00eb jen\u00eb t\u00eb suksesshme. Besoj se n\u00eb pranver\u00ebn e ardhshme do ta kemi k\u00ebtu, mund t\u2019i b\u00ebni edhe pyetje vet\u00eb. Do t\u00eb jet\u00eb me prezenc\u00eb, njohuri, kapacitetin p\u00ebr t\u00eb reaguar, debatuar e diskutuar dhe th\u00ebn\u00eb gj\u00ebra t\u00eb reja q\u00eb ne nuk i dim\u00eb. Ne po e sjellim n\u00eb takime qeveritare, e kemi n\u00eb parlament, p\u00ebr momentin jo vizualisht t\u00eb dukshme dhe shum\u00eb shpejt do t\u00eb jet\u00eb n\u00eb TV duke folur me gazetar\u00ebt.<\/em><\/span><\/p>\n<p><span style=\"color: #000000;\"><em> \u00c7far\u00eb do t\u00eb ndodh\u00eb m\u00eb pas. Do t\u00eb ket\u00eb kapacitete t\u00eb avancuara, por n\u00eb\u00a0 fund, mundet t\u2019i delegoni pushtet p\u00ebt t\u00eb ekzekutuar at\u00eb q\u00eb nuk mund t\u00eb delegoni \u00ebsht\u00eb q\u00eb hiqni vendimin e proceseve demokratike deri \u00eb dit\u00ebn kur njer\u00ebzit do t\u00eb b\u00ebjn\u00eb referendum dhe ..p\u00ebr momentin pushteti p\u00ebr ekzekutim i AI, \u00ebsht\u00eb i pakrahasuesh\u00ebm me pushtetin ekzekutiv t\u00eb njer\u00ebzve dhe do t\u00eb fuqizohet gjithnjs\u00eb e m\u00eb shum\u00eb. Njer\u00ebzit duhet t\u00eb jen\u00eb n\u00eb hapin e duhur p\u00ebr t\u00eb udh\u00ebhequr IA. <\/em><\/span><\/p>\n<p><span style=\"color: #000000;\"><em>S\u2019ka AI q\u00eb mund t\u00eb konkuirroj\u00eb t\u00eb keqen q\u00eb \u00ebsht\u00eb brenda njer\u00ebzve. S\u2019ka AI q\u00eb mund t\u00eb konkurroj\u00eb hijeshin\u00eb e nj\u00eb personi.\u201d,<\/em> tha Rama.<\/span><\/p>\n<\/section>\n","protected":false,"gt_translate_keys":[{"key":"rendered","format":"html"}]},"excerpt":{"rendered":"<p>Kryeministri Edi Rama njoftoi se\u00a0Diella, ministrja virtuale e bazuar n\u00eb inteligjenc\u00eb artificiale, pritet t\u00eb b\u00ebhet prezente edhe fizikisht, ndoshta q\u00eb n\u00eb pranver\u00ebn e ardhshme. Rama theksoi se teknologjia AI do t\u00eb marr\u00eb p\u00ebrsip\u00ebr shumic\u00ebn e proceseve q\u00eb sot kryhen nga njer\u00ebzit, duke p\u00ebrshpejtuar vendimmarrjen dhe duke sjell\u00eb rezultate m\u00eb t\u00eb shpejta, por pa z\u00ebvend\u00ebsuar vendimet [&hellip;]<\/p>\n","protected":false,"gt_translate_keys":[{"key":"rendered","format":"html"}]},"author":49,"featured_media":761944,"comment_status":"closed","ping_status":"open","sticky":false,"template":"","format":"standard","meta":{"footnotes":""},"categories":[65],"tags":[],"class_list":["post-761943","post","type-post","status-publish","format-standard","has-post-thumbnail","hentry","category-lajme"],"gt_translate_keys":[{"key":"link","format":"url"}],"_links":{"self":[{"href":"https:\/\/www.hashtag.al\/index.php\/wp-json\/wp\/v2\/posts\/761943","targetHints":{"allow":["GET"]}}],"collection":[{"href":"https:\/\/www.hashtag.al\/index.php\/wp-json\/wp\/v2\/posts"}],"about":[{"href":"https:\/\/www.hashtag.al\/index.php\/wp-json\/wp\/v2\/types\/post"}],"author":[{"embeddable":true,"href":"https:\/\/www.hashtag.al\/index.php\/wp-json\/wp\/v2\/users\/49"}],"replies":[{"embeddable":true,"href":"https:\/\/www.hashtag.al\/index.php\/wp-json\/wp\/v2\/comments?post=761943"}],"version-history":[{"count":99999,"href":"https:\/\/www.hashtag.al\/index.php\/wp-json\/wp\/v2\/posts\/761943\/revisions"}],"predecessor-version":[{"id":761947,"href":"https:\/\/www.hashtag.al\/index.php\/wp-json\/wp\/v2\/posts\/761943\/revisions\/761947"}],"wp:featuredmedia":[{"embeddable":true,"href":"https:\/\/www.hashtag.al\/index.php\/wp-json\/wp\/v2\/media\/761944"}],"wp:attachment":[{"href":"https:\/\/www.hashtag.al\/index.php\/wp-json\/wp\/v2\/media?parent=761943"}],"wp:term":[{"taxonomy":"category","embeddable":true,"href":"https:\/\/www.hashtag.al\/index.php\/wp-json\/wp\/v2\/categories?post=761943"},{"taxonomy":"post_tag","embeddable":true,"href":"https:\/\/www.hashtag.al\/index.php\/wp-json\/wp\/v2\/tags?post=761943"}],"curies":[{"name":"wp","href":"https:\/\/api.w.org\/{rel}","templated":true}]}}