{"id":761861,"date":"2025-09-21T21:47:30","date_gmt":"2025-09-21T19:47:30","guid":{"rendered":"https:\/\/www.hashtag.al\/?p=761861"},"modified":"2025-09-21T21:47:30","modified_gmt":"2025-09-21T19:47:30","slug":"semundja-e-shkaktuar-nga-ameba-shkakton-19-viktima-ne-indi","status":"publish","type":"post","link":"https:\/\/www.hashtag.al\/index.php\/2025\/09\/21\/semundja-e-shkaktuar-nga-ameba-shkakton-19-viktima-ne-indi\/","title":{"rendered":"S\u00ebmundja e shkaktuar nga ameba\u00a0shkakton 19 viktima n\u00eb Indi","gt_translate_keys":[{"key":"rendered","format":"text"}]},"content":{"rendered":"<p><a href=\"https:\/\/www.hashtag.al\/wp-content\/uploads\/2025\/09\/ameba.jpg\"><img loading=\"lazy\" decoding=\"async\" class=\"aligncenter size-full wp-image-761862\" src=\"https:\/\/www.hashtag.al\/wp-content\/uploads\/2025\/09\/ameba.jpg\" alt=\"\" width=\"1400\" height=\"1101\" srcset=\"https:\/\/www.hashtag.al\/wp-content\/uploads\/2025\/09\/ameba.jpg 1400w, https:\/\/www.hashtag.al\/wp-content\/uploads\/2025\/09\/ameba-300x236.jpg 300w, https:\/\/www.hashtag.al\/wp-content\/uploads\/2025\/09\/ameba-1024x805.jpg 1024w, https:\/\/www.hashtag.al\/wp-content\/uploads\/2025\/09\/ameba-768x604.jpg 768w\" sizes=\"auto, (max-width: 1400px) 100vw, 1400px\" \/><\/a><\/p>\n<p><span style=\"color: #000000;\">Shteti jugor indian Kerala\u00a0po p\u00ebrballet me nj\u00eb kriz\u00eb sh\u00ebndet\u00ebsore n\u00eb rritje pas nj\u00eb shp\u00ebrthimi t\u00eb nj\u00eb &#8220;amebe t\u00eb rrall\u00eb q\u00eb ha trurin&#8221; q\u00eb ka vrar\u00eb 19 persona dhe ka infektuar dhjet\u00ebra t\u00eb tjer\u00eb, konfirmuan zyrtar\u00ebt t\u00eb enjten.<\/span><\/p>\n<p><span style=\"color: #000000;\">S\u00ebmundja, e njohur si Meningoencefaliti Amoebik Primar (PAM), shkaktohet nga naegleria fowleri, nj\u00eb ameb\u00eb mikroskopike q\u00eb gjendet n\u00eb uj\u00ebrat e \u00ebmbla t\u00eb ngrohta dhe n\u00eb tok\u00eb. Pasi hyn n\u00eb trup p\u00ebrmes hund\u00ebs, organizmi sulmon indin e trurit, duke shkaktuar \u00ebnjtje dhe inflamacion t\u00eb shpejt\u00eb q\u00eb mund t\u00eb rezultoj\u00eb fatale brenda disa dit\u00ebsh, shkruan <span style=\"color: #0000ff;\"><a style=\"color: #0000ff;\" href=\"https:\/\/rurtnews.com\/india\/624931-brain-eating-amoeba-india\/\">Rt<\/a><\/span>.<\/span><\/p>\n<p><span style=\"color: #000000;\">Pacient\u00ebt n\u00eb Kerala kan\u00eb qen\u00eb n\u00eb mosh\u00eb nga tre muaj deri n\u00eb 91 vje\u00e7, duke nd\u00ebrlikuar p\u00ebrpjekjet p\u00ebr t\u00eb gjurmuar burimet e zakonshme t\u00eb ekspozimit ose p\u00ebr t\u00eb\u00a0frenuar p\u00ebrhapjen.<\/span><\/p>\n<p><span style=\"color: #000000;\">Ministrja e Sh\u00ebndet\u00ebsis\u00eb Veena George e ka p\u00ebrshkruar gjendjen si nj\u00eb &#8220;shqet\u00ebsim serioz p\u00ebr sh\u00ebndetin publik&#8221;. Ndryshe nga vitet e m\u00ebparshme kur shp\u00ebrthimet ishin t\u00eb p\u00ebrqendruara n\u00eb grupe t\u00eb lidhura me nj\u00eb burim t\u00eb vet\u00ebm uji, &#8220;nuk po shohim grupe t\u00eb lidhura me nj\u00eb burim t\u00eb vet\u00ebm uji&#8221;, tha George p\u00ebr NDTV News.<\/span><\/p>\n<p><span style=\"color: #000000;\">Sipas nj\u00eb dokumenti t\u00eb qeveris\u00eb s\u00eb Keral\u00ebs t\u00eb cituar nga News18, PAM synon kryesisht sistemin nervor qendror dhe prek n\u00eb m\u00ebnyr\u00eb disproporcionale f\u00ebmij\u00ebt, adoleshent\u00ebt dhe t\u00eb rinjt\u00eb. Ekspert\u00ebt theksojn\u00eb se infeksioni nuk ndodh nga pirja e ujit t\u00eb\u00a0ndotur ose kur ai hyn n\u00eb kanalet hundore zakonisht gjat\u00eb notit, larjes ose zhytjes n\u00eb uj\u00ebra t\u00eb pasigurta.<\/span><\/p>\n","protected":false,"gt_translate_keys":[{"key":"rendered","format":"html"}]},"excerpt":{"rendered":"<p>Shteti jugor indian Kerala\u00a0po p\u00ebrballet me nj\u00eb kriz\u00eb sh\u00ebndet\u00ebsore n\u00eb rritje pas nj\u00eb shp\u00ebrthimi t\u00eb nj\u00eb &#8220;amebe t\u00eb rrall\u00eb q\u00eb ha trurin&#8221; q\u00eb ka vrar\u00eb 19 persona dhe ka infektuar dhjet\u00ebra t\u00eb tjer\u00eb, konfirmuan zyrtar\u00ebt t\u00eb enjten. S\u00ebmundja, e njohur si Meningoencefaliti Amoebik Primar (PAM), shkaktohet nga naegleria fowleri, nj\u00eb ameb\u00eb mikroskopike q\u00eb gjendet n\u00eb [&hellip;]<\/p>\n","protected":false,"gt_translate_keys":[{"key":"rendered","format":"html"}]},"author":51,"featured_media":761862,"comment_status":"closed","ping_status":"open","sticky":false,"template":"","format":"standard","meta":{"footnotes":""},"categories":[6],"tags":[],"class_list":["post-761861","post","type-post","status-publish","format-standard","has-post-thumbnail","hentry","category-nderkombetare"],"gt_translate_keys":[{"key":"link","format":"url"}],"_links":{"self":[{"href":"https:\/\/www.hashtag.al\/index.php\/wp-json\/wp\/v2\/posts\/761861","targetHints":{"allow":["GET"]}}],"collection":[{"href":"https:\/\/www.hashtag.al\/index.php\/wp-json\/wp\/v2\/posts"}],"about":[{"href":"https:\/\/www.hashtag.al\/index.php\/wp-json\/wp\/v2\/types\/post"}],"author":[{"embeddable":true,"href":"https:\/\/www.hashtag.al\/index.php\/wp-json\/wp\/v2\/users\/51"}],"replies":[{"embeddable":true,"href":"https:\/\/www.hashtag.al\/index.php\/wp-json\/wp\/v2\/comments?post=761861"}],"version-history":[{"count":99999,"href":"https:\/\/www.hashtag.al\/index.php\/wp-json\/wp\/v2\/posts\/761861\/revisions"}],"predecessor-version":[{"id":761864,"href":"https:\/\/www.hashtag.al\/index.php\/wp-json\/wp\/v2\/posts\/761861\/revisions\/761864"}],"wp:featuredmedia":[{"embeddable":true,"href":"https:\/\/www.hashtag.al\/index.php\/wp-json\/wp\/v2\/media\/761862"}],"wp:attachment":[{"href":"https:\/\/www.hashtag.al\/index.php\/wp-json\/wp\/v2\/media?parent=761861"}],"wp:term":[{"taxonomy":"category","embeddable":true,"href":"https:\/\/www.hashtag.al\/index.php\/wp-json\/wp\/v2\/categories?post=761861"},{"taxonomy":"post_tag","embeddable":true,"href":"https:\/\/www.hashtag.al\/index.php\/wp-json\/wp\/v2\/tags?post=761861"}],"curies":[{"name":"wp","href":"https:\/\/api.w.org\/{rel}","templated":true}]}}