{"id":761797,"date":"2025-09-21T15:58:57","date_gmt":"2025-09-21T13:58:57","guid":{"rendered":"https:\/\/www.hashtag.al\/?p=761797"},"modified":"2025-09-21T15:58:57","modified_gmt":"2025-09-21T13:58:57","slug":"zjarr-i-madh-ne-sarande-flaket-perhapen-me-shpejtesi","status":"publish","type":"post","link":"https:\/\/www.hashtag.al\/index.php\/2025\/09\/21\/zjarr-i-madh-ne-sarande-flaket-perhapen-me-shpejtesi\/","title":{"rendered":"Zjarr i madh n\u00eb Sarand\u00eb, flak\u00ebt p\u00ebrhapen me shpejt\u00ebsi","gt_translate_keys":[{"key":"rendered","format":"text"}]},"content":{"rendered":"<p data-start=\"62\" data-end=\"325\"><span style=\"color: #000000;\"><img loading=\"lazy\" decoding=\"async\" class=\"size-medium wp-image-761798 aligncenter\" src=\"https:\/\/www.hashtag.al\/wp-content\/uploads\/2025\/09\/IMG_0837-300x169.jpeg\" alt=\"\" width=\"300\" height=\"169\" srcset=\"https:\/\/www.hashtag.al\/wp-content\/uploads\/2025\/09\/IMG_0837-300x169.jpeg 300w, https:\/\/www.hashtag.al\/wp-content\/uploads\/2025\/09\/IMG_0837-1024x576.jpeg 1024w, https:\/\/www.hashtag.al\/wp-content\/uploads\/2025\/09\/IMG_0837-768x432.jpeg 768w, https:\/\/www.hashtag.al\/wp-content\/uploads\/2025\/09\/IMG_0837.jpeg 1280w\" sizes=\"auto, (max-width: 300px) 100vw, 300px\" \/><br \/>\nNj\u00eb zjarr i madh ka shp\u00ebrthyer n\u00eb nj\u00eb sip\u00ebrfaqe me bim\u00ebsi t\u00eb ul\u00ebt pran\u00eb kryq\u00ebzimit t\u00eb Fush\u00eb-V\u00ebrris\u00eb n\u00eb Sarand\u00eb. Sipas informacionit t\u00eb para, flak\u00ebt jan\u00eb duke u p\u00ebrhapur me shpejt\u00ebsi t\u00eb madhe p\u00ebr shkak t\u00eb terrenit t\u00eb v\u00ebshtir\u00eb dhe er\u00ebs s\u00eb fort\u00eb q\u00eb po fryn n\u00eb rajon.<\/span><\/p>\n<p data-start=\"327\" data-end=\"640\"><span style=\"color: #000000;\">P\u00ebr momentin, nuk ka pasur nd\u00ebrhyrje nga zjarrfik\u00ebsit, nd\u00ebrkoh\u00eb q\u00eb flak\u00ebt po rrezikojn\u00eb t\u00eb p\u00ebrfshijn\u00eb m\u00eb shum\u00eb sip\u00ebrfaqe. Ky \u00ebsht\u00eb rasti i disat\u00ebs q\u00eb brenda pak muajsh, zona e Sarand\u00ebs p\u00ebrfshihet nga zjarre t\u00eb tilla, duke e b\u00ebr\u00eb k\u00ebt\u00eb problematik\u00eb t\u00eb vazhdueshme dhe shqet\u00ebsuese p\u00ebr banor\u00ebt dhe autoritetet lokale.<\/span><\/p>\n<p data-start=\"642\" data-end=\"803\" data-is-last-node=\"\" data-is-only-node=\"\"><span style=\"color: #000000;\">N\u00eb k\u00ebto momente, ende nuk ka informacion p\u00ebr viktima apo t\u00eb l\u00ebnduar, nd\u00ebrkoh\u00eb q\u00eb banor\u00ebt dhe sh\u00ebrbimet e emergjenc\u00ebs po p\u00ebrpiqen t\u00eb mbajn\u00eb n\u00ebn kontroll situat\u00ebn.<\/span><\/p>\n","protected":false,"gt_translate_keys":[{"key":"rendered","format":"html"}]},"excerpt":{"rendered":"<p>Nj\u00eb zjarr i madh ka shp\u00ebrthyer n\u00eb nj\u00eb sip\u00ebrfaqe me bim\u00ebsi t\u00eb ul\u00ebt pran\u00eb kryq\u00ebzimit t\u00eb Fush\u00eb-V\u00ebrris\u00eb n\u00eb Sarand\u00eb. Sipas informacionit t\u00eb para, flak\u00ebt jan\u00eb duke u p\u00ebrhapur me shpejt\u00ebsi t\u00eb madhe p\u00ebr shkak t\u00eb terrenit t\u00eb v\u00ebshtir\u00eb dhe er\u00ebs s\u00eb fort\u00eb q\u00eb po fryn n\u00eb rajon. P\u00ebr momentin, nuk ka pasur nd\u00ebrhyrje nga zjarrfik\u00ebsit, [&hellip;]<\/p>\n","protected":false,"gt_translate_keys":[{"key":"rendered","format":"html"}]},"author":32,"featured_media":761798,"comment_status":"closed","ping_status":"open","sticky":false,"template":"","format":"standard","meta":{"footnotes":""},"categories":[65],"tags":[],"class_list":["post-761797","post","type-post","status-publish","format-standard","has-post-thumbnail","hentry","category-lajme"],"gt_translate_keys":[{"key":"link","format":"url"}],"_links":{"self":[{"href":"https:\/\/www.hashtag.al\/index.php\/wp-json\/wp\/v2\/posts\/761797","targetHints":{"allow":["GET"]}}],"collection":[{"href":"https:\/\/www.hashtag.al\/index.php\/wp-json\/wp\/v2\/posts"}],"about":[{"href":"https:\/\/www.hashtag.al\/index.php\/wp-json\/wp\/v2\/types\/post"}],"author":[{"embeddable":true,"href":"https:\/\/www.hashtag.al\/index.php\/wp-json\/wp\/v2\/users\/32"}],"replies":[{"embeddable":true,"href":"https:\/\/www.hashtag.al\/index.php\/wp-json\/wp\/v2\/comments?post=761797"}],"version-history":[{"count":99999,"href":"https:\/\/www.hashtag.al\/index.php\/wp-json\/wp\/v2\/posts\/761797\/revisions"}],"predecessor-version":[{"id":761799,"href":"https:\/\/www.hashtag.al\/index.php\/wp-json\/wp\/v2\/posts\/761797\/revisions\/761799"}],"wp:featuredmedia":[{"embeddable":true,"href":"https:\/\/www.hashtag.al\/index.php\/wp-json\/wp\/v2\/media\/761798"}],"wp:attachment":[{"href":"https:\/\/www.hashtag.al\/index.php\/wp-json\/wp\/v2\/media?parent=761797"}],"wp:term":[{"taxonomy":"category","embeddable":true,"href":"https:\/\/www.hashtag.al\/index.php\/wp-json\/wp\/v2\/categories?post=761797"},{"taxonomy":"post_tag","embeddable":true,"href":"https:\/\/www.hashtag.al\/index.php\/wp-json\/wp\/v2\/tags?post=761797"}],"curies":[{"name":"wp","href":"https:\/\/api.w.org\/{rel}","templated":true}]}}