{"id":761702,"date":"2025-09-20T18:58:37","date_gmt":"2025-09-20T16:58:37","guid":{"rendered":"https:\/\/www.hashtag.al\/?p=761702"},"modified":"2025-09-20T18:58:37","modified_gmt":"2025-09-20T16:58:37","slug":"paloka-ka-inate-brenda-pd-por-armiku-i-perbashket-eshte-rama","status":"publish","type":"post","link":"https:\/\/www.hashtag.al\/index.php\/2025\/09\/20\/paloka-ka-inate-brenda-pd-por-armiku-i-perbashket-eshte-rama\/","title":{"rendered":"Paloka: Ka inate brenda PD, por armiku i p\u00ebrbashk\u00ebt \u00ebsht\u00eb Rama","gt_translate_keys":[{"key":"rendered","format":"text"}]},"content":{"rendered":"<p><span style=\"color: #000000;\"><img loading=\"lazy\" decoding=\"async\" class=\"alignnone size-medium wp-image-761703\" src=\"https:\/\/www.hashtag.al\/wp-content\/uploads\/2025\/09\/Screenshot-2025-09-20-183425-300x201.png\" alt=\"\" width=\"300\" height=\"201\" srcset=\"https:\/\/www.hashtag.al\/wp-content\/uploads\/2025\/09\/Screenshot-2025-09-20-183425-300x201.png 300w, https:\/\/www.hashtag.al\/wp-content\/uploads\/2025\/09\/Screenshot-2025-09-20-183425.png 755w\" sizes=\"auto, (max-width: 300px) 100vw, 300px\" \/><\/span><\/p>\n<p><span style=\"color: #000000;\">Kryetari i K\u00ebshillit Komb\u00ebtar t\u00eb Partis\u00eb Demokratike, Edi Paloka, ka pranuar se n\u00eb radh\u00ebt e demokrat\u00ebve ka pak\u00ebnaq\u00ebsi dhe inate, por theksoi se armiku i p\u00ebrbashk\u00ebt mbetet kryeministri Edi Rama.<\/span><\/p>\n<p><span style=\"color: #000000;\">N\u00eb nj\u00eb intervist\u00eb p\u00ebr emisionin <em>Kjo Jav\u00eb<\/em> n\u00eb News24, Paloka tha se pas 12 vitesh n\u00eb opozit\u00eb, \u00ebsht\u00eb e natyrshme q\u00eb brenda PD-s\u00eb t\u00eb ket\u00eb tensione, por sipas tij, kjo nuk duhet t\u00eb kthehet n\u00eb p\u00ebr\u00e7arje.<\/span><\/p>\n<p><span style=\"color: #000000;\"><em>\u201cKa inate dhe brenda p\u00ebrbrenda. Ka nga ata q\u00eb thon\u00eb \u2018shyqyr q\u00eb erdhi rasti t\u2019ia plas k\u00ebtij\u2019. Demokrat\u00ebve, atyre q\u00eb e duan PD dua t\u2019u them: nuk jan\u00eb armiqt\u00eb demokrat\u00ebt, por armiku \u00ebsht\u00eb Rama. Nga d\u00ebshp\u00ebrimi duket sikur gjuajm\u00eb nj\u00ebri-tjetrin, por me k\u00ebt\u00eb i japim k\u00ebnaq\u00ebsi atij tjetrit,\u201d<\/em> u shpreh Paloka.<\/span><\/p>\n<p><span style=\"color: #000000;\">Ai e cil\u00ebsoi situat\u00ebn brenda partis\u00eb si t\u00eb v\u00ebshtir\u00eb, duke shtuar se \u201cshumica e demokrat\u00ebve mezi sigurojn\u00eb buk\u00ebn e goj\u00ebs\u201d dhe se sipas tij, Rama i ka larguar pothuajse t\u00eb gjith\u00eb nga administrata.<\/span><\/p>\n<p><span style=\"color: #000000;\">I pyetur p\u00ebr gabimet e PD-s\u00eb, Paloka tha se nuk ishin ato q\u00eb p\u00ebrcaktuan rezultatin e zgjedhjeve, por \u201cmanipulimi i b\u00ebr\u00eb nga Rama\u201d.<\/span><\/p>\n<p><span style=\"color: #000000;\"><em>\u201cZgjedhjet u manipuluan, u vodh\u00ebn. Nuk jan\u00eb gabimet tona q\u00eb p\u00ebrcaktuan rezultatin, por \u00ebsht\u00eb Rama ai q\u00eb e b\u00ebri k\u00ebt\u00eb gj\u00eb. Kam qen\u00eb kund\u00ebr vot\u00ebs s\u00eb emigrant\u00ebve, pasi e dija se \u00e7far\u00eb do t\u00eb ndodhte. K\u00ebshtu po i japim n\u00eb dor\u00eb nj\u00eb form\u00eb drejt manipulimit,\u201d<\/em> tha ai.<\/span><\/p>\n<p><span style=\"color: #000000;\">Paloka theksoi se Partia Demokratike ka nevoj\u00eb p\u00ebr ndryshime, por k\u00ebto, sipas tij, duhet t\u00eb vijn\u00eb \u201cn\u00eb m\u00ebnyr\u00eb normale\u201d dhe jo si pasoj\u00eb e konflikteve t\u00eb brendshme.<\/span><\/p>\n<p><span style=\"color: #000000;\"><em>\u201cKa shum\u00eb gj\u00ebra q\u00eb duhet t\u00eb rregullojm\u00eb, nuk \u00ebsht\u00eb vet\u00ebm \u00e7\u00ebshtje emrash. S\u2019do ta l\u00eb luft\u00ebn!\u201d, <\/em>p\u00ebrfundoi ai.<\/span><\/p>\n","protected":false,"gt_translate_keys":[{"key":"rendered","format":"html"}]},"excerpt":{"rendered":"<p>Kryetari i K\u00ebshillit Komb\u00ebtar t\u00eb Partis\u00eb Demokratike, Edi Paloka, ka pranuar se n\u00eb radh\u00ebt e demokrat\u00ebve ka pak\u00ebnaq\u00ebsi dhe inate, por theksoi se armiku i p\u00ebrbashk\u00ebt mbetet kryeministri Edi Rama. N\u00eb nj\u00eb intervist\u00eb p\u00ebr emisionin Kjo Jav\u00eb n\u00eb News24, Paloka tha se pas 12 vitesh n\u00eb opozit\u00eb, \u00ebsht\u00eb e natyrshme q\u00eb brenda PD-s\u00eb t\u00eb ket\u00eb [&hellip;]<\/p>\n","protected":false,"gt_translate_keys":[{"key":"rendered","format":"html"}]},"author":32,"featured_media":761703,"comment_status":"closed","ping_status":"open","sticky":false,"template":"","format":"standard","meta":{"footnotes":""},"categories":[65],"tags":[],"class_list":["post-761702","post","type-post","status-publish","format-standard","has-post-thumbnail","hentry","category-lajme"],"gt_translate_keys":[{"key":"link","format":"url"}],"_links":{"self":[{"href":"https:\/\/www.hashtag.al\/index.php\/wp-json\/wp\/v2\/posts\/761702","targetHints":{"allow":["GET"]}}],"collection":[{"href":"https:\/\/www.hashtag.al\/index.php\/wp-json\/wp\/v2\/posts"}],"about":[{"href":"https:\/\/www.hashtag.al\/index.php\/wp-json\/wp\/v2\/types\/post"}],"author":[{"embeddable":true,"href":"https:\/\/www.hashtag.al\/index.php\/wp-json\/wp\/v2\/users\/32"}],"replies":[{"embeddable":true,"href":"https:\/\/www.hashtag.al\/index.php\/wp-json\/wp\/v2\/comments?post=761702"}],"version-history":[{"count":99999,"href":"https:\/\/www.hashtag.al\/index.php\/wp-json\/wp\/v2\/posts\/761702\/revisions"}],"predecessor-version":[{"id":761704,"href":"https:\/\/www.hashtag.al\/index.php\/wp-json\/wp\/v2\/posts\/761702\/revisions\/761704"}],"wp:featuredmedia":[{"embeddable":true,"href":"https:\/\/www.hashtag.al\/index.php\/wp-json\/wp\/v2\/media\/761703"}],"wp:attachment":[{"href":"https:\/\/www.hashtag.al\/index.php\/wp-json\/wp\/v2\/media?parent=761702"}],"wp:term":[{"taxonomy":"category","embeddable":true,"href":"https:\/\/www.hashtag.al\/index.php\/wp-json\/wp\/v2\/categories?post=761702"},{"taxonomy":"post_tag","embeddable":true,"href":"https:\/\/www.hashtag.al\/index.php\/wp-json\/wp\/v2\/tags?post=761702"}],"curies":[{"name":"wp","href":"https:\/\/api.w.org\/{rel}","templated":true}]}}