{"id":761493,"date":"2025-09-19T13:01:03","date_gmt":"2025-09-19T11:01:03","guid":{"rendered":"https:\/\/www.hashtag.al\/?p=761493"},"modified":"2025-09-19T13:01:03","modified_gmt":"2025-09-19T11:01:03","slug":"politika-presion-antikushtetues-ndaj-vendimit-te-institucioneve-te-drejtesise-kreu-i-ild-se-metani","status":"publish","type":"post","link":"https:\/\/www.hashtag.al\/index.php\/2025\/09\/19\/politika-presion-antikushtetues-ndaj-vendimit-te-institucioneve-te-drejtesise-kreu-i-ild-se-metani\/","title":{"rendered":"&#8220;Politika presion antikushtetues ndaj vendimit t\u00eb institucioneve t\u00eb drejt\u00ebsis\u00eb&#8221; &#8211; Kreu i ILD-s\u00eb Metani","gt_translate_keys":[{"key":"rendered","format":"text"}]},"content":{"rendered":"<p><img loading=\"lazy\" decoding=\"async\" class=\"aligncenter size-full wp-image-761494\" src=\"https:\/\/www.hashtag.al\/wp-content\/uploads\/2025\/09\/metani.png\" alt=\"\" width=\"931\" height=\"607\" srcset=\"https:\/\/www.hashtag.al\/wp-content\/uploads\/2025\/09\/metani.png 931w, https:\/\/www.hashtag.al\/wp-content\/uploads\/2025\/09\/metani-300x196.png 300w, https:\/\/www.hashtag.al\/wp-content\/uploads\/2025\/09\/metani-768x501.png 768w\" sizes=\"auto, (max-width: 931px) 100vw, 931px\" \/><\/p>\n<p><span style=\"color: #000000;\">Kreu i Inspektoratit t\u00eb Lart\u00eb t\u00eb Drejt\u00ebsis\u00eb Artur Metani kritikoi ato q\u00eb i quajti presione t\u00eb politik\u00ebs nga t\u00eb gjith\u00eb krah\u00ebt ndaj vendimeve t\u00eb drejt\u00ebsis\u00eb.<\/span><\/p>\n<p><span style=\"color: #000000;\">Gjat\u00eb takimit t\u00eb thirrur nga ambasada e Holand\u00ebs, ku merrnin pjes\u00eb krer\u00ebt e institucioneve t\u00eb drejt\u00ebsis\u00eb, ai theksoi se sistemi gjyq\u00ebsor \u00ebsht\u00eb prej koh\u00ebsh n\u00eb nj\u00eb trysni antikushtetuese duke e penguar t\u00eb ushtroj\u00eb detyr\u00ebn si duhet.<\/span><\/p>\n<p><span style=\"color: #000000;\"><em><i>\u201cU b\u00eb koh\u00eb q\u00eb sistemi gjyq\u00ebsor \u00ebsht\u00eb n\u00ebn nj\u00eb trysni, p\u00ebr mua antikushtetuese, p\u00ebr t\u00eb ushtruar detyr\u00ebn ose jo, n\u00eb nj\u00eb form\u00eb t\u00eb caktuar. Nga t\u00eb gjith\u00eb. U b\u00eb koh\u00eb q\u00eb fyerjet p\u00ebr magjistrat\u00ebt jan\u00eb pjes\u00eb m\u00eb e konsiderueshme e artikulimit kur vjen puna tek kritikat p\u00ebr pushtetin gjyq\u00ebsor. Natyrisht, t\u00eb papranueshme k\u00ebto n\u00eb \u00e7do pik\u00ebpamje. Por kur k\u00ebto kritika shkojn\u00eb p\u00ebrtej kufijve, at\u00ebher\u00eb k\u00ebto kritika nuk ndikojn\u00eb vet\u00ebm m\u00ebnyr\u00ebn se si magjistrat\u00ebt i marrin vendimet por gjithashtu minojn\u00eb besimin publik tek institucionet e pushtetit gjyq\u00ebsor. Kjo \u00ebsht\u00eb kostoja m\u00eb e madhe\u201d<\/i><\/em>, tha Metani.<\/span><\/p>\n","protected":false,"gt_translate_keys":[{"key":"rendered","format":"html"}]},"excerpt":{"rendered":"<p>Kreu i Inspektoratit t\u00eb Lart\u00eb t\u00eb Drejt\u00ebsis\u00eb Artur Metani kritikoi ato q\u00eb i quajti presione t\u00eb politik\u00ebs nga t\u00eb gjith\u00eb krah\u00ebt ndaj vendimeve t\u00eb drejt\u00ebsis\u00eb. Gjat\u00eb takimit t\u00eb thirrur nga ambasada e Holand\u00ebs, ku merrnin pjes\u00eb krer\u00ebt e institucioneve t\u00eb drejt\u00ebsis\u00eb, ai theksoi se sistemi gjyq\u00ebsor \u00ebsht\u00eb prej koh\u00ebsh n\u00eb nj\u00eb trysni antikushtetuese duke e [&hellip;]<\/p>\n","protected":false,"gt_translate_keys":[{"key":"rendered","format":"html"}]},"author":51,"featured_media":761494,"comment_status":"closed","ping_status":"open","sticky":false,"template":"","format":"standard","meta":{"footnotes":""},"categories":[65],"tags":[],"class_list":["post-761493","post","type-post","status-publish","format-standard","has-post-thumbnail","hentry","category-lajme"],"gt_translate_keys":[{"key":"link","format":"url"}],"_links":{"self":[{"href":"https:\/\/www.hashtag.al\/index.php\/wp-json\/wp\/v2\/posts\/761493","targetHints":{"allow":["GET"]}}],"collection":[{"href":"https:\/\/www.hashtag.al\/index.php\/wp-json\/wp\/v2\/posts"}],"about":[{"href":"https:\/\/www.hashtag.al\/index.php\/wp-json\/wp\/v2\/types\/post"}],"author":[{"embeddable":true,"href":"https:\/\/www.hashtag.al\/index.php\/wp-json\/wp\/v2\/users\/51"}],"replies":[{"embeddable":true,"href":"https:\/\/www.hashtag.al\/index.php\/wp-json\/wp\/v2\/comments?post=761493"}],"version-history":[{"count":99999,"href":"https:\/\/www.hashtag.al\/index.php\/wp-json\/wp\/v2\/posts\/761493\/revisions"}],"predecessor-version":[{"id":761495,"href":"https:\/\/www.hashtag.al\/index.php\/wp-json\/wp\/v2\/posts\/761493\/revisions\/761495"}],"wp:featuredmedia":[{"embeddable":true,"href":"https:\/\/www.hashtag.al\/index.php\/wp-json\/wp\/v2\/media\/761494"}],"wp:attachment":[{"href":"https:\/\/www.hashtag.al\/index.php\/wp-json\/wp\/v2\/media?parent=761493"}],"wp:term":[{"taxonomy":"category","embeddable":true,"href":"https:\/\/www.hashtag.al\/index.php\/wp-json\/wp\/v2\/categories?post=761493"},{"taxonomy":"post_tag","embeddable":true,"href":"https:\/\/www.hashtag.al\/index.php\/wp-json\/wp\/v2\/tags?post=761493"}],"curies":[{"name":"wp","href":"https:\/\/api.w.org\/{rel}","templated":true}]}}