{"id":761479,"date":"2025-09-19T11:52:49","date_gmt":"2025-09-19T09:52:49","guid":{"rendered":"https:\/\/www.hashtag.al\/?p=761479"},"modified":"2025-09-19T11:52:49","modified_gmt":"2025-09-19T09:52:49","slug":"drejtuesja-e-klp-se-duhet-te-kuptojme-limitet-tona-gjithesecili-te-mbaje-aq-peshe-profesionale-sa-ka-mundesi","status":"publish","type":"post","link":"https:\/\/www.hashtag.al\/index.php\/2025\/09\/19\/drejtuesja-e-klp-se-duhet-te-kuptojme-limitet-tona-gjithesecili-te-mbaje-aq-peshe-profesionale-sa-ka-mundesi\/","title":{"rendered":"Drejtuesja e KLP-s\u00eb: Duhet t\u00eb kuptojm\u00eb limitet tona, gjith\u00ebsecili t\u00eb mbaj\u00eb aq pesh\u00eb profesionale sa ka mund\u00ebsi","gt_translate_keys":[{"key":"rendered","format":"text"}]},"content":{"rendered":"<p><span style=\"color: #000000;\"><img loading=\"lazy\" decoding=\"async\" class=\"aligncenter size-full wp-image-761481\" src=\"https:\/\/www.hashtag.al\/wp-content\/uploads\/2025\/09\/1758273450_mirelabogdani.jpeg\" alt=\"\" width=\"780\" height=\"440\" srcset=\"https:\/\/www.hashtag.al\/wp-content\/uploads\/2025\/09\/1758273450_mirelabogdani.jpeg 780w, https:\/\/www.hashtag.al\/wp-content\/uploads\/2025\/09\/1758273450_mirelabogdani-300x169.jpeg 300w, https:\/\/www.hashtag.al\/wp-content\/uploads\/2025\/09\/1758273450_mirelabogdani-768x433.jpeg 768w\" sizes=\"auto, (max-width: 780px) 100vw, 780px\" \/><\/span><\/p>\n<p data-start=\"84\" data-end=\"435\"><span style=\"color: #000000;\">Kryetarja e K\u00ebshillit t\u00eb Lart\u00eb t\u00eb Prokuroris\u00eb, Mirela Bogdani, tha se reforma n\u00eb drejt\u00ebsi k\u00ebrkon rritje t\u00eb profesionalizmit dhe integritetit t\u00eb prokuror\u00ebve e gjyqtar\u00ebve, si kusht p\u00ebr rrug\u00ebn drejt BE-s\u00eb. Ajo theksoi se llogaridh\u00ebnia e prokuror\u00ebve sigurohet nga gjykatat dhe vler\u00ebsimi etik e profesional i KLP-s\u00eb, ku jan\u00eb kryer 34 vler\u00ebsime deri tani.<\/span><\/p>\n<p data-start=\"437\" data-end=\"697\"><span style=\"color: #000000;\">Bogdani n\u00ebnvizoi se ndryshimi fillon nga ata vet\u00eb t\u00eb cil\u00ebt duhet t\u00eb tregojn\u00eb profesionaliz\u00ebm, integritet dhe transparenc\u00eb. Ajo u b\u00ebri apel prokuror\u00ebve q\u00eb t\u00eb jen\u00eb kritik\u00eb ndaj vetes dhe pun\u00ebs s\u00eb tyre, duke analizuar \u00e7do rast me balanc\u00eb shkak\u2013pasoj\u00eb.<\/span><\/p>\n<p><span style=\"color: #000000;\"><em>\u201c\u00cbsht\u00eb nj\u00eb realitet q\u00eb jemi p\u00ebrballur dhe do t\u00eb vazhdojm\u00eb n\u00eb k\u00ebt\u00eb rrug\u00ebtim q\u00eb duhet t\u00eb evidentojm\u00eb drejt hyrjes n\u00eb BE. Lidhur me llogaridh\u00ebnien p\u00ebr pun\u00ebn e prokuror\u00ebve, kontrollohen nga gjykatat. K\u00ebrkohet nj\u00eb nivel m\u00eb i lart\u00eb profesionalizmi dhe nga prokuror\u00ebt dhe gjyqtar\u00ebt.<\/em><\/span><\/p>\n<p><span style=\"color: #000000;\"><em>Mekanizmi tjet\u00ebr, \u00ebsht\u00eb n\u00ebp\u00ebrmjet vler\u00ebsimit etik dhe profesional q\u00eb b\u00ebn KLP. Kemi b\u00ebr\u00eb 34 vler\u00ebsime. \u00cbsht\u00eb nj\u00eb proces q\u00eb dikur vler\u00ebsohej vet\u00ebm nga prokurori i p\u00ebrgjithsh\u00ebm, nd\u00ebrsa sot \u00ebsht\u00eb nj\u00eb k\u00ebshill i p\u00ebrb\u00ebr\u00eb nga 11 persona q\u00eb vler\u00ebson pun\u00ebn e magjistratit.<\/em><\/span><\/p>\n<p><span style=\"color: #000000;\"><em>Itegriteti. Ndryshimi i madh q\u00eb po presim n\u00ebp\u00ebrmjet reform\u00ebs fillon nga vetja. N\u00ebse nuk reflektojm\u00eb, porfesionaliz\u00ebm, integritet, transparenc\u00eb, duhet t\u00eb jet\u00eb e v\u00ebshtir\u00eb t\u2019i pretendojm\u00eb n\u00eb radh\u00ebt e magjistrat\u00ebve.<\/em><\/span><\/p>\n<p><span style=\"color: #000000;\"><em>K\u00ebshill\u00eb p\u00ebr prokuror\u00ebt, \u00ebsht\u00eb ai parimi i Dekartit, dyshoni tek vetja, tek puna juaj. Duhet t\u00eb analizojm\u00eb, t\u00eb kemi 2-3 versione, t\u00eb b\u00ebjm\u00eb at\u00eb balanc\u00ebn shkak-pasoj\u00eb p\u00ebr t\u00eb qen\u00eb t\u00eb bindur e korrekt\u00eb si me veten ashtu dhe me publikun.<\/em><\/span><\/p>\n<p><span style=\"color: #000000;\"><em>Ngarkesa e prokuror\u00ebve dhe gjyqtar\u00ebve \u00ebsht\u00eb e lart\u00eb nga vakancat n\u00eb sistem. \u00cbsht\u00eb e pamundur q\u00eb nj\u00eb magjistrat t\u00eb veproj\u00eb n\u00eb kushte normaliteti. N\u00eb k\u00ebt\u00eb tusni pune t\u00eb kemi disa aft\u00ebsi menaxheriale t\u00eb zhvilluara, qoft\u00eb indivualisht dhe trajnimeve.<\/em><\/span><\/p>\n<p><span style=\"color: #000000;\"><em>Duhet t\u00eb kuptojm\u00eb limitet tona. Gjith\u00ebsecili t\u00eb mbaj\u00eb aq pesh\u00eb profesionale sa ka mund\u00ebsi. Duhet t\u00eb shikojm\u00eb t\u00eb ndajm\u00eb p\u00ebrgjegj\u00ebsin\u00eb me t\u00eb tjer\u00ebt dhe t\u00eb b\u00ebjm\u00eb pjes\u00eb t\u00eb pun\u00ebs ton\u00eb pjes\u00ebtar\u00eb t\u00eb tjer\u00eb q\u00eb mund t\u00eb na ndihmojn\u00eb n\u00eb pun\u00ebn ton\u00eb.\u201d<\/em><\/span><\/p>\n","protected":false,"gt_translate_keys":[{"key":"rendered","format":"html"}]},"excerpt":{"rendered":"<p>Kryetarja e K\u00ebshillit t\u00eb Lart\u00eb t\u00eb Prokuroris\u00eb, Mirela Bogdani, tha se reforma n\u00eb drejt\u00ebsi k\u00ebrkon rritje t\u00eb profesionalizmit dhe integritetit t\u00eb prokuror\u00ebve e gjyqtar\u00ebve, si kusht p\u00ebr rrug\u00ebn drejt BE-s\u00eb. Ajo theksoi se llogaridh\u00ebnia e prokuror\u00ebve sigurohet nga gjykatat dhe vler\u00ebsimi etik e profesional i KLP-s\u00eb, ku jan\u00eb kryer 34 vler\u00ebsime deri tani. Bogdani n\u00ebnvizoi [&hellip;]<\/p>\n","protected":false,"gt_translate_keys":[{"key":"rendered","format":"html"}]},"author":49,"featured_media":761481,"comment_status":"closed","ping_status":"open","sticky":false,"template":"","format":"standard","meta":{"footnotes":""},"categories":[65],"tags":[],"class_list":["post-761479","post","type-post","status-publish","format-standard","has-post-thumbnail","hentry","category-lajme"],"gt_translate_keys":[{"key":"link","format":"url"}],"_links":{"self":[{"href":"https:\/\/www.hashtag.al\/index.php\/wp-json\/wp\/v2\/posts\/761479","targetHints":{"allow":["GET"]}}],"collection":[{"href":"https:\/\/www.hashtag.al\/index.php\/wp-json\/wp\/v2\/posts"}],"about":[{"href":"https:\/\/www.hashtag.al\/index.php\/wp-json\/wp\/v2\/types\/post"}],"author":[{"embeddable":true,"href":"https:\/\/www.hashtag.al\/index.php\/wp-json\/wp\/v2\/users\/49"}],"replies":[{"embeddable":true,"href":"https:\/\/www.hashtag.al\/index.php\/wp-json\/wp\/v2\/comments?post=761479"}],"version-history":[{"count":99999,"href":"https:\/\/www.hashtag.al\/index.php\/wp-json\/wp\/v2\/posts\/761479\/revisions"}],"predecessor-version":[{"id":761483,"href":"https:\/\/www.hashtag.al\/index.php\/wp-json\/wp\/v2\/posts\/761479\/revisions\/761483"}],"wp:featuredmedia":[{"embeddable":true,"href":"https:\/\/www.hashtag.al\/index.php\/wp-json\/wp\/v2\/media\/761481"}],"wp:attachment":[{"href":"https:\/\/www.hashtag.al\/index.php\/wp-json\/wp\/v2\/media?parent=761479"}],"wp:term":[{"taxonomy":"category","embeddable":true,"href":"https:\/\/www.hashtag.al\/index.php\/wp-json\/wp\/v2\/categories?post=761479"},{"taxonomy":"post_tag","embeddable":true,"href":"https:\/\/www.hashtag.al\/index.php\/wp-json\/wp\/v2\/tags?post=761479"}],"curies":[{"name":"wp","href":"https:\/\/api.w.org\/{rel}","templated":true}]}}