{"id":761475,"date":"2025-09-19T11:14:30","date_gmt":"2025-09-19T09:14:30","guid":{"rendered":"https:\/\/www.hashtag.al\/?p=761475"},"modified":"2025-09-19T11:14:30","modified_gmt":"2025-09-19T09:14:30","slug":"tensionet-ne-kuvend-perjashtohen-10-dite-nga-seancat-gazment-bardhi-dhe-fidel-kreka","status":"publish","type":"post","link":"https:\/\/www.hashtag.al\/index.php\/2025\/09\/19\/tensionet-ne-kuvend-perjashtohen-10-dite-nga-seancat-gazment-bardhi-dhe-fidel-kreka\/","title":{"rendered":"Tensionet n\u00eb Kuvend, p\u00ebrjashtohen 10 dit\u00eb nga seancat Gazment Bardhi dhe Fidel Kreka","gt_translate_keys":[{"key":"rendered","format":"text"}]},"content":{"rendered":"<p><img loading=\"lazy\" decoding=\"async\" class=\"aligncenter size-full wp-image-761476\" src=\"https:\/\/www.hashtag.al\/wp-content\/uploads\/2025\/09\/1758200266_bardhii.jpeg\" alt=\"\" width=\"780\" height=\"440\" srcset=\"https:\/\/www.hashtag.al\/wp-content\/uploads\/2025\/09\/1758200266_bardhii.jpeg 780w, https:\/\/www.hashtag.al\/wp-content\/uploads\/2025\/09\/1758200266_bardhii-300x169.jpeg 300w, https:\/\/www.hashtag.al\/wp-content\/uploads\/2025\/09\/1758200266_bardhii-768x433.jpeg 768w\" sizes=\"auto, (max-width: 780px) 100vw, 780px\" \/><\/p>\n<p><span style=\"color: #000000;\">Gazment Bardhi dhe Fidel Kreka jan\u00eb deputet\u00ebt e par\u00eb t\u00eb nd\u00ebshkuar n\u00eb fillim t\u00eb k\u00ebsaj legjislature, pas tensionit t\u00eb krijuar n\u00eb seanc\u00ebn e fundit parlamentare.<\/span><\/p>\n<p><span style=\"color: #000000;\">Me k\u00ebrkes\u00eb t\u00eb Partis\u00eb Socialiste, Sekretariati i Etik\u00ebs vendosi p\u00ebrjashtimin e tyre p\u00ebr 10 dit\u00eb nga punimet e Kuvendit.<\/span><\/p>\n<p><span style=\"color: #000000;\"> Dy deputet\u00ebt demokrat\u00eb u konsideruan p\u00ebrgjegj\u00ebs p\u00ebr tensionet gjat\u00eb seanc\u00ebs q\u00eb zgjati vet\u00ebm 25 minuta dhe ku u miratuan programi qeveris\u00ebs dhe kabineti i ri.<\/span><\/p>\n","protected":false,"gt_translate_keys":[{"key":"rendered","format":"html"}]},"excerpt":{"rendered":"<p>Gazment Bardhi dhe Fidel Kreka jan\u00eb deputet\u00ebt e par\u00eb t\u00eb nd\u00ebshkuar n\u00eb fillim t\u00eb k\u00ebsaj legjislature, pas tensionit t\u00eb krijuar n\u00eb seanc\u00ebn e fundit parlamentare. Me k\u00ebrkes\u00eb t\u00eb Partis\u00eb Socialiste, Sekretariati i Etik\u00ebs vendosi p\u00ebrjashtimin e tyre p\u00ebr 10 dit\u00eb nga punimet e Kuvendit. Dy deputet\u00ebt demokrat\u00eb u konsideruan p\u00ebrgjegj\u00ebs p\u00ebr tensionet gjat\u00eb seanc\u00ebs q\u00eb [&hellip;]<\/p>\n","protected":false,"gt_translate_keys":[{"key":"rendered","format":"html"}]},"author":49,"featured_media":761476,"comment_status":"closed","ping_status":"open","sticky":false,"template":"","format":"standard","meta":{"footnotes":""},"categories":[65],"tags":[],"class_list":["post-761475","post","type-post","status-publish","format-standard","has-post-thumbnail","hentry","category-lajme"],"gt_translate_keys":[{"key":"link","format":"url"}],"_links":{"self":[{"href":"https:\/\/www.hashtag.al\/index.php\/wp-json\/wp\/v2\/posts\/761475","targetHints":{"allow":["GET"]}}],"collection":[{"href":"https:\/\/www.hashtag.al\/index.php\/wp-json\/wp\/v2\/posts"}],"about":[{"href":"https:\/\/www.hashtag.al\/index.php\/wp-json\/wp\/v2\/types\/post"}],"author":[{"embeddable":true,"href":"https:\/\/www.hashtag.al\/index.php\/wp-json\/wp\/v2\/users\/49"}],"replies":[{"embeddable":true,"href":"https:\/\/www.hashtag.al\/index.php\/wp-json\/wp\/v2\/comments?post=761475"}],"version-history":[{"count":99999,"href":"https:\/\/www.hashtag.al\/index.php\/wp-json\/wp\/v2\/posts\/761475\/revisions"}],"predecessor-version":[{"id":761477,"href":"https:\/\/www.hashtag.al\/index.php\/wp-json\/wp\/v2\/posts\/761475\/revisions\/761477"}],"wp:featuredmedia":[{"embeddable":true,"href":"https:\/\/www.hashtag.al\/index.php\/wp-json\/wp\/v2\/media\/761476"}],"wp:attachment":[{"href":"https:\/\/www.hashtag.al\/index.php\/wp-json\/wp\/v2\/media?parent=761475"}],"wp:term":[{"taxonomy":"category","embeddable":true,"href":"https:\/\/www.hashtag.al\/index.php\/wp-json\/wp\/v2\/categories?post=761475"},{"taxonomy":"post_tag","embeddable":true,"href":"https:\/\/www.hashtag.al\/index.php\/wp-json\/wp\/v2\/tags?post=761475"}],"curies":[{"name":"wp","href":"https:\/\/api.w.org\/{rel}","templated":true}]}}