{"id":761360,"date":"2025-09-18T16:51:52","date_gmt":"2025-09-18T14:51:52","guid":{"rendered":"https:\/\/www.hashtag.al\/?p=761360"},"modified":"2025-09-18T16:51:52","modified_gmt":"2025-09-18T14:51:52","slug":"infrastruktura-2025-2029-rama-do-te-ndertohen-700-km-rruge","status":"publish","type":"post","link":"https:\/\/www.hashtag.al\/index.php\/2025\/09\/18\/infrastruktura-2025-2029-rama-do-te-ndertohen-700-km-rruge\/","title":{"rendered":"Infrastruktura 2025-2029\/ Rama: Do t\u00eb nd\u00ebrtohen 700 km rrug\u00eb","gt_translate_keys":[{"key":"rendered","format":"text"}]},"content":{"rendered":"<p><span style=\"color: #000000;\"><img loading=\"lazy\" decoding=\"async\" class=\"alignnone size-medium wp-image-761361\" src=\"https:\/\/www.hashtag.al\/wp-content\/uploads\/2025\/09\/1758204566_postimiiedirames-300x169.jpg\" alt=\"\" width=\"300\" height=\"169\" srcset=\"https:\/\/www.hashtag.al\/wp-content\/uploads\/2025\/09\/1758204566_postimiiedirames-300x169.jpg 300w, https:\/\/www.hashtag.al\/wp-content\/uploads\/2025\/09\/1758204566_postimiiedirames-768x433.jpg 768w, https:\/\/www.hashtag.al\/wp-content\/uploads\/2025\/09\/1758204566_postimiiedirames.jpg 780w\" sizes=\"auto, (max-width: 300px) 100vw, 300px\" \/><\/span><\/p>\n<p><span style=\"color: #000000;\">Kryeministri Edi Rama me an\u00eb t\u00eb nj\u00eb video n\u00eb rrjetet sociale, ka b\u00ebr\u00eb publike programin p\u00ebr investimet publike n\u00eb vendin ton\u00eb n\u00eb 4 vitet e ardhshme.<\/span><\/p>\n<p><span style=\"color: #000000;\">Rama b\u00ebn me dije se n\u00eb periudh\u00ebn 2025-2029, do t\u00eb nd\u00ebrton 700 kilometra rrug\u00eb n\u00eb gjith\u00eb Shqip\u00ebrin\u00eb.<\/span><\/p>\n<p><span style=\"color: #000000;\">Sipas kryeministrit, do t\u00eb nd\u00ebrtohen disa akse t\u00eb r\u00ebnd\u00ebsishme n\u00eb vend, si Bypassi i Elbasanit, Bypassi i Sarand\u00ebs, apo \u2018Rruga e maleve\u2019, n\u00eb veri t\u00eb Shqip\u00ebris\u00eb.<\/span><\/p>\n<p><span style=\"color: #000000;\">Ja\u00a0rrug\u00ebt\u00a0q\u00eb do t\u00eb nd\u00ebrtohen:<\/span><\/p>\n<ul>\n<li><span style=\"color: #000000;\">Bypassi i Elbasanit<\/span><\/li>\n<li><span style=\"color: #000000;\">Rruga e bregut (Dh\u00ebrmi-Sarand\u00eb)<\/span><\/li>\n<li><span style=\"color: #000000;\">Bypass Sarand\u00eb dhe rruga e Ksamilit<\/span><\/li>\n<li><span style=\"color: #000000;\">Unaza e \u00c7ajupit (Gjirokast\u00ebr-Libohov\u00eb-Kardhiq)<\/span><\/li>\n<li><span style=\"color: #000000;\">Rruga e Vjos\u00ebs (Ersek\u00eb-P\u00ebrmet-Tepelen\u00eb)<\/span><\/li>\n<li><span style=\"color: #000000;\">Aksi Berat-Skrapar-Gramsh<\/span><\/li>\n<li><span style=\"color: #000000;\">Rruga e Liqeneve (Rr\u00ebshen-Burrel)<\/span><\/li>\n<li><span style=\"color: #000000;\">Rruga e maleve (Puk\u00eb-Vau i Dej\u00ebs-Fush\u00eb Arr\u00ebz)\u00a0\u00a0<\/span><\/li>\n<\/ul>\n<p><span style=\"color: #000000;\">Dit\u00ebn e djeshme, Shqiptarja.com publikoi t\u00eb plot\u00eb\u00a0programin p\u00ebr infrastruktur\u00ebn,\u00a0ku prioritet i qeveris\u00eb \u00ebsht\u00eb edhe infrastruktura hekurudhore, me disa projekte t\u00eb r\u00ebnd\u00ebsishme. Nj\u00eb element i ri n\u00eb infrastruktur\u00ebn rrugore do t\u00eb jet\u00eb Qendra Komb\u00ebtare e Monitorimit t\u00eb Trafikut.<\/span><\/p>\n<p><span style=\"color: #000000;\">Po ashtu, parashikohet nj\u00eb rrjet komb\u00ebtar transporti publik dhe i gjelb\u00ebr. N\u00eb programin q\u00eb Shqiptarja.com disponon, parashikohet ngritja e nj\u00eb shoq\u00ebrie shtet\u00ebrore MobAl si Agjenci Komb\u00ebtare p\u00ebr Transportin Publik, q\u00eb n\u00eb faz\u00ebn fillestare ofron sh\u00ebrbime n\u00eb 7 itinerare turistike komb\u00ebtare dhe ofron transport publik shkollor n\u00eb tre zona t\u00eb vendosura strategjikisht n\u00eb veri, jug dhe juglindje, aty ku nx\u00ebn\u00ebsit kan\u00eb v\u00ebshtir\u00ebsi n\u00eb aksesimin e shkoll\u00ebs, duke garantuar mund\u00ebsi t\u00eb barabarta arsimimi p\u00ebr \u00e7do f\u00ebmij\u00eb.<\/span><\/p>\n<p><span style=\"color: #000000;\">Pritet t\u00eb vihet n\u00eb funksion nj\u00eb flot\u00eb prej rreth 100 autobus\u00ebsh elektrik\u00eb, me standarde t\u00eb reja sigurie, efikasiteti dhe respekti p\u00ebr mjedisin.<\/span><\/p>\n<p><span style=\"color: #000000;\">Po ashtu, brenda k\u00ebtij mandati synohet t\u00eb nd\u00ebrtohet Portin e ri tregtar i Porto Romanos, t\u00eb p\u00ebrfundohet certifikimin dhe operimi e Aeroportit Nd\u00ebrkomb\u00ebtar t\u00eb Vlor\u00ebs, si edhe t\u00eb hapet aeroporti i jugut n\u00eb Gjirokast\u00ebr.<\/span><\/p>\n<p><span style=\"color: #000000;\">Po ashtu synohet zgjerimi i kapaciteteve t\u00eb Aeroportit Nd\u00ebrkomb\u00ebtar t\u00eb Tiran\u00ebs (VIA) p\u00ebr t\u00eb rritur trafikun e pasagjer\u00ebve dhe numrin e destinacioneve nd\u00ebrkomb\u00ebtare. Pritet themelimi i Akademis\u00eb s\u00eb Aviacionit, e para n\u00eb vend, si qend\u00ebr komb\u00ebtare p\u00ebr p\u00ebrgatitjen e pilot\u00ebve, teknik\u00ebve dhe specialist\u00ebve.<\/span><\/p>\n<p><iframe loading=\"lazy\" style=\"border: none; overflow: hidden;\" src=\"https:\/\/www.facebook.com\/plugins\/video.php?height=476&amp;href=https%3A%2F%2Fwww.facebook.com%2Fediramaal%2Fvideos%2F1814276185861309%2F&amp;show_text=false&amp;width=380&amp;t=0\" width=\"380\" height=\"476\" frameborder=\"0\" scrolling=\"no\" allowfullscreen=\"allowfullscreen\"><\/iframe><\/p>\n","protected":false,"gt_translate_keys":[{"key":"rendered","format":"html"}]},"excerpt":{"rendered":"<p>Kryeministri Edi Rama me an\u00eb t\u00eb nj\u00eb video n\u00eb rrjetet sociale, ka b\u00ebr\u00eb publike programin p\u00ebr investimet publike n\u00eb vendin ton\u00eb n\u00eb 4 vitet e ardhshme. Rama b\u00ebn me dije se n\u00eb periudh\u00ebn 2025-2029, do t\u00eb nd\u00ebrton 700 kilometra rrug\u00eb n\u00eb gjith\u00eb Shqip\u00ebrin\u00eb. Sipas kryeministrit, do t\u00eb nd\u00ebrtohen disa akse t\u00eb r\u00ebnd\u00ebsishme n\u00eb vend, si [&hellip;]<\/p>\n","protected":false,"gt_translate_keys":[{"key":"rendered","format":"html"}]},"author":32,"featured_media":761361,"comment_status":"closed","ping_status":"open","sticky":false,"template":"","format":"standard","meta":{"footnotes":""},"categories":[65],"tags":[],"class_list":["post-761360","post","type-post","status-publish","format-standard","has-post-thumbnail","hentry","category-lajme"],"gt_translate_keys":[{"key":"link","format":"url"}],"_links":{"self":[{"href":"https:\/\/www.hashtag.al\/index.php\/wp-json\/wp\/v2\/posts\/761360","targetHints":{"allow":["GET"]}}],"collection":[{"href":"https:\/\/www.hashtag.al\/index.php\/wp-json\/wp\/v2\/posts"}],"about":[{"href":"https:\/\/www.hashtag.al\/index.php\/wp-json\/wp\/v2\/types\/post"}],"author":[{"embeddable":true,"href":"https:\/\/www.hashtag.al\/index.php\/wp-json\/wp\/v2\/users\/32"}],"replies":[{"embeddable":true,"href":"https:\/\/www.hashtag.al\/index.php\/wp-json\/wp\/v2\/comments?post=761360"}],"version-history":[{"count":99999,"href":"https:\/\/www.hashtag.al\/index.php\/wp-json\/wp\/v2\/posts\/761360\/revisions"}],"predecessor-version":[{"id":761362,"href":"https:\/\/www.hashtag.al\/index.php\/wp-json\/wp\/v2\/posts\/761360\/revisions\/761362"}],"wp:featuredmedia":[{"embeddable":true,"href":"https:\/\/www.hashtag.al\/index.php\/wp-json\/wp\/v2\/media\/761361"}],"wp:attachment":[{"href":"https:\/\/www.hashtag.al\/index.php\/wp-json\/wp\/v2\/media?parent=761360"}],"wp:term":[{"taxonomy":"category","embeddable":true,"href":"https:\/\/www.hashtag.al\/index.php\/wp-json\/wp\/v2\/categories?post=761360"},{"taxonomy":"post_tag","embeddable":true,"href":"https:\/\/www.hashtag.al\/index.php\/wp-json\/wp\/v2\/tags?post=761360"}],"curies":[{"name":"wp","href":"https:\/\/api.w.org\/{rel}","templated":true}]}}