{"id":761333,"date":"2025-09-18T14:04:28","date_gmt":"2025-09-18T12:04:28","guid":{"rendered":"https:\/\/www.hashtag.al\/?p=761333"},"modified":"2025-09-18T14:04:28","modified_gmt":"2025-09-18T12:04:28","slug":"pd-merr-vendimin-do-te-kerkojme-ne-kuvend-mocion-per-shkarkimin-e-kryetarit-te-parlamentit-niko-peleshi","status":"publish","type":"post","link":"https:\/\/www.hashtag.al\/index.php\/2025\/09\/18\/pd-merr-vendimin-do-te-kerkojme-ne-kuvend-mocion-per-shkarkimin-e-kryetarit-te-parlamentit-niko-peleshi\/","title":{"rendered":"PD merr vendimin: Do t\u00eb k\u00ebrkojm\u00eb n\u00eb Kuvend mocion p\u00ebr shkarkimin e kryetarit t\u00eb Parlamentit, Niko Peleshi","gt_translate_keys":[{"key":"rendered","format":"text"}]},"content":{"rendered":"<p><span style=\"color: #000000;\"><img loading=\"lazy\" decoding=\"async\" class=\"alignnone size-medium wp-image-761334\" src=\"https:\/\/www.hashtag.al\/wp-content\/uploads\/2025\/09\/Screenshot-2025-09-18-140216-300x220.png\" alt=\"\" width=\"300\" height=\"220\" srcset=\"https:\/\/www.hashtag.al\/wp-content\/uploads\/2025\/09\/Screenshot-2025-09-18-140216-300x220.png 300w, https:\/\/www.hashtag.al\/wp-content\/uploads\/2025\/09\/Screenshot-2025-09-18-140216.png 595w\" sizes=\"auto, (max-width: 300px) 100vw, 300px\" \/><\/span><\/p>\n<p><span style=\"color: #000000;\">Kreu i Grupit Parlamentar t\u00eb PD-s\u00eb, Gazment Bardhi ka paralajm\u00ebruar se opozita do t\u00eb nis\u00eb procedurat p\u00ebr t k\u00ebrkuar nga parlamenti shkarkimin nga detyra t\u00eb kryetarit t\u00eb Kuvendit, Niko Peleshi.<\/span><\/p>\n<p><span style=\"color: #000000;\">Ky vendim i opozit\u00eb vjen pasi sipas tyre, Peleshi n\u00eb vet\u00ebm 2 seancat e para q\u00eb ka drejtuar, ka shkelur r\u00ebnd\u00eb Kushtetut\u00ebn.<\/span><\/p>\n<p><span style=\"color: #000000;\"><em>\u201cPD ka vendosur nisjen e procedurave parlamentare, mocion p\u00ebr shkarkimin e kryetarit t\u00eb kuvendit, Niko Peleshi. Nuk \u00ebsht\u00eb kryetar por nj\u00eb kukull q\u00eb urdh\u00ebrohet nga Rama sesi duhet t\u00eb sillet me Kushtetut\u00ebn dhe i marr\u00eb peng p\u00ebr shkak t\u00eb aferave t\u00eb tij me Klodian Zoton nga Rama.<\/em><\/span><\/p>\n<p><span style=\"color: #000000;\"><em>Ne kemi t\u00eb drejt\u00ebn dhe numrin e nevojsh\u00ebm p\u00ebr t\u00eb nisur procedur\u00ebn parlamentare p\u00ebr shkarkimin e Kryetarin e Kuvendit. \u00cbsht\u00eb akti m\u00eb i r\u00ebnd\u00eb, nuk ka ndodhur kurr\u00eb q\u00eb t\u00eb drejtosh vet\u00ebm 2 seanca dhe n\u00eb t\u00eb dyja t\u00eb shkel\u00ebsh Kushtetut\u00ebn.<\/em><\/span><\/p>\n<p><span style=\"color: #000000;\"><em>Do t\u00eb ket\u00eb vendime hap pas hap t\u00eb grupit parlamentar\u201d,<\/em> tha Bardhi.<\/span><\/p>\n","protected":false,"gt_translate_keys":[{"key":"rendered","format":"html"}]},"excerpt":{"rendered":"<p>Kreu i Grupit Parlamentar t\u00eb PD-s\u00eb, Gazment Bardhi ka paralajm\u00ebruar se opozita do t\u00eb nis\u00eb procedurat p\u00ebr t k\u00ebrkuar nga parlamenti shkarkimin nga detyra t\u00eb kryetarit t\u00eb Kuvendit, Niko Peleshi. Ky vendim i opozit\u00eb vjen pasi sipas tyre, Peleshi n\u00eb vet\u00ebm 2 seancat e para q\u00eb ka drejtuar, ka shkelur r\u00ebnd\u00eb Kushtetut\u00ebn. \u201cPD ka vendosur [&hellip;]<\/p>\n","protected":false,"gt_translate_keys":[{"key":"rendered","format":"html"}]},"author":32,"featured_media":761334,"comment_status":"closed","ping_status":"open","sticky":false,"template":"","format":"standard","meta":{"footnotes":""},"categories":[65],"tags":[],"class_list":["post-761333","post","type-post","status-publish","format-standard","has-post-thumbnail","hentry","category-lajme"],"gt_translate_keys":[{"key":"link","format":"url"}],"_links":{"self":[{"href":"https:\/\/www.hashtag.al\/index.php\/wp-json\/wp\/v2\/posts\/761333","targetHints":{"allow":["GET"]}}],"collection":[{"href":"https:\/\/www.hashtag.al\/index.php\/wp-json\/wp\/v2\/posts"}],"about":[{"href":"https:\/\/www.hashtag.al\/index.php\/wp-json\/wp\/v2\/types\/post"}],"author":[{"embeddable":true,"href":"https:\/\/www.hashtag.al\/index.php\/wp-json\/wp\/v2\/users\/32"}],"replies":[{"embeddable":true,"href":"https:\/\/www.hashtag.al\/index.php\/wp-json\/wp\/v2\/comments?post=761333"}],"version-history":[{"count":99999,"href":"https:\/\/www.hashtag.al\/index.php\/wp-json\/wp\/v2\/posts\/761333\/revisions"}],"predecessor-version":[{"id":761335,"href":"https:\/\/www.hashtag.al\/index.php\/wp-json\/wp\/v2\/posts\/761333\/revisions\/761335"}],"wp:featuredmedia":[{"embeddable":true,"href":"https:\/\/www.hashtag.al\/index.php\/wp-json\/wp\/v2\/media\/761334"}],"wp:attachment":[{"href":"https:\/\/www.hashtag.al\/index.php\/wp-json\/wp\/v2\/media?parent=761333"}],"wp:term":[{"taxonomy":"category","embeddable":true,"href":"https:\/\/www.hashtag.al\/index.php\/wp-json\/wp\/v2\/categories?post=761333"},{"taxonomy":"post_tag","embeddable":true,"href":"https:\/\/www.hashtag.al\/index.php\/wp-json\/wp\/v2\/tags?post=761333"}],"curies":[{"name":"wp","href":"https:\/\/api.w.org\/{rel}","templated":true}]}}