{"id":761303,"date":"2025-09-18T11:22:58","date_gmt":"2025-09-18T09:22:58","guid":{"rendered":"https:\/\/www.hashtag.al\/?p=761303"},"modified":"2025-09-18T11:22:58","modified_gmt":"2025-09-18T09:22:58","slug":"abc-i-disney-t-heq-nga-transmetimi-jimmy-kimmel-live-pas-komenteve-per-vrasjen-e-charlie-kirk","status":"publish","type":"post","link":"https:\/\/www.hashtag.al\/index.php\/2025\/09\/18\/abc-i-disney-t-heq-nga-transmetimi-jimmy-kimmel-live-pas-komenteve-per-vrasjen-e-charlie-kirk\/","title":{"rendered":"ABC i Disney-t heq nga transmetimi \u201cJimmy Kimmel Live\u201d\u00a0pas komenteve p\u00ebr\u00a0vrasjen e Charlie\u00a0Kirk","gt_translate_keys":[{"key":"rendered","format":"text"}]},"content":{"rendered":"<p><span style=\"color: #000000;\"><img loading=\"lazy\" decoding=\"async\" class=\"aligncenter size-full wp-image-761305\" src=\"https:\/\/www.hashtag.al\/wp-content\/uploads\/2025\/09\/kimmel2.jpg\" alt=\"\" width=\"960\" height=\"639\" srcset=\"https:\/\/www.hashtag.al\/wp-content\/uploads\/2025\/09\/kimmel2.jpg 960w, https:\/\/www.hashtag.al\/wp-content\/uploads\/2025\/09\/kimmel2-300x200.jpg 300w, https:\/\/www.hashtag.al\/wp-content\/uploads\/2025\/09\/kimmel2-768x511.jpg 768w\" sizes=\"auto, (max-width: 960px) 100vw, 960px\" \/><\/span><\/p>\n<p><span style=\"color: #000000;\">Televizioni ABC, n\u00eb pron\u00ebsi t\u00eb \u00ebalt Disney, tha t\u00eb m\u00ebrkur\u00ebn se po e hiqte nga transmetimi emisionin &#8220;Jimmy Kimmel Live&#8221;, pasi komentet e prezantuesit t\u00eb emisionit t\u00eb\u00a0or\u00ebve t\u00eb\u00a0vona\u00a0n\u00eb lidhje me vrasjen e aktivistit konservator Charlie Kirk \u00e7uan n\u00eb\u00a0nj\u00eb paralajm\u00ebrim nga kreu i rregullatorit m\u00eb t\u00eb lart\u00eb t\u00eb komunikimeve n\u00eb SHBA kund\u00ebr Disney.<\/span><\/p>\n<p><span style=\"color: #000000;\">Presidenti Donald Trump, i cili u ka k\u00ebrkuar televizioneve q\u00eb t\u00eb ndalojn\u00eb transmetimin e p\u00ebrmbajtjeve q\u00eb nxisin p\u00ebr\u00e7arje, dhun\u00eb e urrejtje, festoi lajmin n\u00eb nj\u00eb postim n\u00eb rrjetet sociale. Nj\u00eb num\u00ebr ligjv\u00ebn\u00ebsish demokrat\u00eb e kritikuan vendimin, duke th\u00ebn\u00eb se liria e fjal\u00ebs ishte n\u00ebn sulm.<\/span><\/p>\n<p><span style=\"color: #000000;\">Kimmel, i cili shpesh e ka sulmuar Trump-in\u00a0n\u00eb emisionin e tij t\u00eb komedis\u00eb von\u00eb nat\u00ebn, u kritikua p\u00ebr komentet q\u00eb b\u00ebri n\u00eb lidhje me vrasjen n\u00eb monologun e tij t\u00eb h\u00ebn\u00ebn.<\/span><\/p>\n<p><span style=\"color: #000000;\"><em><i>&#8220;Ne arrit\u00ebm n\u00eb disa nivele t\u00eb reja gjat\u00eb fundjav\u00ebs, me band\u00ebn MAGA q\u00eb p\u00ebrpiqet me d\u00ebshp\u00ebrim ta karakterizoj\u00eb k\u00ebt\u00eb djal\u00eb q\u00eb vrau Charlie Kirk si \u00e7do gj\u00eb tjet\u00ebr p\u00ebrve\u00e7 nj\u00ebrit prej tyre, dhe duke b\u00ebr\u00eb gjith\u00e7ka q\u00eb mundet p\u00ebr t\u00eb fituar pik\u00eb politike prej k\u00ebsaj,&#8221;<\/i><\/em>\u00a0tha Kimmel.<\/span><\/p>\n<p><span style=\"color: #000000;\">Kirk, nj\u00eb aktivist konservator 31-vje\u00e7ar dhe aleat i\u00a0Trump, i njohur p\u00ebr pik\u00ebpamjet e tij t\u00eb krahut t\u00eb djatht\u00eb dhe stilin e tij t\u00eb vrullsh\u00ebm t\u00eb debatit, u q\u00ebllua n\u00eb qaf\u00eb nd\u00ebrsa fliste n\u00eb nj\u00eb universitet t\u00eb Utah nj\u00eb jav\u00eb m\u00eb par\u00eb. Nj\u00eb i dyshuar 22-vje\u00e7ar \u00ebsht\u00eb akuzuar p\u00ebr vrasjen e tij, dhe motivi i tij i sakt\u00eb mbetet i paqart\u00eb.<\/span><\/p>\n<p><span style=\"color: #000000;\">Komentet e Kimmel \u00e7uan n\u00eb nj\u00eb p\u00ebrgjigje nga kreu i Komisionit Federal t\u00eb Komunikimeve, Brendan Carr, i cili u k\u00ebrkoi transmetuesve lokal\u00eb t\u00eb ndalonin transmetimin e &#8220;Jimmy Kimmel Live&#8221; n\u00eb ABC. Carr sugjeroi q\u00eb komisioni mund t\u00eb hapte nj\u00eb hetim dhe se transmetuesit potencialisht mund t\u00eb gjobiten ose t\u00eb humbasin licencat e tyre n\u00ebse do kishte nj\u00eb model komentesh t\u00eb shtremb\u00ebruara.<\/span><\/p>\n<p><span style=\"color: #000000;\"><em><i>&#8220;Kjo \u00ebsht\u00eb nj\u00eb \u00e7\u00ebshtje shum\u00eb, shum\u00eb serioze tani p\u00ebr Disney. Mund ta b\u00ebjm\u00eb k\u00ebt\u00eb n\u00eb m\u00ebnyr\u00ebn e leht\u00eb ose n\u00eb m\u00ebnyr\u00ebn e v\u00ebshtir\u00eb,&#8221;<\/i><\/em>\u00a0tha Carr n\u00eb nj\u00eb intervist\u00eb n\u00eb podcast me komentatorin konservator Benny Johnson q\u00eb u transmetua t\u00eb m\u00ebrkur\u00ebn, shkruan <span style=\"color: #0000ff;\"><a style=\"color: #0000ff;\" href=\"https:\/\/www.reuters.com\/world\/us\/disneys-abc-yanks-jimmy-kimmel-live-off-air-after-remarks-about-kirk-2025-09-18\/\">Reuters<\/a><\/span>.<\/span><\/p>\n<p><span style=\"color: #000000;\">Menj\u00ebher\u00eb pasi Nexstar njoftoi vendimin e tij, ABC, e cila mban licenca t\u00eb miratuara nga FCC\u00a0p\u00ebr bashk\u00ebpun\u00ebtor\u00ebt lokal\u00eb t\u00eb transmetimit q\u00eb zot\u00ebron, tha se Kimmel do hiqej nga transmetimi.<\/span><\/p>\n<p><span style=\"color: #000000;\"><em><i>&#8220;\u2018Jimmy Kimmel Live\u2019 do ndalohet p\u00ebr nj\u00eb koh\u00eb t\u00eb pacaktuar&#8221;<\/i><\/em>, tha nj\u00eb z\u00ebdh\u00ebn\u00ebs i ABC, pa dh\u00ebn\u00eb holl\u00ebsi.<\/span><\/p>\n<p><span style=\"color: #000000;\">Sinclair, grupi m\u00eb i madh bashk\u00ebpunues i ABC n\u00eb vend, tha m\u00eb pas se nuk do e transmetonte shfaqjen e Kimmel, edhe n\u00ebse ABC vendos ta rikthej\u00eb at\u00eb, p\u00ebrve\u00e7 n\u00ebse nd\u00ebrmerren &#8220;hapa t\u00eb p\u00ebrshtatsh\u00ebm&#8221;. Sinclair i b\u00ebri thirrje Kimmel t\u00eb k\u00ebrkonte falje dhe tha se do transmetonte nj\u00eb homazh p\u00ebr Kirk n\u00eb orarin e Kimmel t\u00eb premten.<\/span><\/p>\n<p><span style=\"color: #000000;\">Kimmel, i cili u pa t\u00eb m\u00ebrkur\u00ebn duke u larguar nga Teatri El Capitan ku regjistrohet shfaqja e tij, nuk iu p\u00ebrgjigj nj\u00eb k\u00ebrkese p\u00ebr koment.<\/span><\/p>\n","protected":false,"gt_translate_keys":[{"key":"rendered","format":"html"}]},"excerpt":{"rendered":"<p>Televizioni ABC, n\u00eb pron\u00ebsi t\u00eb \u00ebalt Disney, tha t\u00eb m\u00ebrkur\u00ebn se po e hiqte nga transmetimi emisionin &#8220;Jimmy Kimmel Live&#8221;, pasi komentet e prezantuesit t\u00eb emisionit t\u00eb\u00a0or\u00ebve t\u00eb\u00a0vona\u00a0n\u00eb lidhje me vrasjen e aktivistit konservator Charlie Kirk \u00e7uan n\u00eb\u00a0nj\u00eb paralajm\u00ebrim nga kreu i rregullatorit m\u00eb t\u00eb lart\u00eb t\u00eb komunikimeve n\u00eb SHBA kund\u00ebr Disney. Presidenti Donald Trump, [&hellip;]<\/p>\n","protected":false,"gt_translate_keys":[{"key":"rendered","format":"html"}]},"author":51,"featured_media":761305,"comment_status":"closed","ping_status":"open","sticky":false,"template":"","format":"standard","meta":{"footnotes":""},"categories":[53],"tags":[],"class_list":["post-761303","post","type-post","status-publish","format-standard","has-post-thumbnail","hentry","category-fast-foodi"],"gt_translate_keys":[{"key":"link","format":"url"}],"_links":{"self":[{"href":"https:\/\/www.hashtag.al\/index.php\/wp-json\/wp\/v2\/posts\/761303","targetHints":{"allow":["GET"]}}],"collection":[{"href":"https:\/\/www.hashtag.al\/index.php\/wp-json\/wp\/v2\/posts"}],"about":[{"href":"https:\/\/www.hashtag.al\/index.php\/wp-json\/wp\/v2\/types\/post"}],"author":[{"embeddable":true,"href":"https:\/\/www.hashtag.al\/index.php\/wp-json\/wp\/v2\/users\/51"}],"replies":[{"embeddable":true,"href":"https:\/\/www.hashtag.al\/index.php\/wp-json\/wp\/v2\/comments?post=761303"}],"version-history":[{"count":99999,"href":"https:\/\/www.hashtag.al\/index.php\/wp-json\/wp\/v2\/posts\/761303\/revisions"}],"predecessor-version":[{"id":761311,"href":"https:\/\/www.hashtag.al\/index.php\/wp-json\/wp\/v2\/posts\/761303\/revisions\/761311"}],"wp:featuredmedia":[{"embeddable":true,"href":"https:\/\/www.hashtag.al\/index.php\/wp-json\/wp\/v2\/media\/761305"}],"wp:attachment":[{"href":"https:\/\/www.hashtag.al\/index.php\/wp-json\/wp\/v2\/media?parent=761303"}],"wp:term":[{"taxonomy":"category","embeddable":true,"href":"https:\/\/www.hashtag.al\/index.php\/wp-json\/wp\/v2\/categories?post=761303"},{"taxonomy":"post_tag","embeddable":true,"href":"https:\/\/www.hashtag.al\/index.php\/wp-json\/wp\/v2\/tags?post=761303"}],"curies":[{"name":"wp","href":"https:\/\/api.w.org\/{rel}","templated":true}]}}