{"id":761287,"date":"2025-09-18T10:55:11","date_gmt":"2025-09-18T08:55:11","guid":{"rendered":"https:\/\/www.hashtag.al\/?p=761287"},"modified":"2025-09-18T10:55:11","modified_gmt":"2025-09-18T08:55:11","slug":"bardhi-e-balliu-godasin-tavolinat-gjate-fjales-se-ministres-virtuale-diella-peleshi-i-heq-fjalen-balliut","status":"publish","type":"post","link":"https:\/\/www.hashtag.al\/index.php\/2025\/09\/18\/bardhi-e-balliu-godasin-tavolinat-gjate-fjales-se-ministres-virtuale-diella-peleshi-i-heq-fjalen-balliut\/","title":{"rendered":"Bardhi e Balliu godasin tavolinat gjat\u00eb fjal\u00ebs s\u00eb ministres virtuale Diella, Peleshi i heq fjal\u00ebn Balliut","gt_translate_keys":[{"key":"rendered","format":"text"}]},"content":{"rendered":"<p><img loading=\"lazy\" decoding=\"async\" class=\"aligncenter size-full wp-image-761288\" src=\"https:\/\/www.hashtag.al\/wp-content\/uploads\/2025\/09\/1758183633_kuvendi.jpg\" alt=\"\" width=\"780\" height=\"440\" srcset=\"https:\/\/www.hashtag.al\/wp-content\/uploads\/2025\/09\/1758183633_kuvendi.jpg 780w, https:\/\/www.hashtag.al\/wp-content\/uploads\/2025\/09\/1758183633_kuvendi-300x169.jpg 300w, https:\/\/www.hashtag.al\/wp-content\/uploads\/2025\/09\/1758183633_kuvendi-768x433.jpg 768w\" sizes=\"auto, (max-width: 780px) 100vw, 780px\" \/><\/p>\n<p><span style=\"color: #000000;\">Kryeministri Edi Rama paralajm\u00ebroi opozit\u00ebn se nuk do t\u00eb lejojn\u00eb q\u00eb t\u00eb zhvillohet debat normal n\u00eb seanc\u00eb\u00a0 t\u00eb kalojn\u00eb direkt n\u00eb proces votimi. <\/span><\/p>\n<article class=\"text-token-text-primary w-full focus:outline-none scroll-mt-[calc(var(--header-height)+min(200px,max(70px,20svh)))]\" dir=\"auto\" tabindex=\"-1\" data-turn-id=\"request-WEB:aecdd725-d944-47f7-832e-fb7abc6a7dea-9\" data-testid=\"conversation-turn-20\" data-scroll-anchor=\"true\" data-turn=\"assistant\">\n<div class=\"text-base my-auto mx-auto pb-10 [--thread-content-margin:--spacing(4)] thread-sm:[--thread-content-margin:--spacing(6)] thread-lg:[--thread-content-margin:--spacing(16)] px-(--thread-content-margin)\">\n<div class=\"[--thread-content-max-width:40rem] thread-lg:[--thread-content-max-width:48rem] mx-auto max-w-(--thread-content-max-width) flex-1 group\/turn-messages focus-visible:outline-hidden relative flex w-full min-w-0 flex-col agent-turn\" tabindex=\"-1\">\n<div class=\"flex max-w-full flex-col grow\">\n<div class=\"min-h-8 text-message relative flex w-full flex-col items-end gap-2 text-start break-words whitespace-normal [.text-message+&amp;]:mt-5\" dir=\"auto\" data-message-author-role=\"assistant\" data-message-id=\"2c740d1c-724f-4a78-970a-3d90aed5b230\" data-message-model-slug=\"gpt-5\">\n<div class=\"flex w-full flex-col gap-1 empty:hidden first:pt-[3px]\">\n<div class=\"markdown prose dark:prose-invert w-full break-words light markdown-new-styling\">\n<p data-start=\"271\" data-end=\"479\" data-is-last-node=\"\" data-is-only-node=\"\"><span style=\"color: #000000;\">Pas nd\u00ebrhyrjeve t\u00eb Gazment Bardhit dhe Klevis Balliut gjat\u00eb fjal\u00ebs s\u00eb ministres virtuale Diella, kryetari i Kuvendit Niko Peleshi vendosi t\u2019i heq\u00eb Balliut t\u00eb drejt\u00ebn e fjal\u00ebs p\u00ebr pjes\u00ebn e mbetur t\u00eb seanc\u00ebs.<\/span><\/p>\n<\/div>\n<\/div>\n<\/div>\n<\/div>\n<\/div>\n<\/div>\n<\/article>\n<p><span style=\"color: #000000;\"><em>\u201cN\u00ebse nuk do t\u00eb lejoni k\u00ebtu q\u00eb t\u00eb b\u00ebhet debat normal do kalojm\u00eb n\u00eb proces votimi.\u00a0 Edhe nj\u00ebher\u00eb iu k\u00ebrkoj t\u00eb vazhdoj fjal\u00ebn, n\u00ebse nuk doni t\u00eb kaloj n\u00eb votim.\u201d<\/em>, tha Rama.<\/span><\/p>\n<p><span style=\"color: #000000;\"><em>\u201cBalliu i hiqet e drejta e fjal\u00ebs n\u00eb seanc\u00eb p\u00ebr dit\u00ebn e sotme.&#8221;,<\/em> tha Peleshi.<\/span><\/p>\n","protected":false,"gt_translate_keys":[{"key":"rendered","format":"html"}]},"excerpt":{"rendered":"<p>Kryeministri Edi Rama paralajm\u00ebroi opozit\u00ebn se nuk do t\u00eb lejojn\u00eb q\u00eb t\u00eb zhvillohet debat normal n\u00eb seanc\u00eb\u00a0 t\u00eb kalojn\u00eb direkt n\u00eb proces votimi. Pas nd\u00ebrhyrjeve t\u00eb Gazment Bardhit dhe Klevis Balliut gjat\u00eb fjal\u00ebs s\u00eb ministres virtuale Diella, kryetari i Kuvendit Niko Peleshi vendosi t\u2019i heq\u00eb Balliut t\u00eb drejt\u00ebn e fjal\u00ebs p\u00ebr pjes\u00ebn e mbetur t\u00eb [&hellip;]<\/p>\n","protected":false,"gt_translate_keys":[{"key":"rendered","format":"html"}]},"author":49,"featured_media":761288,"comment_status":"closed","ping_status":"open","sticky":false,"template":"","format":"standard","meta":{"footnotes":""},"categories":[65],"tags":[],"class_list":["post-761287","post","type-post","status-publish","format-standard","has-post-thumbnail","hentry","category-lajme"],"gt_translate_keys":[{"key":"link","format":"url"}],"_links":{"self":[{"href":"https:\/\/www.hashtag.al\/index.php\/wp-json\/wp\/v2\/posts\/761287","targetHints":{"allow":["GET"]}}],"collection":[{"href":"https:\/\/www.hashtag.al\/index.php\/wp-json\/wp\/v2\/posts"}],"about":[{"href":"https:\/\/www.hashtag.al\/index.php\/wp-json\/wp\/v2\/types\/post"}],"author":[{"embeddable":true,"href":"https:\/\/www.hashtag.al\/index.php\/wp-json\/wp\/v2\/users\/49"}],"replies":[{"embeddable":true,"href":"https:\/\/www.hashtag.al\/index.php\/wp-json\/wp\/v2\/comments?post=761287"}],"version-history":[{"count":99999,"href":"https:\/\/www.hashtag.al\/index.php\/wp-json\/wp\/v2\/posts\/761287\/revisions"}],"predecessor-version":[{"id":761289,"href":"https:\/\/www.hashtag.al\/index.php\/wp-json\/wp\/v2\/posts\/761287\/revisions\/761289"}],"wp:featuredmedia":[{"embeddable":true,"href":"https:\/\/www.hashtag.al\/index.php\/wp-json\/wp\/v2\/media\/761288"}],"wp:attachment":[{"href":"https:\/\/www.hashtag.al\/index.php\/wp-json\/wp\/v2\/media?parent=761287"}],"wp:term":[{"taxonomy":"category","embeddable":true,"href":"https:\/\/www.hashtag.al\/index.php\/wp-json\/wp\/v2\/categories?post=761287"},{"taxonomy":"post_tag","embeddable":true,"href":"https:\/\/www.hashtag.al\/index.php\/wp-json\/wp\/v2\/tags?post=761287"}],"curies":[{"name":"wp","href":"https:\/\/api.w.org\/{rel}","templated":true}]}}