{"id":761183,"date":"2025-09-17T18:49:02","date_gmt":"2025-09-17T16:49:02","guid":{"rendered":"https:\/\/www.hashtag.al\/?p=761183"},"modified":"2025-09-17T18:49:02","modified_gmt":"2025-09-17T16:49:02","slug":"begaj-takohet-me-orban-ne-budapest-shqiperia-fton-investitoret-hungareze-per-bashkepunim","status":"publish","type":"post","link":"https:\/\/www.hashtag.al\/index.php\/2025\/09\/17\/begaj-takohet-me-orban-ne-budapest-shqiperia-fton-investitoret-hungareze-per-bashkepunim\/","title":{"rendered":"Begaj takohet me Orban n\u00eb Budapest: Shqip\u00ebria fton investitor\u00ebt hungarez\u00eb p\u00ebr bashk\u00ebpunim","gt_translate_keys":[{"key":"rendered","format":"text"}]},"content":{"rendered":"<p data-start=\"152\" data-end=\"435\"><span style=\"color: #000000;\"><img decoding=\"async\" class=\"aligncenter\" src=\"https:\/\/www.hashtag.al\/wp-content\/uploads\/2025\/09\/da74b3a2-75df-4c9e-a762-75287daf6bcd-1.jpeg\" \/><\/span><\/p>\n<p data-start=\"152\" data-end=\"435\"><span style=\"color: #000000;\">Presidenti i Republik\u00ebs, Bajram Begaj, zhvilloi nj\u00eb takim zyrtar n\u00eb Budapest me Kryeministrin e Hungaris\u00eb, Viktor Orban, ku u diskutua p\u00ebr forcimin e marr\u00ebdh\u00ebnieve mes dy vendeve dhe mb\u00ebshtetjen e Hungaris\u00eb p\u00ebr procesin e integrimit evropian t\u00eb Shqip\u00ebris\u00eb dhe Ballkanit Per\u00ebndimor.<\/span><\/p>\n<p data-start=\"437\" data-end=\"796\"><span style=\"color: #000000;\">Kreu i Shtetit vler\u00ebsoi rolin ky\u00e7 t\u00eb Hungaris\u00eb gjat\u00eb Presidenc\u00ebs s\u00eb K\u00ebshillit t\u00eb BE n\u00eb vitin 2024, si dhe avokimin e saj t\u00eb vazhduesh\u00ebm p\u00ebr nj\u00eb proces zgjerimi strategjik dhe t\u00eb drejt\u00eb. N\u00eb qend\u00ebr t\u00eb bisedimeve ishte intensifikimi i dialogut politik, siguria n\u00eb rajon dhe perspektiva e an\u00ebtar\u00ebsimit n\u00eb BE si faktor q\u00eb rrit stabilitetin n\u00eb Ballkan dhe Evrop\u00eb.<\/span><\/p>\n<p data-start=\"798\" data-end=\"1213\"><span style=\"color: #000000;\">N\u00eb fush\u00ebn ekonomike, Presidenti Begaj theksoi suksesin e investimeve hungareze n\u00eb Shqip\u00ebri n\u00eb sektorin bankar, telekomunikacion dhe transport ajror, duke ftuar sip\u00ebrmarr\u00ebsit e tjer\u00eb hungarez\u00eb t\u00eb ndjekin k\u00ebt\u00eb shembull. \u201cT\u00eb mos hezitojn\u00eb t\u00eb ndjekin shembullin e kompanive shum\u00eb t\u00eb suksesshme hungareze q\u00eb operojn\u00eb tashm\u00eb n\u00eb Shqip\u00ebri\u201d, \u2013 u shpreh ai, duke n\u00ebnvizuar r\u00ebnd\u00ebsin\u00eb e rritjes s\u00eb kapitalit hungarez n\u00eb vend.<\/span><\/p>\n<p data-start=\"1215\" data-end=\"1501\"><span style=\"color: #000000;\">Gjithashtu, Begaj k\u00ebrkoi mb\u00ebshtetjen e Hungaris\u00eb p\u00ebr promovimin e produkteve shqiptare n\u00eb tregun hungarez dhe p\u00ebrforcimin e bashk\u00ebpunimit n\u00eb fusha si drejt\u00ebsia, bujq\u00ebsia, arsimi, kultura dhe edukimi. Ai fal\u00ebnderoi gjithashtu qeverin\u00eb hungareze p\u00ebr bursat e dh\u00ebna student\u00ebve shqiptar\u00eb.<\/span><\/p>\n<p data-start=\"1503\" data-end=\"1710\"><span style=\"color: #000000;\">N\u00eb kuad\u00ebr t\u00eb vizit\u00ebs, Presidenti Begaj nderoi figurat shqiptare n\u00eb Hungari, duke vendosur kurora lulesh n\u00eb monumentet e Heroit Komb\u00ebtar, Gjergj Kastrioti Sk\u00ebnderbeu, dhe shenjtores N\u00ebn\u00eb Tereza n\u00eb Budapest.<\/span><\/p>\n","protected":false,"gt_translate_keys":[{"key":"rendered","format":"html"}]},"excerpt":{"rendered":"<p>Presidenti i Republik\u00ebs, Bajram Begaj, zhvilloi nj\u00eb takim zyrtar n\u00eb Budapest me Kryeministrin e Hungaris\u00eb, Viktor Orban, ku u diskutua p\u00ebr forcimin e marr\u00ebdh\u00ebnieve mes dy vendeve dhe mb\u00ebshtetjen e Hungaris\u00eb p\u00ebr procesin e integrimit evropian t\u00eb Shqip\u00ebris\u00eb dhe Ballkanit Per\u00ebndimor. Kreu i Shtetit vler\u00ebsoi rolin ky\u00e7 t\u00eb Hungaris\u00eb gjat\u00eb Presidenc\u00ebs s\u00eb K\u00ebshillit t\u00eb BE [&hellip;]<\/p>\n","protected":false,"gt_translate_keys":[{"key":"rendered","format":"html"}]},"author":32,"featured_media":761187,"comment_status":"closed","ping_status":"open","sticky":false,"template":"","format":"standard","meta":{"footnotes":""},"categories":[65],"tags":[],"class_list":["post-761183","post","type-post","status-publish","format-standard","has-post-thumbnail","hentry","category-lajme"],"gt_translate_keys":[{"key":"link","format":"url"}],"_links":{"self":[{"href":"https:\/\/www.hashtag.al\/index.php\/wp-json\/wp\/v2\/posts\/761183","targetHints":{"allow":["GET"]}}],"collection":[{"href":"https:\/\/www.hashtag.al\/index.php\/wp-json\/wp\/v2\/posts"}],"about":[{"href":"https:\/\/www.hashtag.al\/index.php\/wp-json\/wp\/v2\/types\/post"}],"author":[{"embeddable":true,"href":"https:\/\/www.hashtag.al\/index.php\/wp-json\/wp\/v2\/users\/32"}],"replies":[{"embeddable":true,"href":"https:\/\/www.hashtag.al\/index.php\/wp-json\/wp\/v2\/comments?post=761183"}],"version-history":[{"count":99999,"href":"https:\/\/www.hashtag.al\/index.php\/wp-json\/wp\/v2\/posts\/761183\/revisions"}],"predecessor-version":[{"id":761188,"href":"https:\/\/www.hashtag.al\/index.php\/wp-json\/wp\/v2\/posts\/761183\/revisions\/761188"}],"wp:featuredmedia":[{"embeddable":true,"href":"https:\/\/www.hashtag.al\/index.php\/wp-json\/wp\/v2\/media\/761187"}],"wp:attachment":[{"href":"https:\/\/www.hashtag.al\/index.php\/wp-json\/wp\/v2\/media?parent=761183"}],"wp:term":[{"taxonomy":"category","embeddable":true,"href":"https:\/\/www.hashtag.al\/index.php\/wp-json\/wp\/v2\/categories?post=761183"},{"taxonomy":"post_tag","embeddable":true,"href":"https:\/\/www.hashtag.al\/index.php\/wp-json\/wp\/v2\/tags?post=761183"}],"curies":[{"name":"wp","href":"https:\/\/api.w.org\/{rel}","templated":true}]}}