{"id":761179,"date":"2025-09-17T18:16:30","date_gmt":"2025-09-17T16:16:30","guid":{"rendered":"https:\/\/www.hashtag.al\/?p=761179"},"modified":"2025-09-17T18:16:30","modified_gmt":"2025-09-17T16:16:30","slug":"be-ja-shpalos-planin-per-tarifa-dhe-sanksione-te-reja-kunder-izraelit-shkaku-i-luftes-ne-gaze","status":"publish","type":"post","link":"https:\/\/www.hashtag.al\/index.php\/2025\/09\/17\/be-ja-shpalos-planin-per-tarifa-dhe-sanksione-te-reja-kunder-izraelit-shkaku-i-luftes-ne-gaze\/","title":{"rendered":"BE-ja shpalos planin p\u00ebr tarifa dhe sanksione t\u00eb reja kund\u00ebr Izraelit shkaku i luft\u00ebs n\u00eb Gaz\u00eb","gt_translate_keys":[{"key":"rendered","format":"text"}]},"content":{"rendered":"<p><span style=\"color: #000000;\"><img loading=\"lazy\" decoding=\"async\" class=\"alignnone size-medium wp-image-761180\" src=\"https:\/\/www.hashtag.al\/wp-content\/uploads\/2025\/09\/Screenshot-2025-09-17-173920-300x119.png\" alt=\"\" width=\"300\" height=\"119\" srcset=\"https:\/\/www.hashtag.al\/wp-content\/uploads\/2025\/09\/Screenshot-2025-09-17-173920-300x119.png 300w, https:\/\/www.hashtag.al\/wp-content\/uploads\/2025\/09\/Screenshot-2025-09-17-173920-1024x406.png 1024w, https:\/\/www.hashtag.al\/wp-content\/uploads\/2025\/09\/Screenshot-2025-09-17-173920-768x304.png 768w, https:\/\/www.hashtag.al\/wp-content\/uploads\/2025\/09\/Screenshot-2025-09-17-173920.png 1255w\" sizes=\"auto, (max-width: 300px) 100vw, 300px\" \/><\/span><\/p>\n<p><span style=\"color: #000000;\">Bashkimi Evropian (BE) e ka shpalosur t\u00eb m\u00ebrkur\u00ebn planin e tij m\u00eb t\u00eb ashp\u00ebr deri tani p\u00ebr t\u2019i b\u00ebr\u00eb trysni Izraelit q\u00eb ta p\u00ebrfundoj\u00eb luft\u00ebn n\u00eb Rripin e Gaz\u00ebs, ku palestinez\u00ebt po detyrohen t\u00eb ikin nga tanket, dron\u00ebt dhe trupat izraelite q\u00eb po futen gjithnj\u00eb e m\u00eb thell\u00eb n\u00eb enklav\u00ebn bregdetare t\u00eb shkat\u00ebrruar nga lufta gati dyvje\u00e7are.<\/span><\/p>\n<p><span style=\"color: #000000;\">Kaja Kallas, shefja e politik\u00ebs s\u00eb jashtme t\u00eb BE-s\u00eb, u b\u00ebri thirrje 27 vendeve an\u00ebtare t\u2019i rrisin tarifat ndaj disa mallrave izraelite dhe t\u00eb vendosin sanksione ndaj 10 drejtuesve t\u00eb Hamasit, kolon\u00ebve izraelit\u00eb dhe dy an\u00ebtar\u00ebve t\u00eb kabinetit t\u00eb kryeministrit izraelit, Benjamin Netanyahu: ministrit p\u00ebr Siguri Komb\u00ebtare Itamar Ben-Gvir dhe ministrit t\u00eb Financave Bezalel Smotrich.<\/span><\/p>\n<p><span style=\"color: #000000;\">Hamasi \u00ebsht\u00eb i shpallur organizat\u00eb terroriste nga BE-ja dhe Shtetet e Bashkuara.<\/span><\/p>\n<p><span style=\"color: #000000;\"><em>\u201cNe po i propozojm\u00eb k\u00ebto masa jo p\u00ebr ta nd\u00ebshkuar Izraelin apo popullin izraelit, por p\u00ebr t\u00eb ushtruar trysni mbi Qeverin\u00eb izraelite q\u00eb t\u00eb ndryshoj\u00eb kurs dhe t\u2019i jap\u00eb fund vuajtjeve t\u00eb njer\u00ebzve n\u00eb Gaz\u00eb\u201d,<\/em> tha Kallas.<\/span><\/p>\n<p><span style=\"color: #000000;\"><em>\u201cLufta duhet t\u00eb p\u00ebrfundoj\u00eb, vuajtjet duhet t\u00eb ndalen dhe t\u00eb gjitha pengjet duhet t\u00eb lirohen\u201d,<\/em> shtoi ajo.<\/span><\/p>\n<p>&nbsp;<\/p>\n<p><span style=\"color: #000000;\">Hetuesit e OKB-s\u00eb pretendojn\u00eb se Izraeli ka kryer gjenocid n\u00eb Gaz\u00eb<\/span><\/p>\n<p><span style=\"color: #000000;\">Sanksionet do t\u00eb n\u00ebnkuptonin ngrirje t\u00eb aseteve t\u00eb individ\u00ebve n\u00eb Evrop\u00eb dhe do t\u2019ua ndalonin atyre udh\u00ebtimin brenda BE-s\u00eb.<\/span><\/p>\n<p><span style=\"color: #000000;\">BE-ja \u00ebsht\u00eb partneri m\u00eb i madh tregtar i Izraelit, prandaj tarifat mund t\u00eb ken\u00eb pasoja t\u00eb m\u00ebdha n\u00eb ekonomin\u00eb izraelite, e cila tashm\u00eb \u00ebsht\u00eb tronditur nga kostoja e nj\u00eb lufte t\u00eb gjat\u00eb.<\/span><\/p>\n<p><span style=\"color: #000000;\">Rreth 32 milion\u00eb euro fonde dypal\u00ebshe t\u00eb kontrolluara nga Komisioni Evropian do t\u00eb pezulloheshin menj\u00ebher\u00eb. Komisioni gjithashtu e mb\u00ebshtet edhe Autoritetin Palestinez.<\/span><\/p>\n<p><span style=\"color: #000000;\">Izraeli mohon se n\u00eb Gaz\u00eb ka bie buke dhe thot\u00eb se lejon hyrjen e ndihmave t\u00eb mjaftueshme humanitare.<\/span><\/p>\n<p><span style=\"color: #000000;\">Ministri i Jasht\u00ebm izraelit, Gideon Saar, i d\u00ebrgoi nj\u00eb let\u00ebr presidentes s\u00eb Komisionit Evropian, Ursula von der Leyen, duke u zotuar se Izraeli nuk do t\u2019i n\u00ebnshtrohet fushat\u00ebs evropiane.<\/span><\/p>\n<p><span style=\"color: #000000;\"><em>\u201cTrysnia p\u00ebrmes sanksioneve nuk do t\u00eb funksionoj\u00eb. Shteti i Izraelit \u00ebsht\u00eb komb krenar dhe sovran, dhe ne nuk do t\u00eb p\u00ebrkulemi p\u00ebrball\u00eb k\u00ebrc\u00ebnimeve, nd\u00ebrkoh\u00eb q\u00eb siguria e Izraelit \u00ebsht\u00eb n\u00eb rrezik\u201d,<\/em> shkroi ai n\u00eb let\u00ebr.<\/span><\/p>\n<p>&nbsp;<\/p>\n<p><span style=\"color: #000000;\">An\u00ebtar\u00ebt e BE-s\u00eb t\u00eb ndar\u00eb rreth Izraelit<\/span><\/p>\n<p><span style=\"color: #000000;\">Bashkimi Evropian, me 27 vende an\u00ebtare, ka qen\u00eb i ndar\u00eb gjat\u00eb 23 muajve t\u00eb fundit t\u00eb luft\u00ebs n\u00eb Rripin e Gaz\u00ebs.<\/span><\/p>\n<p><span style=\"color: #000000;\">Nuk \u00ebsht\u00eb e qart\u00eb n\u00ebse shumica e tyre do t\u00eb pajtohen p\u00ebr t\u2019i miratuar sanksionet dhe masat tregtare.<\/span><\/p>\n<p><span style=\"color: #000000;\">Fotografit\u00eb nga lart tregojn\u00eb shkall\u00ebn e shkat\u00ebrrimit n\u00eb Gaz\u00eb<\/span><\/p>\n<p><span style=\"color: #000000;\">Gjakderdhja n\u00eb Gaz\u00eb ka nxitur protesta n\u00eb qytete t\u00eb shumta evropiane, nga Amsterdami n\u00eb Barcelon\u00eb, dhe ka shtuar kritikat ndaj burokracis\u00eb s\u00eb Brukselit p\u00ebr paaft\u00ebsin\u00eb e perceptuar p\u00ebr t\u00eb ushtruar trysni t\u00eb mir\u00ebfillt\u00eb mbi Izraelin q\u00eb t\u00eb ndaloj\u00eb operacionet ushtarake dhe t\u00eb lejoj\u00eb m\u00eb shum\u00eb ndihma humanitare.<\/span><\/p>\n<p><span style=\"color: #000000;\">Numri i t\u00eb vrar\u00ebve n\u00eb Gaz\u00eb ka kaluar shifr\u00ebn mbi 67.000 palestinez\u00eb q\u00eb nga fillimi i luft\u00ebs m\u00eb 7 tetor 2023, sipas zyrtar\u00ebve sh\u00ebndet\u00ebsor\u00eb t\u00eb enklav\u00ebs.<\/span><\/p>\n<p><span style=\"color: #000000;\">Lufta nisi pas sulmit t\u00eb udh\u00ebhequr nga Hamasi n\u00eb jug t\u00eb Izraelit, ku militant\u00ebt vran\u00eb rreth 1.200 njer\u00ebz dhe rr\u00ebmbyen 251 t\u00eb tjer\u00eb, sipas zyrtar\u00ebve izraelit\u00eb.<\/span><\/p>\n<p><span style=\"color: #000000;\"><em>\u201cPezullimi i pjessh\u00ebm i propozuar \u00ebsht\u00eb p\u00ebrgjigje e menduar mir\u00eb ndaj nj\u00eb situate gjithnj\u00eb e m\u00eb urgjente\u201d,<\/em> tha Maros Sefcovic, p\u00ebrfaq\u00ebsuesi tregtar i Komisionit Evropian.<\/span><\/p>\n<p>&nbsp;<\/p>\n<p><span style=\"color: #000000;\">\u00c7far\u00eb p\u00ebrmban propozimi<\/span><\/p>\n<p><span style=\"color: #000000;\">N\u00ebse mjaftuesh\u00ebm vende t\u00eb BE-s\u00eb pajtohen, at\u00ebher\u00eb do t\u00eb vendosen tarifa n\u00eb vler\u00eb rreth 230 milion\u00eb euro ndaj 37 p\u00ebr qind t\u00eb mallrave izraelite, t\u00eb vlefshme 15.9 miliard\u00eb euro, q\u00eb i importon BE-ja, tha Sefcovic. Aktualisht, BE-ja nuk vendos tarifa mbi k\u00ebt\u00eb kategori mallrash izraelite fal\u00eb nj\u00eb Marr\u00ebveshjeje Asociimi.<\/span><\/p>\n<p><span style=\"color: #000000;\">Nj\u00eb shqyrtim i b\u00ebr\u00eb nga korpusi diplomatik i BE-s\u00eb n\u00eb qershor gjeti se Izraeli kishte shkelur komponentin e t\u00eb drejtave t\u00eb njeriut t\u00eb k\u00ebsaj marr\u00ebveshjeje, t\u00eb quajtur Neni 2.<\/span><\/p>\n<p><span style=\"color: #000000;\">Kritik\u00ebt evropian\u00eb t\u00eb Izraelit kan\u00eb k\u00ebrkuar q\u00eb e gjith\u00eb marr\u00ebveshja tregtare t\u00eb pezullohet p\u00ebr shkak t\u00eb luft\u00ebs n\u00eb Gaz\u00eb.<\/span><\/p>\n<p><span style=\"color: #000000;\">Por, tani p\u00ebr tani, komisioni propozon t\u00eb heq\u00eb preferenc\u00ebn p\u00ebr zero-tarif\u00eb p\u00ebr nj\u00eb sasi t\u00eb zgjedhur mallrash izraelite dhe t\u00eb zbatoj\u00eb tarifat e Organizat\u00ebs Bot\u00ebrore t\u00eb Tregtis\u00eb, t\u00eb cilat variojn\u00eb nga 8 p\u00ebr qind n\u00eb 40 p\u00ebr qind p\u00ebr produkte t\u00eb ndryshme.<\/span><\/p>\n<p><span style=\"color: #000000;\"><em>\u201cNe nuk po propozojm\u00eb t\u00eb pezullojm\u00eb tregtin\u00eb me Izraelin, por po propozojm\u00eb t\u00eb pezullojm\u00eb preferencat tregtare\u201d,<\/em> tha nj\u00eb zyrtar i lart\u00eb evropian i ngarkuar me komunikimin p\u00ebr Komisionin Evropian, i cili nuk ishte i autorizuar t\u00eb fliste publikisht sipas politik\u00ebs s\u00eb komisionit.<\/span><\/p>\n<p><span style=\"color: #000000;\">Propozimi pasoi njoftimin e jav\u00ebs s\u00eb kaluar nga von der Leyen se ajo do t\u00eb k\u00ebrkonte sanksione dhe nj\u00eb pezullim t\u00eb pjessh\u00ebm tregtar ndaj Izraelit p\u00ebr shkak t\u00eb fushat\u00ebs s\u00eb tij ushtarake n\u00eb Gaz\u00eb, duke u hequr dor\u00eb nga q\u00ebndrimi i saj tradicionalisht proizraelit.\/<span style=\"color: #0000ff;\"><a style=\"color: #0000ff;\" href=\"https:\/\/www.evropaelire.org\/a\/be-plani-sanksione-tarifa-izraelit-gaze\/33532966.html\">REL<\/a><\/span><\/span><\/p>\n","protected":false,"gt_translate_keys":[{"key":"rendered","format":"html"}]},"excerpt":{"rendered":"<p>Bashkimi Evropian (BE) e ka shpalosur t\u00eb m\u00ebrkur\u00ebn planin e tij m\u00eb t\u00eb ashp\u00ebr deri tani p\u00ebr t\u2019i b\u00ebr\u00eb trysni Izraelit q\u00eb ta p\u00ebrfundoj\u00eb luft\u00ebn n\u00eb Rripin e Gaz\u00ebs, ku palestinez\u00ebt po detyrohen t\u00eb ikin nga tanket, dron\u00ebt dhe trupat izraelite q\u00eb po futen gjithnj\u00eb e m\u00eb thell\u00eb n\u00eb enklav\u00ebn bregdetare t\u00eb shkat\u00ebrruar nga lufta [&hellip;]<\/p>\n","protected":false,"gt_translate_keys":[{"key":"rendered","format":"html"}]},"author":32,"featured_media":761180,"comment_status":"closed","ping_status":"open","sticky":false,"template":"","format":"standard","meta":{"footnotes":""},"categories":[6],"tags":[],"class_list":["post-761179","post","type-post","status-publish","format-standard","has-post-thumbnail","hentry","category-nderkombetare"],"gt_translate_keys":[{"key":"link","format":"url"}],"_links":{"self":[{"href":"https:\/\/www.hashtag.al\/index.php\/wp-json\/wp\/v2\/posts\/761179","targetHints":{"allow":["GET"]}}],"collection":[{"href":"https:\/\/www.hashtag.al\/index.php\/wp-json\/wp\/v2\/posts"}],"about":[{"href":"https:\/\/www.hashtag.al\/index.php\/wp-json\/wp\/v2\/types\/post"}],"author":[{"embeddable":true,"href":"https:\/\/www.hashtag.al\/index.php\/wp-json\/wp\/v2\/users\/32"}],"replies":[{"embeddable":true,"href":"https:\/\/www.hashtag.al\/index.php\/wp-json\/wp\/v2\/comments?post=761179"}],"version-history":[{"count":99999,"href":"https:\/\/www.hashtag.al\/index.php\/wp-json\/wp\/v2\/posts\/761179\/revisions"}],"predecessor-version":[{"id":761181,"href":"https:\/\/www.hashtag.al\/index.php\/wp-json\/wp\/v2\/posts\/761179\/revisions\/761181"}],"wp:featuredmedia":[{"embeddable":true,"href":"https:\/\/www.hashtag.al\/index.php\/wp-json\/wp\/v2\/media\/761180"}],"wp:attachment":[{"href":"https:\/\/www.hashtag.al\/index.php\/wp-json\/wp\/v2\/media?parent=761179"}],"wp:term":[{"taxonomy":"category","embeddable":true,"href":"https:\/\/www.hashtag.al\/index.php\/wp-json\/wp\/v2\/categories?post=761179"},{"taxonomy":"post_tag","embeddable":true,"href":"https:\/\/www.hashtag.al\/index.php\/wp-json\/wp\/v2\/tags?post=761179"}],"curies":[{"name":"wp","href":"https:\/\/api.w.org\/{rel}","templated":true}]}}