{"id":761176,"date":"2025-09-17T17:39:51","date_gmt":"2025-09-17T15:39:51","guid":{"rendered":"https:\/\/www.hashtag.al\/?p=761176"},"modified":"2025-09-17T17:39:51","modified_gmt":"2025-09-17T15:39:51","slug":"ambasadori-gjerman-vlereson-spak-un-zgjedhja-e-kreut-te-ri-te-jete-transparente-dhe-pa-ndikime-te-jashtme","status":"publish","type":"post","link":"https:\/\/www.hashtag.al\/index.php\/2025\/09\/17\/ambasadori-gjerman-vlereson-spak-un-zgjedhja-e-kreut-te-ri-te-jete-transparente-dhe-pa-ndikime-te-jashtme\/","title":{"rendered":"Ambasadori gjerman vler\u00ebson SPAK-un: Zgjedhja e kreut t\u00eb ri t\u00eb jet\u00eb transparente dhe pa ndikime t\u00eb jashtme","gt_translate_keys":[{"key":"rendered","format":"text"}]},"content":{"rendered":"<p><span style=\"color: #000000;\"><img loading=\"lazy\" decoding=\"async\" class=\"alignnone size-medium wp-image-761177\" src=\"https:\/\/www.hashtag.al\/wp-content\/uploads\/2025\/09\/ambasadori-300x200.jpg\" alt=\"\" width=\"300\" height=\"200\" srcset=\"https:\/\/www.hashtag.al\/wp-content\/uploads\/2025\/09\/ambasadori-300x200.jpg 300w, https:\/\/www.hashtag.al\/wp-content\/uploads\/2025\/09\/ambasadori.jpg 525w\" sizes=\"auto, (max-width: 300px) 100vw, 300px\" \/><\/span><\/p>\n<p><span style=\"color: #000000;\">Ambasadori i Gjermanis\u00eb n\u00eb Tiran\u00eb, Karl Bergner, ka p\u00ebrg\u00ebzuar pun\u00ebn e SPAK n\u00ebn drejtimin e kryeprokurorit Altin Dumani, duke theksuar rezultatet e arritura n\u00eb luft\u00ebn kund\u00ebr korrupsionit dhe krimit t\u00eb organizuar.<\/span><\/p>\n<p><span style=\"color: #000000;\">N\u00eb nj\u00eb mesazh n\u00eb rrjetet sociale, ambasadori Bergner u ndal edhe te procesi i nisur nga K\u00ebshilli i Lart\u00eb i Prokuroris\u00eb p\u00ebr zgjedhjen e kreut t\u00eb ardhsh\u00ebm t\u00eb SPAK, duke b\u00ebr\u00eb thirrje q\u00eb ai t\u00eb zhvillohet n\u00eb m\u00ebnyr\u00eb transparente, t\u00eb mb\u00ebshtetur n\u00eb merit\u00eb dhe t\u00eb jet\u00eb i lir\u00eb nga ndikimet e jashtme.<\/span><\/p>\n<p><span style=\"color: #000000;\"><em>\u201cN\u00eb vitet e fundit, n\u00ebn udh\u00ebheqjen e Altin Dumanit, SPAK ka dh\u00ebn\u00eb kontribute t\u00eb jasht\u00ebzakonshme n\u00eb luft\u00ebn kund\u00ebr korrupsionit dhe krimit t\u00eb organizuar n\u00eb Shqip\u00ebri. Besimi i madh i qytetar\u00ebve shqiptar\u00eb dhe partner\u00ebve nd\u00ebrkomb\u00ebtar\u00eb n\u00eb pun\u00ebn e SPAK e thekson k\u00ebt\u00eb n\u00eb m\u00ebnyr\u00eb mbres\u00ebl\u00ebn\u00ebse\u201d,<\/em> shkruan Bergner.<\/span><\/p>\n<p><span style=\"color: #000000;\">Ai shtoi se pavar\u00ebsia e gjyq\u00ebsorit, e cila duhet t\u00eb pasqyrohet jo vet\u00ebm n\u00eb k\u00ebt\u00eb proces por edhe n\u00eb veprimet e p\u00ebrditshme t\u00eb institucioneve ekzekutive e legjislative, \u00ebsht\u00eb nj\u00eb kriter ky\u00e7 p\u00ebr Gjermanin\u00eb n\u00eb vler\u00ebsimin e Shqip\u00ebris\u00eb p\u00ebr an\u00ebtar\u00ebsim n\u00eb Bashkimin Europian.<\/span><\/p>\n<p><span style=\"color: #000000;\"><em>\u201cProcesi i nisur sot nga K\u00ebshilli i Lart\u00eb i Prokuroris\u00eb p\u00ebr t\u00eb zgjedhur kreun e ardhsh\u00ebm t\u00eb SPAK duhet t\u00eb jet\u00eb transparent, i bazuar n\u00eb merit\u00eb dhe i lir\u00eb nga ndikimi i jasht\u00ebm.<\/em><\/span><\/p>\n<p><span style=\"color: #000000;\"><em>Pavar\u00ebsia e gjyq\u00ebsorit, e cila duhet t\u00eb demonstrohet n\u00eb procesin e nisur sot, por edhe n\u00eb veprimet e p\u00ebrditshme t\u00eb organeve ekzekutive dhe legjislative, \u00ebsht\u00eb nj\u00eb kriter ky\u00e7 p\u00ebr Gjermanin\u00eb n\u00eb lidhje me sundimin e ligjit dhe nivelin e p\u00ebrgatitjes s\u00eb Shqip\u00ebris\u00eb p\u00ebr an\u00ebtar\u00ebsim n\u00eb BE\u201d,<\/em> shkruhet n\u00eb mesazhin e ambasadorit t\u00eb Gjermanis\u00eb n\u00eb Shqip\u00ebri, Karl Bergner.<\/span><\/p>\n","protected":false,"gt_translate_keys":[{"key":"rendered","format":"html"}]},"excerpt":{"rendered":"<p>Ambasadori i Gjermanis\u00eb n\u00eb Tiran\u00eb, Karl Bergner, ka p\u00ebrg\u00ebzuar pun\u00ebn e SPAK n\u00ebn drejtimin e kryeprokurorit Altin Dumani, duke theksuar rezultatet e arritura n\u00eb luft\u00ebn kund\u00ebr korrupsionit dhe krimit t\u00eb organizuar. N\u00eb nj\u00eb mesazh n\u00eb rrjetet sociale, ambasadori Bergner u ndal edhe te procesi i nisur nga K\u00ebshilli i Lart\u00eb i Prokuroris\u00eb p\u00ebr zgjedhjen e [&hellip;]<\/p>\n","protected":false,"gt_translate_keys":[{"key":"rendered","format":"html"}]},"author":32,"featured_media":761177,"comment_status":"closed","ping_status":"open","sticky":false,"template":"","format":"standard","meta":{"footnotes":""},"categories":[65],"tags":[],"class_list":["post-761176","post","type-post","status-publish","format-standard","has-post-thumbnail","hentry","category-lajme"],"gt_translate_keys":[{"key":"link","format":"url"}],"_links":{"self":[{"href":"https:\/\/www.hashtag.al\/index.php\/wp-json\/wp\/v2\/posts\/761176","targetHints":{"allow":["GET"]}}],"collection":[{"href":"https:\/\/www.hashtag.al\/index.php\/wp-json\/wp\/v2\/posts"}],"about":[{"href":"https:\/\/www.hashtag.al\/index.php\/wp-json\/wp\/v2\/types\/post"}],"author":[{"embeddable":true,"href":"https:\/\/www.hashtag.al\/index.php\/wp-json\/wp\/v2\/users\/32"}],"replies":[{"embeddable":true,"href":"https:\/\/www.hashtag.al\/index.php\/wp-json\/wp\/v2\/comments?post=761176"}],"version-history":[{"count":99999,"href":"https:\/\/www.hashtag.al\/index.php\/wp-json\/wp\/v2\/posts\/761176\/revisions"}],"predecessor-version":[{"id":761178,"href":"https:\/\/www.hashtag.al\/index.php\/wp-json\/wp\/v2\/posts\/761176\/revisions\/761178"}],"wp:featuredmedia":[{"embeddable":true,"href":"https:\/\/www.hashtag.al\/index.php\/wp-json\/wp\/v2\/media\/761177"}],"wp:attachment":[{"href":"https:\/\/www.hashtag.al\/index.php\/wp-json\/wp\/v2\/media?parent=761176"}],"wp:term":[{"taxonomy":"category","embeddable":true,"href":"https:\/\/www.hashtag.al\/index.php\/wp-json\/wp\/v2\/categories?post=761176"},{"taxonomy":"post_tag","embeddable":true,"href":"https:\/\/www.hashtag.al\/index.php\/wp-json\/wp\/v2\/tags?post=761176"}],"curies":[{"name":"wp","href":"https:\/\/api.w.org\/{rel}","templated":true}]}}