{"id":761170,"date":"2025-09-17T16:54:28","date_gmt":"2025-09-17T14:54:28","guid":{"rendered":"https:\/\/www.hashtag.al\/?p=761170"},"modified":"2025-09-17T16:54:28","modified_gmt":"2025-09-17T14:54:28","slug":"sherri-per-parkimin-ne-kukes-arrestohet-47-vjecari-per-vrasje-te-mbetur-ne-tentative-dhe-nipi-i-tij","status":"publish","type":"post","link":"https:\/\/www.hashtag.al\/index.php\/2025\/09\/17\/sherri-per-parkimin-ne-kukes-arrestohet-47-vjecari-per-vrasje-te-mbetur-ne-tentative-dhe-nipi-i-tij\/","title":{"rendered":"Sherri p\u00ebr parkimin n\u00eb Kuk\u00ebs, arrestohet 47-vje\u00e7ari p\u00ebr vrasje t\u00eb mbetur n\u00eb tentativ\u00eb dhe nipi i tij","gt_translate_keys":[{"key":"rendered","format":"text"}]},"content":{"rendered":"<p><span style=\"color: #000000;\"><img loading=\"lazy\" decoding=\"async\" class=\"alignnone size-medium wp-image-761171\" src=\"https:\/\/www.hashtag.al\/wp-content\/uploads\/2025\/09\/Screenshot-2025-09-17-164740-300x150.png\" alt=\"\" width=\"300\" height=\"150\" srcset=\"https:\/\/www.hashtag.al\/wp-content\/uploads\/2025\/09\/Screenshot-2025-09-17-164740-300x150.png 300w, https:\/\/www.hashtag.al\/wp-content\/uploads\/2025\/09\/Screenshot-2025-09-17-164740-768x383.png 768w, https:\/\/www.hashtag.al\/wp-content\/uploads\/2025\/09\/Screenshot-2025-09-17-164740.png 958w\" sizes=\"auto, (max-width: 300px) 100vw, 300px\" \/><\/span><\/p>\n<p><span style=\"color: #000000;\">Policia e Kuk\u00ebsit ka arrestuar nj\u00eb 47-vje\u00e7ar t\u00eb shpallur n\u00eb k\u00ebrkim p\u00ebr vrasje t\u00eb mbetur n\u00eb tentativ\u00eb n\u00eb lidhje me nj\u00eb konflikti t\u00eb ndodhur mbr\u00ebmjen e 5 shtatorit.<\/span><\/p>\n<p><span style=\"color: #000000;\">N\u00eb pranga ra Frank (Urim) Dida 47 vje\u00e7, i akuzuar p\u00ebr vrasje t\u00eb mbetur n\u00eb tentativ\u00eb dhe arm\u00ebmbajtje pa leje.<\/span><\/p>\n<p><span style=\"color: #000000;\">Ai q\u00eblloi me arm\u00eb zjarri drejt qytetarit H.A. gjat\u00eb nj\u00eb sherri me k\u00ebt\u00eb t\u00eb fundit p\u00ebr parkimin e makin\u00ebs. Fatmir\u00ebsisht nga t\u00eb sht\u00ebnat nuk pati person t\u00eb l\u00ebnduar.<\/span><\/p>\n<p><span style=\"color: #000000;\">Gjithashtu u arrestua edhe nipi i tij, Semi Jeminaj 23 vje\u00e7 (djali i motr\u00ebs s\u00eb Frank Dida), i cili akuzohet p\u00ebr moskall\u00ebzim krimi, pasi ka qen\u00eb prezent gjat\u00eb sherrit q\u00eb p\u00ebrfundoi n\u00eb p\u00ebrdorimin e arm\u00ebs.<\/span><\/p>\n<p>&nbsp;<\/p>\n<p><span style=\"color: #000000;\">Njoftimi i Policis\u00eb s\u00eb Kuk\u00ebsit:<\/span><\/p>\n<p><span style=\"color: #000000;\"><em>Kuk\u00ebs\/Finalizohet operacioni policor i koduar \u201cEpisodi\u201d.<\/em><\/span><\/p>\n<p><span style=\"color: #000000;\"><em>Mbr\u00ebmjen e dat\u00ebs 5 shtator, tentoi t\u00eb vriste me arm\u00eb zjarri nj\u00eb shtetas, gjat\u00eb nj\u00eb konflikti p\u00ebr motive t\u00eb dob\u00ebta, lokalizohet dhe kapet 47-vje\u00e7ari.<\/em><\/span><\/p>\n<p><span style=\"color: #000000;\"><em>I ndaluari, i d\u00ebnuar m\u00eb par\u00eb, p\u00ebr arm\u00ebmbajtje pa leje.<\/em><\/span><\/p>\n<p><span style=\"color: #000000;\"><em>N\u00eb pranga dhe nipi i tij, i pranish\u00ebm gjat\u00eb konfliktit n\u00eb lagjen nr. 5, pasi nuk kall\u00ebzoi krimin.<\/em><\/span><\/p>\n<p><span style=\"color: #000000;\"><em>Si rezultat i kontrolleve dhe administrimit t\u00eb informacioneve t\u00eb siguruara n\u00eb rrug\u00eb operative, p\u00ebr nxjerrjen p\u00ebrpara p\u00ebrgjegj\u00ebsis\u00eb penale, t\u00eb shtetasve t\u00eb implikuar n\u00eb rastin e dat\u00ebs 05.09.2025, rreth or\u00ebs 21:00, n\u00eb lagjen nr. 5, Kuk\u00ebs, ku gjat\u00eb nj\u00eb konflikti p\u00ebr motive t\u00eb dob\u00ebta, u q\u00ebllua me arm\u00eb zjarri, n\u00eb drejtim t\u00eb shtetasit H. A. (nga t\u00eb sht\u00ebnat nuk pati t\u00eb d\u00ebmtuar), specialist\u00ebt p\u00ebr Hetimin e Krimeve t\u00eb DVP Kuk\u00ebs finalizuan operacionin \u201cEpisodi\u201d.<\/em><\/span><\/p>\n<p><span style=\"color: #000000;\"><em>Gjat\u00eb operacionit u ndalua autori i dyshuar, i identifikuar menj\u00ebher\u00eb pas ngjarjes, shtetasi F.(U.) D., 47 vje\u00e7, banues n\u00eb fshatin Pobreg, p\u00ebr veprat penale \u201cVrasja\u201d, mbetur n\u00eb tentativ\u00eb, dhe \u201cMbajtja pa leje e arm\u00ebve, arm\u00ebve shp\u00ebrthyese dhe municionit\u201d.<\/em><\/span><\/p>\n<p><span style=\"color: #000000;\"><em>Gjithashtu, u arrestua djali i motr\u00ebs s\u00eb 47-vje\u00e7arit, shtetasi S. J., 23 vje\u00e7, banues n\u00eb Kuk\u00ebs, p\u00ebr vepr\u00ebn penale \u201cMoskall\u00ebzimi i krimit\u201d, pasi dyshohet se ka qen\u00eb i pranish\u00ebm gjat\u00eb konfliktit dhe nuk ka kall\u00ebzuar n\u00eb Polici.<\/em><\/span><\/p>\n<p><em><span style=\"color: #000000;\">Materialet procedurale iu referuan Prokuroris\u00eb pran\u00eb Gjykat\u00ebs s\u00eb Shkall\u00ebs s\u00eb Par\u00eb t\u00eb Juridiksionit t\u00eb P\u00ebrgjithsh\u00ebm Kuk\u00ebs, p\u00ebr veprime t\u00eb m\u00ebtejshme.\u00a0\u00a0\u00a0\u00a0\u00a0<\/span> <\/em><\/p>\n","protected":false,"gt_translate_keys":[{"key":"rendered","format":"html"}]},"excerpt":{"rendered":"<p>Policia e Kuk\u00ebsit ka arrestuar nj\u00eb 47-vje\u00e7ar t\u00eb shpallur n\u00eb k\u00ebrkim p\u00ebr vrasje t\u00eb mbetur n\u00eb tentativ\u00eb n\u00eb lidhje me nj\u00eb konflikti t\u00eb ndodhur mbr\u00ebmjen e 5 shtatorit. N\u00eb pranga ra Frank (Urim) Dida 47 vje\u00e7, i akuzuar p\u00ebr vrasje t\u00eb mbetur n\u00eb tentativ\u00eb dhe arm\u00ebmbajtje pa leje. Ai q\u00eblloi me arm\u00eb zjarri drejt qytetarit [&hellip;]<\/p>\n","protected":false,"gt_translate_keys":[{"key":"rendered","format":"html"}]},"author":32,"featured_media":761171,"comment_status":"closed","ping_status":"open","sticky":false,"template":"","format":"standard","meta":{"footnotes":""},"categories":[65],"tags":[],"class_list":["post-761170","post","type-post","status-publish","format-standard","has-post-thumbnail","hentry","category-lajme"],"gt_translate_keys":[{"key":"link","format":"url"}],"_links":{"self":[{"href":"https:\/\/www.hashtag.al\/index.php\/wp-json\/wp\/v2\/posts\/761170","targetHints":{"allow":["GET"]}}],"collection":[{"href":"https:\/\/www.hashtag.al\/index.php\/wp-json\/wp\/v2\/posts"}],"about":[{"href":"https:\/\/www.hashtag.al\/index.php\/wp-json\/wp\/v2\/types\/post"}],"author":[{"embeddable":true,"href":"https:\/\/www.hashtag.al\/index.php\/wp-json\/wp\/v2\/users\/32"}],"replies":[{"embeddable":true,"href":"https:\/\/www.hashtag.al\/index.php\/wp-json\/wp\/v2\/comments?post=761170"}],"version-history":[{"count":99999,"href":"https:\/\/www.hashtag.al\/index.php\/wp-json\/wp\/v2\/posts\/761170\/revisions"}],"predecessor-version":[{"id":761172,"href":"https:\/\/www.hashtag.al\/index.php\/wp-json\/wp\/v2\/posts\/761170\/revisions\/761172"}],"wp:featuredmedia":[{"embeddable":true,"href":"https:\/\/www.hashtag.al\/index.php\/wp-json\/wp\/v2\/media\/761171"}],"wp:attachment":[{"href":"https:\/\/www.hashtag.al\/index.php\/wp-json\/wp\/v2\/media?parent=761170"}],"wp:term":[{"taxonomy":"category","embeddable":true,"href":"https:\/\/www.hashtag.al\/index.php\/wp-json\/wp\/v2\/categories?post=761170"},{"taxonomy":"post_tag","embeddable":true,"href":"https:\/\/www.hashtag.al\/index.php\/wp-json\/wp\/v2\/tags?post=761170"}],"curies":[{"name":"wp","href":"https:\/\/api.w.org\/{rel}","templated":true}]}}