{"id":760447,"date":"2025-09-13T16:10:00","date_gmt":"2025-09-13T14:10:00","guid":{"rendered":"https:\/\/www.hashtag.al\/?p=760447"},"modified":"2025-09-13T16:10:00","modified_gmt":"2025-09-13T14:10:00","slug":"federica-mogherini-ne-tirane-takim-me-rezidencen-studentore-nr-1-per-partneritete-akademike","status":"publish","type":"post","link":"https:\/\/www.hashtag.al\/index.php\/2025\/09\/13\/federica-mogherini-ne-tirane-takim-me-rezidencen-studentore-nr-1-per-partneritete-akademike\/","title":{"rendered":"Federica Mogherini n\u00eb Tiran\u00eb: Takim me Rezidenc\u00ebn Studentore Nr.1 p\u00ebr partneritete akademike","gt_translate_keys":[{"key":"rendered","format":"text"}]},"content":{"rendered":"<p><span style=\"color: #000000;\"><img loading=\"lazy\" decoding=\"async\" class=\"alignnone size-medium wp-image-760448\" src=\"https:\/\/www.hashtag.al\/wp-content\/uploads\/2025\/09\/1757770598_fotongatakimi-300x169.jpeg\" alt=\"\" width=\"300\" height=\"169\" srcset=\"https:\/\/www.hashtag.al\/wp-content\/uploads\/2025\/09\/1757770598_fotongatakimi-300x169.jpeg 300w, https:\/\/www.hashtag.al\/wp-content\/uploads\/2025\/09\/1757770598_fotongatakimi-768x433.jpeg 768w, https:\/\/www.hashtag.al\/wp-content\/uploads\/2025\/09\/1757770598_fotongatakimi.jpeg 780w\" sizes=\"auto, (max-width: 300px) 100vw, 300px\" \/><\/span><\/p>\n<p><span style=\"color: #000000;\">Vizita n\u00eb Shqip\u00ebri e Rektores s\u00eb Kolegjit t\u00eb Europ\u00ebs, Federica Mogherini, ish-P\u00ebrfaq\u00ebsuese e Lart\u00eb e BE-s\u00eb p\u00ebr Politik\u00ebn e Jashtme dhe Sigurin\u00eb, u sh\u00ebnua nga nj\u00eb takim n\u00eb ambientet e Rezidenc\u00ebs Studentore Universitare Nr.1.<\/span><\/p>\n<p><span style=\"color: #000000;\">Takimi me Drejtorin e P\u00ebrgjithsh\u00ebm, Olsi Shahini, u vler\u00ebsua si nj\u00eb hap i r\u00ebnd\u00ebsish\u00ebm n\u00eb zgjerimin e bashk\u00ebpunimit akademik dhe n\u00eb p\u00ebrmir\u00ebsimin e standardeve t\u00eb akomodimit p\u00ebr student\u00ebt nd\u00ebrkomb\u00ebtar\u00eb.<\/span><\/p>\n<p><span style=\"color: #000000;\">N\u00eb kuad\u00ebr t\u00eb k\u00ebtij bashk\u00ebpunimi, vet\u00ebm gjat\u00eb k\u00ebtij viti n\u00eb Shqip\u00ebri kan\u00eb mb\u00ebrritur mbi 200 student\u00eb t\u00eb huaj nga vende t\u00eb ndryshme t\u00eb Europ\u00ebs dhe m\u00eb gjer\u00eb, t\u00eb cil\u00ebt po akomodohen n\u00eb RSU Nr.1.<\/span><\/p>\n<p><span style=\"color: #000000;\">Kjo rritje e ndjeshme e numrit t\u00eb student\u00ebve nd\u00ebrkomb\u00ebtar\u00eb vjen si rezultat i nj\u00eb strategjie t\u00eb q\u00ebndrueshme dhe t\u00eb koordinuar mes institucioneve shqiptare dhe atyre europiane.<\/span><\/p>\n<p><span style=\"color: #000000;\">Shahini b\u00ebri t\u00eb ditur se deri m\u00eb tani jan\u00eb n\u00ebnshkruar tre marr\u00ebveshje bashk\u00ebpunimi me universitete dhe kolegje prestigjioze, duke p\u00ebrfshir\u00eb dhe Kolegjin e Europ\u00ebs, p\u00ebr t\u00eb mund\u00ebsuar shk\u00ebmbime akademike dhe p\u00ebr t\u00eb garantuar kushte cil\u00ebsore jetese p\u00ebr student\u00ebt e huaj. K\u00ebto marr\u00ebveshje jo vet\u00ebm leht\u00ebsojn\u00eb procesin e akomodimit, por edhe nxisin programe t\u00eb p\u00ebrbashk\u00ebta studimore, praktika profesionale dhe projekte kulturore.<\/span><\/p>\n<p><span style=\"color: #000000;\">Gjat\u00eb diskutimeve, pal\u00ebt ndan\u00eb ide p\u00ebr zgjerimin e m\u00ebtejsh\u00ebm t\u00eb bashk\u00ebpunimit, duke vler\u00ebsuar Tiran\u00ebn si nj\u00eb destinacion gjithnj\u00eb e m\u00eb t\u00ebrheq\u00ebs p\u00ebr student\u00ebt nd\u00ebrkomb\u00ebtar\u00eb.<\/span><\/p>\n<p><span style=\"color: #000000;\">\u00a0Mogherini u shpreh e impresionuar nga p\u00ebrkushtimi i autoriteteve shqiptare p\u00ebr t\u00eb krijuar kushte moderne dhe nj\u00eb mjedis t\u00eb favorsh\u00ebm p\u00ebr jet\u00ebn studentore, duke e cil\u00ebsuar k\u00ebt\u00eb eksperienc\u00eb si nj\u00eb model t\u00eb shk\u00eblqyer p\u00ebr rajonin.<\/span><\/p>\n<p><span style=\"color: #000000;\">Ky takim sh\u00ebnon nj\u00eb moment dometh\u00ebn\u00ebs n\u00eb marr\u00ebdh\u00ebniet mes Kolegjit t\u00eb Europ\u00ebs dhe institucioneve shqiptare, duke hapur perspektiva t\u00eb reja p\u00ebr projekte t\u00eb p\u00ebrbashk\u00ebta n\u00eb fush\u00ebn e arsimit, kultur\u00ebs dhe diplomacis\u00eb rinore, si dhe duke forcuar rolin e Shqip\u00ebris\u00eb si nj\u00eb qend\u00ebr n\u00eb rritje p\u00ebr shk\u00ebmbimin akademik dhe kulturor n\u00eb Ballkan.<\/span><\/p>\n","protected":false,"gt_translate_keys":[{"key":"rendered","format":"html"}]},"excerpt":{"rendered":"<p>Vizita n\u00eb Shqip\u00ebri e Rektores s\u00eb Kolegjit t\u00eb Europ\u00ebs, Federica Mogherini, ish-P\u00ebrfaq\u00ebsuese e Lart\u00eb e BE-s\u00eb p\u00ebr Politik\u00ebn e Jashtme dhe Sigurin\u00eb, u sh\u00ebnua nga nj\u00eb takim n\u00eb ambientet e Rezidenc\u00ebs Studentore Universitare Nr.1. Takimi me Drejtorin e P\u00ebrgjithsh\u00ebm, Olsi Shahini, u vler\u00ebsua si nj\u00eb hap i r\u00ebnd\u00ebsish\u00ebm n\u00eb zgjerimin e bashk\u00ebpunimit akademik dhe n\u00eb [&hellip;]<\/p>\n","protected":false,"gt_translate_keys":[{"key":"rendered","format":"html"}]},"author":32,"featured_media":760448,"comment_status":"closed","ping_status":"open","sticky":false,"template":"","format":"standard","meta":{"footnotes":""},"categories":[65],"tags":[],"class_list":["post-760447","post","type-post","status-publish","format-standard","has-post-thumbnail","hentry","category-lajme"],"gt_translate_keys":[{"key":"link","format":"url"}],"_links":{"self":[{"href":"https:\/\/www.hashtag.al\/index.php\/wp-json\/wp\/v2\/posts\/760447","targetHints":{"allow":["GET"]}}],"collection":[{"href":"https:\/\/www.hashtag.al\/index.php\/wp-json\/wp\/v2\/posts"}],"about":[{"href":"https:\/\/www.hashtag.al\/index.php\/wp-json\/wp\/v2\/types\/post"}],"author":[{"embeddable":true,"href":"https:\/\/www.hashtag.al\/index.php\/wp-json\/wp\/v2\/users\/32"}],"replies":[{"embeddable":true,"href":"https:\/\/www.hashtag.al\/index.php\/wp-json\/wp\/v2\/comments?post=760447"}],"version-history":[{"count":99999,"href":"https:\/\/www.hashtag.al\/index.php\/wp-json\/wp\/v2\/posts\/760447\/revisions"}],"predecessor-version":[{"id":760449,"href":"https:\/\/www.hashtag.al\/index.php\/wp-json\/wp\/v2\/posts\/760447\/revisions\/760449"}],"wp:featuredmedia":[{"embeddable":true,"href":"https:\/\/www.hashtag.al\/index.php\/wp-json\/wp\/v2\/media\/760448"}],"wp:attachment":[{"href":"https:\/\/www.hashtag.al\/index.php\/wp-json\/wp\/v2\/media?parent=760447"}],"wp:term":[{"taxonomy":"category","embeddable":true,"href":"https:\/\/www.hashtag.al\/index.php\/wp-json\/wp\/v2\/categories?post=760447"},{"taxonomy":"post_tag","embeddable":true,"href":"https:\/\/www.hashtag.al\/index.php\/wp-json\/wp\/v2\/tags?post=760447"}],"curies":[{"name":"wp","href":"https:\/\/api.w.org\/{rel}","templated":true}]}}