{"id":760312,"date":"2025-09-12T18:41:35","date_gmt":"2025-09-12T16:41:35","guid":{"rendered":"https:\/\/www.hashtag.al\/?p=760312"},"modified":"2025-09-12T18:44:06","modified_gmt":"2025-09-12T16:44:06","slug":"niko-peleshi-zgjidhet-kryetari-i-ri-i-kuvendit-me-84-vota-opozita-bojkoton-procesin","status":"publish","type":"post","link":"https:\/\/www.hashtag.al\/index.php\/2025\/09\/12\/niko-peleshi-zgjidhet-kryetari-i-ri-i-kuvendit-me-84-vota-opozita-bojkoton-procesin\/","title":{"rendered":"Niko Peleshi zgjidhet kryetar i ri i Kuvendit me 84 vota, opozita bojkoton votimin","gt_translate_keys":[{"key":"rendered","format":"text"}]},"content":{"rendered":"<p><span style=\"color: #000000;\"><img loading=\"lazy\" decoding=\"async\" class=\"alignnone size-medium wp-image-760313\" src=\"https:\/\/www.hashtag.al\/wp-content\/uploads\/2025\/09\/1757694713_nikopeleshi-300x169.jpg\" alt=\"\" width=\"300\" height=\"169\" srcset=\"https:\/\/www.hashtag.al\/wp-content\/uploads\/2025\/09\/1757694713_nikopeleshi-300x169.jpg 300w, https:\/\/www.hashtag.al\/wp-content\/uploads\/2025\/09\/1757694713_nikopeleshi-768x433.jpg 768w, https:\/\/www.hashtag.al\/wp-content\/uploads\/2025\/09\/1757694713_nikopeleshi.jpg 780w\" sizes=\"auto, (max-width: 300px) 100vw, 300px\" \/><\/span><\/p>\n<p><span style=\"color: #000000;\">Socialisti Niko Peleshi \u00ebsht\u00eb zgjedhur kryetar i ri i Kuvendit t\u00eb Shqip\u00ebris\u00eb me 84 vota pro, 3 kund\u00ebr dhe asnj\u00eb abstenim. N\u00eb votim mor\u00ebn pjes\u00eb 87 deputet\u00eb.<\/span><\/p>\n<p><span style=\"color: #000000;\">Opozita nuk u p\u00ebrfshi n\u00eb procesin e votimit, por q\u00ebndroi n\u00eb sall\u00eb, duke ndjekur n\u00eb heshtje procedur\u00ebn.<\/span><\/p>\n<p><span style=\"color: #000000;\">Demokrat\u00ebt reaguan duke i r\u00ebn\u00eb tavolin\u00ebs sa her\u00eb p\u00ebrmendej emri i Peleshit, nd\u00ebrsa mazhoranca e duartrokiti zgjedhjen e tij.<\/span><\/p>\n<p><span style=\"color: #000000;\">Komisioni i p\u00ebrkohsh\u00ebm i ngritur p\u00ebr administrimin e votimit p\u00ebrb\u00ebhej nga Fadil Nasufi, Saimir Asalla dhe Bledi \u00c7omo, t\u00eb propozuar nga Partia Socialiste, pasi Partia Demokratike refuzoi pjes\u00ebmarrjen.<\/span><\/p>\n<p><span style=\"color: #000000;\">Para zgjedhjes s\u00eb kryetarit t\u00eb ri, u zhvillua edhe betimi i deputet\u00ebve t\u00eb rinj.<\/span><\/p>\n<p><span style=\"color: #000000;\">Nga 140 t\u00eb zgjedhur, 135 u betuan, nd\u00ebrsa Tom Doshi dhe Sabina Jorgo t\u00eb PSD-s\u00eb hoq\u00ebn dor\u00eb nga mandatet e tyre.<\/span><\/p>\n<p><span style=\"color: #000000;\">Tre deputet\u00eb demokrat\u00eb, Jozefina Topalli, Albana Vokshi dhe Oerd Bylykbashi, munguan p\u00ebr arsye personale dhe pritet t\u00eb betohen n\u00eb nj\u00eb seanc\u00eb t\u00eb ardhshme.<\/span><\/p>\n<p><span style=\"color: #000000;\">Seanca e par\u00eb e parlamentit t\u00eb ri u drejtua nga socialisti Vasil Llajo, si deputeti m\u00eb i vjet\u00ebr, pasi Sali Berisha dhe Tritan Shehu refuzuan t\u00eb hapnin punimet.<\/span><\/p>\n<p><span style=\"color: #000000;\">Ajo u zhvillua n\u00eb dy faza: paradite, kur opozita bllokoi foltoren dhe protestoi me pankarta kund\u00ebr mazhoranc\u00ebs, dhe pasdite, kur u realizua zgjedhja e kryeparlamentarit.<\/span><\/p>\n<p><span style=\"color: #000000;\">N\u00eb sall\u00eb ishin t\u00eb pranish\u00ebm p\u00ebrfaq\u00ebsues diplomatik\u00eb, mes tyre e ngarkuara me pun\u00eb e SHBA n\u00eb Tiran\u00eb, Nancy VanHorn, si edhe klerik\u00eb t\u00eb besimeve fetare.<\/span><\/p>\n<p><span style=\"color: #000000;\">Ra n\u00eb sy mungesa e p\u00ebrfaq\u00ebsuesve t\u00eb SPAK dhe Prokuroris\u00eb s\u00eb P\u00ebrgjithshme.<\/span><\/p>\n<p><span style=\"color: #000000;\">N\u00eb parlamentin e ri, PS hyn me 83 deputet\u00eb (53 prej tyre t\u00eb rinj), PD dhe aleat\u00ebt me 50 deputet\u00eb (14 t\u00eb rinj), PSD me 3 deputet\u00eb, partia Mund\u00ebsia me 2, nd\u00ebrsa L\u00ebvizja Bashk\u00eb dhe Nisma Shqip\u00ebria B\u00ebhet me nga nj\u00eb deputet.<\/span><\/p>\n","protected":false,"gt_translate_keys":[{"key":"rendered","format":"html"}]},"excerpt":{"rendered":"<p>Socialisti Niko Peleshi \u00ebsht\u00eb zgjedhur kryetar i ri i Kuvendit t\u00eb Shqip\u00ebris\u00eb me 84 vota pro, 3 kund\u00ebr dhe asnj\u00eb abstenim. N\u00eb votim mor\u00ebn pjes\u00eb 87 deputet\u00eb. Opozita nuk u p\u00ebrfshi n\u00eb procesin e votimit, por q\u00ebndroi n\u00eb sall\u00eb, duke ndjekur n\u00eb heshtje procedur\u00ebn. Demokrat\u00ebt reaguan duke i r\u00ebn\u00eb tavolin\u00ebs sa her\u00eb p\u00ebrmendej emri i [&hellip;]<\/p>\n","protected":false,"gt_translate_keys":[{"key":"rendered","format":"html"}]},"author":32,"featured_media":760313,"comment_status":"closed","ping_status":"open","sticky":false,"template":"","format":"standard","meta":{"footnotes":""},"categories":[65],"tags":[],"class_list":["post-760312","post","type-post","status-publish","format-standard","has-post-thumbnail","hentry","category-lajme"],"gt_translate_keys":[{"key":"link","format":"url"}],"_links":{"self":[{"href":"https:\/\/www.hashtag.al\/index.php\/wp-json\/wp\/v2\/posts\/760312","targetHints":{"allow":["GET"]}}],"collection":[{"href":"https:\/\/www.hashtag.al\/index.php\/wp-json\/wp\/v2\/posts"}],"about":[{"href":"https:\/\/www.hashtag.al\/index.php\/wp-json\/wp\/v2\/types\/post"}],"author":[{"embeddable":true,"href":"https:\/\/www.hashtag.al\/index.php\/wp-json\/wp\/v2\/users\/32"}],"replies":[{"embeddable":true,"href":"https:\/\/www.hashtag.al\/index.php\/wp-json\/wp\/v2\/comments?post=760312"}],"version-history":[{"count":99999,"href":"https:\/\/www.hashtag.al\/index.php\/wp-json\/wp\/v2\/posts\/760312\/revisions"}],"predecessor-version":[{"id":760316,"href":"https:\/\/www.hashtag.al\/index.php\/wp-json\/wp\/v2\/posts\/760312\/revisions\/760316"}],"wp:featuredmedia":[{"embeddable":true,"href":"https:\/\/www.hashtag.al\/index.php\/wp-json\/wp\/v2\/media\/760313"}],"wp:attachment":[{"href":"https:\/\/www.hashtag.al\/index.php\/wp-json\/wp\/v2\/media?parent=760312"}],"wp:term":[{"taxonomy":"category","embeddable":true,"href":"https:\/\/www.hashtag.al\/index.php\/wp-json\/wp\/v2\/categories?post=760312"},{"taxonomy":"post_tag","embeddable":true,"href":"https:\/\/www.hashtag.al\/index.php\/wp-json\/wp\/v2\/tags?post=760312"}],"curies":[{"name":"wp","href":"https:\/\/api.w.org\/{rel}","templated":true}]}}