{"id":760166,"date":"2025-09-11T20:38:39","date_gmt":"2025-09-11T18:38:39","guid":{"rendered":"https:\/\/www.hashtag.al\/?p=760166"},"modified":"2025-09-11T20:38:39","modified_gmt":"2025-09-11T18:38:39","slug":"sdo-kete-shtet-palestinez-netanyahu-miraton-projektin-per-vendbanime-izraelite-prane-jeruzalemit","status":"publish","type":"post","link":"https:\/\/www.hashtag.al\/index.php\/2025\/09\/11\/sdo-kete-shtet-palestinez-netanyahu-miraton-projektin-per-vendbanime-izraelite-prane-jeruzalemit\/","title":{"rendered":"\u201cS\u2019do ket\u00eb shtet palestinez\u201d &#8211; Netanyahu miraton projektin p\u00ebr vendbanime izraelite pran\u00eb Jeruzalemit","gt_translate_keys":[{"key":"rendered","format":"text"}]},"content":{"rendered":"<p><img loading=\"lazy\" decoding=\"async\" class=\"aligncenter size-full wp-image-760170\" src=\"https:\/\/www.hashtag.al\/wp-content\/uploads\/2025\/09\/netanyahu.jpg\" alt=\"\" width=\"1024\" height=\"683\" srcset=\"https:\/\/www.hashtag.al\/wp-content\/uploads\/2025\/09\/netanyahu.jpg 1024w, https:\/\/www.hashtag.al\/wp-content\/uploads\/2025\/09\/netanyahu-300x200.jpg 300w, https:\/\/www.hashtag.al\/wp-content\/uploads\/2025\/09\/netanyahu-768x512.jpg 768w\" sizes=\"auto, (max-width: 1024px) 100vw, 1024px\" \/><\/p>\n<p><span style=\"color: #000000;\">Kryeministri Benjamin Netanyahu miratoi projektin e kontestuar prej koh\u00ebsh t\u00eb vendbanimit E1 pran\u00eb Jeruzalemit, nj\u00eb veprim q\u00eb \u00ebsht\u00eb p\u00ebrballur me vite t\u00eb t\u00ebra kund\u00ebrshtimesh nd\u00ebrkomb\u00ebtare dhe dikur \u00ebsht\u00eb p\u00ebrshkruar nga kritik\u00ebt si nj\u00eb &#8220;goditje vdekjeprur\u00ebse&#8221; p\u00ebr nj\u00eb shtet t\u00eb ardhsh\u00ebm palestinez.<\/span><\/p>\n<p><span style=\"color: #000000;\">N\u00eb nj\u00eb ceremoni n\u00eb Maale Adumim, Netanyahu p\u00ebrs\u00ebriti kund\u00ebrshtimin e tij t\u00eb shtet\u00ebsis\u00eb palestineze.<em><i>\u00a0&#8220;Ne tham\u00eb se nj\u00eb shtet palestinez nuk do krijohet dhe n\u00eb fakt, nj\u00eb shtet palestinez nuk do krijohet&#8221;<\/i><\/em>, tha ai.<\/span><\/p>\n<p><span style=\"color: #000000;\">Plani E1 parashikon 3,401 nj\u00ebsi banimi n\u00eb Maale Adumim, nj\u00eb vendbanim n\u00eb lindje t\u00eb Jerusalemit. Nd\u00ebrtimi n\u00eb zon\u00eb do shk\u00ebpuste vijim\u00ebsin\u00eb territoriale midis qyteteve palestineze t\u00eb Ramallahut dhe Betlehemit n\u00eb Bregun Per\u00ebndimor, duke e b\u00ebr\u00eb pothuajse t\u00eb pamundur krijimin e nj\u00eb shteti t\u00eb q\u00ebndruesh\u00ebm palestinez me Jerusalemin Lindor si kryeqytet, shkruan <span style=\"color: #0000ff;\"><a style=\"color: #0000ff;\" href=\"https:\/\/www.ynetnews.com\/article\/skogaygigx\">Ynet<\/a><\/span>.<\/span><\/p>\n<p><span style=\"color: #000000;\">Izraeli e ka shtyr\u00eb p\u00ebrpara projektin p\u00ebr dekada t\u00eb t\u00ebra, por si Evropa ashtu edhe Shtetet e Bashkuara e kan\u00eb bllokuar vijim\u00ebsisht. Administrata e presidentit t\u00eb at\u00ebhersh\u00ebm Donald Trump u nda nga politika e kaluar, duke shmangur d\u00ebnimin dhe duke sinjalizuar mb\u00ebshtetje, duke th\u00ebn\u00eb se nj\u00eb &#8220;Breg Per\u00ebndimor i q\u00ebndruesh\u00ebm&#8221; p\u00ebrputhej me q\u00ebllimet e SHBA-s\u00eb p\u00ebr paqen rajonale.<\/span><\/p>\n<p><img loading=\"lazy\" decoding=\"async\" class=\"aligncenter size-full wp-image-760171\" src=\"https:\/\/www.hashtag.al\/wp-content\/uploads\/2025\/09\/netanyahu.jpg2_.jpg\" alt=\"\" width=\"1024\" height=\"683\" srcset=\"https:\/\/www.hashtag.al\/wp-content\/uploads\/2025\/09\/netanyahu.jpg2_.jpg 1024w, https:\/\/www.hashtag.al\/wp-content\/uploads\/2025\/09\/netanyahu.jpg2_-300x200.jpg 300w, https:\/\/www.hashtag.al\/wp-content\/uploads\/2025\/09\/netanyahu.jpg2_-768x512.jpg 768w\" sizes=\"auto, (max-width: 1024px) 100vw, 1024px\" \/><\/p>\n<p><span style=\"color: #000000;\">Netanyahu, i cili prej koh\u00ebsh e ka b\u00ebr\u00eb zgjerimin e vendbanimeve nj\u00eb politik\u00eb thelb\u00ebsore, e ka cil\u00ebsuar projektin si nj\u00eb arritje historike dhe demografike. Ai parashikoi se popullsia e Maale Adumim do \u00a0dyfishohej n\u00eb 70,000 brenda pes\u00eb viteve.<\/span><\/p>\n<p><span style=\"color: #000000;\"><em><i>&#8220;Ky \u00ebsht\u00eb nj\u00eb ndryshim i jasht\u00ebzakonsh\u00ebm&#8221;<\/i><\/em>, tha ai.<\/span><\/p>\n<p><span style=\"color: #000000;\">Kryeministri e lidhi gjithashtu zgjerimin me fushat\u00ebn m\u00eb t\u00eb gjer\u00eb ushtarake t\u00eb Izraelit. Duke iu referuar luft\u00ebs q\u00eb filloi gati dy vjet m\u00eb par\u00eb me sulmin e Hamasit m\u00eb 7 tetor, ai tha se Izraeli mbeti i p\u00ebrkushtuar p\u00ebr t\u00eb sjell\u00eb n\u00eb sht\u00ebpi t\u00eb gjith\u00eb pengjet, si t\u00eb gjall\u00eb ashtu edhe t\u00eb vdekur.<\/span><\/p>\n<p><span style=\"color: #000000;\"><em><i>&#8220;Ne do t&#8217;i kthejm\u00eb t\u00eb gjith\u00eb&#8221;<\/i><\/em>, tha ai.<\/span><\/p>\n<p><span style=\"color: #000000;\">Ai u zotua t\u00eb vijoj\u00eb t\u00eb luftoj\u00eb Hamasin deri n\u00eb disfat\u00ebn e tij.<\/span><\/p>\n<p><span style=\"color: #000000;\"><em><i>&#8220;Ajo q\u00eb filloi n\u00eb Gaza do p\u00ebrfundoj\u00eb n\u00eb Gaza&#8221;<\/i><\/em>, deklaroi ai. Ai tha gjithashtu se Izraeli po synonte an\u00ebtar\u00eb t\u00eb tjer\u00eb t\u00eb aleanc\u00ebs rajonale t\u00eb mb\u00ebshtetur nga Irani, p\u00ebrfshir\u00eb rebel\u00ebt Houthi t\u00eb Jemenit.<\/span><\/p>\n","protected":false,"gt_translate_keys":[{"key":"rendered","format":"html"}]},"excerpt":{"rendered":"<p>Kryeministri Benjamin Netanyahu miratoi projektin e kontestuar prej koh\u00ebsh t\u00eb vendbanimit E1 pran\u00eb Jeruzalemit, nj\u00eb veprim q\u00eb \u00ebsht\u00eb p\u00ebrballur me vite t\u00eb t\u00ebra kund\u00ebrshtimesh nd\u00ebrkomb\u00ebtare dhe dikur \u00ebsht\u00eb p\u00ebrshkruar nga kritik\u00ebt si nj\u00eb &#8220;goditje vdekjeprur\u00ebse&#8221; p\u00ebr nj\u00eb shtet t\u00eb ardhsh\u00ebm palestinez. N\u00eb nj\u00eb ceremoni n\u00eb Maale Adumim, Netanyahu p\u00ebrs\u00ebriti kund\u00ebrshtimin e tij t\u00eb shtet\u00ebsis\u00eb palestineze.\u00a0&#8220;Ne [&hellip;]<\/p>\n","protected":false,"gt_translate_keys":[{"key":"rendered","format":"html"}]},"author":51,"featured_media":760170,"comment_status":"closed","ping_status":"open","sticky":false,"template":"","format":"standard","meta":{"footnotes":""},"categories":[6],"tags":[],"class_list":["post-760166","post","type-post","status-publish","format-standard","has-post-thumbnail","hentry","category-nderkombetare"],"gt_translate_keys":[{"key":"link","format":"url"}],"_links":{"self":[{"href":"https:\/\/www.hashtag.al\/index.php\/wp-json\/wp\/v2\/posts\/760166","targetHints":{"allow":["GET"]}}],"collection":[{"href":"https:\/\/www.hashtag.al\/index.php\/wp-json\/wp\/v2\/posts"}],"about":[{"href":"https:\/\/www.hashtag.al\/index.php\/wp-json\/wp\/v2\/types\/post"}],"author":[{"embeddable":true,"href":"https:\/\/www.hashtag.al\/index.php\/wp-json\/wp\/v2\/users\/51"}],"replies":[{"embeddable":true,"href":"https:\/\/www.hashtag.al\/index.php\/wp-json\/wp\/v2\/comments?post=760166"}],"version-history":[{"count":99999,"href":"https:\/\/www.hashtag.al\/index.php\/wp-json\/wp\/v2\/posts\/760166\/revisions"}],"predecessor-version":[{"id":760172,"href":"https:\/\/www.hashtag.al\/index.php\/wp-json\/wp\/v2\/posts\/760166\/revisions\/760172"}],"wp:featuredmedia":[{"embeddable":true,"href":"https:\/\/www.hashtag.al\/index.php\/wp-json\/wp\/v2\/media\/760170"}],"wp:attachment":[{"href":"https:\/\/www.hashtag.al\/index.php\/wp-json\/wp\/v2\/media?parent=760166"}],"wp:term":[{"taxonomy":"category","embeddable":true,"href":"https:\/\/www.hashtag.al\/index.php\/wp-json\/wp\/v2\/categories?post=760166"},{"taxonomy":"post_tag","embeddable":true,"href":"https:\/\/www.hashtag.al\/index.php\/wp-json\/wp\/v2\/tags?post=760166"}],"curies":[{"name":"wp","href":"https:\/\/api.w.org\/{rel}","templated":true}]}}