{"id":760146,"date":"2025-09-11T19:37:36","date_gmt":"2025-09-11T17:37:36","guid":{"rendered":"https:\/\/www.hashtag.al\/?p=760146"},"modified":"2025-09-11T21:11:57","modified_gmt":"2025-09-11T19:11:57","slug":"parlamenti-i-be-se-refuzon-nje-minute-heshtje-per-charlie-kirk","status":"publish","type":"post","link":"https:\/\/www.hashtag.al\/index.php\/2025\/09\/11\/parlamenti-i-be-se-refuzon-nje-minute-heshtje-per-charlie-kirk\/","title":{"rendered":"Parlamenti i BE-s\u00eb refuzon nj\u00eb minut\u00eb heshtje p\u00ebr Charlie Kirk","gt_translate_keys":[{"key":"rendered","format":"text"}]},"content":{"rendered":"<p><span dir=\"auto\" style=\"color: #000000;\"><img loading=\"lazy\" decoding=\"async\" class=\"aligncenter size-full wp-image-760147\" src=\"https:\/\/www.hashtag.al\/wp-content\/uploads\/2025\/09\/Screenshot-2025-09-11-192524.png\" alt=\"\" width=\"747\" height=\"573\" srcset=\"https:\/\/www.hashtag.al\/wp-content\/uploads\/2025\/09\/Screenshot-2025-09-11-192524.png 747w, https:\/\/www.hashtag.al\/wp-content\/uploads\/2025\/09\/Screenshot-2025-09-11-192524-300x230.png 300w\" sizes=\"auto, (max-width: 747px) 100vw, 747px\" \/><\/span><\/p>\n<p><span style=\"color: #000000;\"><span dir=\"auto\">Parlamenti Europian u zhyt n\u00eb kaos t\u00eb enjten, nd\u00ebrsa ligjv\u00ebn\u00ebsit konservator\u00eb godit\u00ebn tavolinat e tyre n\u00eb shenj\u00eb proteste dhe b\u00ebrtit\u00ebn kur u refuzua k\u00ebrkesa q\u00eb seanca t\u00eb mbante nj\u00eb minut\u00eb heshtje p\u00ebr <\/span><span dir=\"auto\">Charlie Kirk .<\/span><\/span><\/p>\n<p><span style=\"color: #000000;\"><span dir=\"auto\">K\u00ebrkesa ishte udh\u00ebhequr nga eurodeputeti suedez\u00a0<\/span><span dir=\"auto\">Charlie Weimers<\/span><span dir=\"auto\">\u00a0, i cili e quajti at\u00eb nj\u00eb q\u00ebndrim \u201cp\u00ebr t\u00eb deklaruar se e drejta jon\u00eb p\u00ebr lirin\u00eb e fjal\u00ebs nuk mund t\u00eb shuhet\u201d.<\/span><\/span><\/p>\n<p class=\"qualified qualified-1\"><span dir=\"auto\" style=\"color: #000000;\"><em>\u201cZonja Presidente, t\u00eb dashur koleg\u00eb, vrasja e aktivistit politik Charlie Kirk, nj\u00eb bashk\u00ebshort, baba i dashur dhe patriot, ka tronditur bot\u00ebn. Ne duhet ta d\u00ebnojm\u00eb fuqimisht dhun\u00ebn politike dhe retorik\u00ebn q\u00eb nxit dhun\u00eb. Ju lutem q\u00ebndroni me mua n\u00eb reflektim dhe lutje n\u00eb nder t\u00eb tij, dhe un\u00eb ia kushtoj pjes\u00ebn tjet\u00ebr t\u00eb koh\u00ebs sime nj\u00eb momenti heshtjeje<\/em>\u201d, tha ai.<\/span><\/p>\n<p><span style=\"color: #000000;\"><span dir=\"auto\">Presidentja\u00a0<\/span><span dir=\"auto\">Roberta Metsola<\/span><span dir=\"auto\">\u00a0e hodhi posht\u00eb propozimin, duke th\u00ebn\u00eb se homazhe t\u00eb tilla mund t\u00eb mbahen vet\u00ebm n\u00eb hapje t\u00eb nj\u00eb seance plenare, e cila tashm\u00eb kishte kaluar, duke shtuar se mund\u00ebsia tjet\u00ebr p\u00ebr t\u00eb k\u00ebrkuar heshtje do t\u00eb ishte tetori.<\/span><\/span><\/p>\n<p><span style=\"color: #000000;\"><span dir=\"auto\">Kur Weimers vazhdon t\u00eb p\u00ebrpiqet t\u2019ia l\u00ebr\u00eb koh\u00ebn e tij t\u00eb folurit nj\u00eb homazhi n\u00eb heshtje, kryetarja e seanc\u00ebs\u00a0<\/span><span dir=\"auto\">Katarina Barley<\/span><span dir=\"auto\">\u00a0e Socialist\u00ebve dhe Demokrat\u00ebve e nd\u00ebrpreu fjal\u00ebn.<\/span><\/span><\/p>\n<p><span style=\"color: #000000;\"><em>\u201cE kemi diskutuar k\u00ebt\u00eb \u00e7\u00ebshtje dhe, si\u00e7 e dini, presidentja ka th\u00ebn\u00eb jo p\u00ebr nj\u00eb minut\u00eb heshtje\u201d,<\/em> deklaroi Barley, duke shkaktuar p\u00ebrplasje t\u00eb zem\u00ebruara duarsh mbi tavolina nga deputet\u00ebt e djatht\u00eb dhe duartrokitje nga ata t\u00eb qendr\u00ebs e t\u00eb majt\u00ebs, shkruan <a href=\"https:\/\/www.mediaite.com\/online\/watch-chaotic-protest-erupts-as-eu-parliament-rejects-minute-of-silence-for-charlie-kirk\/?utm_source=chatgpt.com\"><span style=\"color: #0000ff;\"><strong>MediaIte.<\/strong><\/span><\/a><\/span><\/p>\n<div style=\"width: 720px;\" class=\"wp-video\"><video class=\"wp-video-shortcode\" id=\"video-760146-1\" width=\"720\" height=\"1280\" preload=\"metadata\" controls=\"controls\"><source type=\"video\/mp4\" src=\"https:\/\/www.hashtag.al\/wp-content\/uploads\/2025\/09\/The-Left-is-truly-the-same-all-over-the-world.-We-cannot-coexist.mp4?_=1\" \/><a href=\"https:\/\/www.hashtag.al\/wp-content\/uploads\/2025\/09\/The-Left-is-truly-the-same-all-over-the-world.-We-cannot-coexist.mp4\">https:\/\/www.hashtag.al\/wp-content\/uploads\/2025\/09\/The-Left-is-truly-the-same-all-over-the-world.-We-cannot-coexist.mp4<\/a><\/video><\/div>\n","protected":false,"gt_translate_keys":[{"key":"rendered","format":"html"}]},"excerpt":{"rendered":"<p>Parlamenti Europian u zhyt n\u00eb kaos t\u00eb enjten, nd\u00ebrsa ligjv\u00ebn\u00ebsit konservator\u00eb godit\u00ebn tavolinat e tyre n\u00eb shenj\u00eb proteste dhe b\u00ebrtit\u00ebn kur u refuzua k\u00ebrkesa q\u00eb seanca t\u00eb mbante nj\u00eb minut\u00eb heshtje p\u00ebr Charlie Kirk . K\u00ebrkesa ishte udh\u00ebhequr nga eurodeputeti suedez\u00a0Charlie Weimers\u00a0, i cili e quajti at\u00eb nj\u00eb q\u00ebndrim \u201cp\u00ebr t\u00eb deklaruar se e drejta [&hellip;]<\/p>\n","protected":false,"gt_translate_keys":[{"key":"rendered","format":"html"}]},"author":49,"featured_media":760147,"comment_status":"closed","ping_status":"open","sticky":false,"template":"","format":"standard","meta":{"footnotes":""},"categories":[22],"tags":[],"class_list":["post-760146","post","type-post","status-publish","format-standard","has-post-thumbnail","hentry","category-ballina"],"gt_translate_keys":[{"key":"link","format":"url"}],"_links":{"self":[{"href":"https:\/\/www.hashtag.al\/index.php\/wp-json\/wp\/v2\/posts\/760146","targetHints":{"allow":["GET"]}}],"collection":[{"href":"https:\/\/www.hashtag.al\/index.php\/wp-json\/wp\/v2\/posts"}],"about":[{"href":"https:\/\/www.hashtag.al\/index.php\/wp-json\/wp\/v2\/types\/post"}],"author":[{"embeddable":true,"href":"https:\/\/www.hashtag.al\/index.php\/wp-json\/wp\/v2\/users\/49"}],"replies":[{"embeddable":true,"href":"https:\/\/www.hashtag.al\/index.php\/wp-json\/wp\/v2\/comments?post=760146"}],"version-history":[{"count":99999,"href":"https:\/\/www.hashtag.al\/index.php\/wp-json\/wp\/v2\/posts\/760146\/revisions"}],"predecessor-version":[{"id":760152,"href":"https:\/\/www.hashtag.al\/index.php\/wp-json\/wp\/v2\/posts\/760146\/revisions\/760152"}],"wp:featuredmedia":[{"embeddable":true,"href":"https:\/\/www.hashtag.al\/index.php\/wp-json\/wp\/v2\/media\/760147"}],"wp:attachment":[{"href":"https:\/\/www.hashtag.al\/index.php\/wp-json\/wp\/v2\/media?parent=760146"}],"wp:term":[{"taxonomy":"category","embeddable":true,"href":"https:\/\/www.hashtag.al\/index.php\/wp-json\/wp\/v2\/categories?post=760146"},{"taxonomy":"post_tag","embeddable":true,"href":"https:\/\/www.hashtag.al\/index.php\/wp-json\/wp\/v2\/tags?post=760146"}],"curies":[{"name":"wp","href":"https:\/\/api.w.org\/{rel}","templated":true}]}}