{"id":760073,"date":"2025-09-11T13:38:40","date_gmt":"2025-09-11T11:38:40","guid":{"rendered":"https:\/\/www.hashtag.al\/?p=760073"},"modified":"2025-09-11T13:38:40","modified_gmt":"2025-09-11T11:38:40","slug":"do-te-drejtoje-ministrine-e-shtetit-per-marredheniet-me-parlamentin-toni-gogu-mirenjohes-dhe-pergjegjesi-e-madhe","status":"publish","type":"post","link":"https:\/\/www.hashtag.al\/index.php\/2025\/09\/11\/do-te-drejtoje-ministrine-e-shtetit-per-marredheniet-me-parlamentin-toni-gogu-mirenjohes-dhe-pergjegjesi-e-madhe\/","title":{"rendered":"Do t\u00eb drejtoj\u00eb ministrin\u00eb e Shtetit p\u00ebr Marr\u00ebdh\u00ebniet me Parlamentin, Toni Gogu: Mir\u00ebnjoh\u00ebs dhe p\u00ebrgjegj\u00ebsi e madhe","gt_translate_keys":[{"key":"rendered","format":"text"}]},"content":{"rendered":"<p><span style=\"color: #000000;\"><img loading=\"lazy\" decoding=\"async\" class=\"alignnone size-medium wp-image-760079\" src=\"https:\/\/www.hashtag.al\/wp-content\/uploads\/2025\/09\/1757590414_Screenshot10-300x169.jpg\" alt=\"\" width=\"300\" height=\"169\" srcset=\"https:\/\/www.hashtag.al\/wp-content\/uploads\/2025\/09\/1757590414_Screenshot10-300x169.jpg 300w, https:\/\/www.hashtag.al\/wp-content\/uploads\/2025\/09\/1757590414_Screenshot10-768x433.jpg 768w, https:\/\/www.hashtag.al\/wp-content\/uploads\/2025\/09\/1757590414_Screenshot10.jpg 780w\" sizes=\"auto, (max-width: 300px) 100vw, 300px\" \/><\/span><\/p>\n<p><span style=\"color: #000000;\">Toni Gogu, i cili do t\u00eb mbaj\u00eb postin e Ministrit t\u00eb Shtetit p\u00ebr Marr\u00ebdh\u00ebniet me Parlamentin, i vetmi nga radh\u00ebt e deputet\u00ebve q\u00eb nuk mund t\u00eb siguronin dot nj\u00eb tjet\u00ebr mandat, tha p\u00ebr mediat se ndihet mir\u00ebnjoh\u00ebs.<\/span><\/p>\n<p><span style=\"color: #000000;\"><em>\u201cMir\u00ebnjoh\u00ebs ndaj kryetarit t\u00eb partis\u00eb dhe Asambles\u00eb. P\u00ebrgjegj\u00ebsi e madhe sidomos n\u00eb k\u00ebt\u00eb kapitull t\u00eb r\u00ebnd\u00ebsish\u00ebm t\u00eb bashk\u00ebpunimit t\u00eb ekzekutivit me parlamentin. P\u00ebr shkarkimin e zyrtar\u00ebve t\u00eb caktuar ishte vendim i asambles\u00eb. I privilegjuar q\u00eb ka marr\u00eb nj\u00eb detyr\u00eb\u201d,<\/em> tha shkurt ai p\u00ebr mediat.<\/span><\/p>\n<p><span style=\"color: #000000;\">Gogu do t\u00eb z\u00ebvend\u00ebsoj\u00eb Taulant Ball\u00ebn, i cili do t\u00eb b\u00ebhet kryetar i Grupit Parlamentar t\u00eb PS-s\u00eb.<\/span><\/p>\n","protected":false,"gt_translate_keys":[{"key":"rendered","format":"html"}]},"excerpt":{"rendered":"<p>Toni Gogu, i cili do t\u00eb mbaj\u00eb postin e Ministrit t\u00eb Shtetit p\u00ebr Marr\u00ebdh\u00ebniet me Parlamentin, i vetmi nga radh\u00ebt e deputet\u00ebve q\u00eb nuk mund t\u00eb siguronin dot nj\u00eb tjet\u00ebr mandat, tha p\u00ebr mediat se ndihet mir\u00ebnjoh\u00ebs. \u201cMir\u00ebnjoh\u00ebs ndaj kryetarit t\u00eb partis\u00eb dhe Asambles\u00eb. P\u00ebrgjegj\u00ebsi e madhe sidomos n\u00eb k\u00ebt\u00eb kapitull t\u00eb r\u00ebnd\u00ebsish\u00ebm t\u00eb bashk\u00ebpunimit [&hellip;]<\/p>\n","protected":false,"gt_translate_keys":[{"key":"rendered","format":"html"}]},"author":32,"featured_media":760079,"comment_status":"closed","ping_status":"open","sticky":false,"template":"","format":"standard","meta":{"footnotes":""},"categories":[65],"tags":[],"class_list":["post-760073","post","type-post","status-publish","format-standard","has-post-thumbnail","hentry","category-lajme"],"gt_translate_keys":[{"key":"link","format":"url"}],"_links":{"self":[{"href":"https:\/\/www.hashtag.al\/index.php\/wp-json\/wp\/v2\/posts\/760073","targetHints":{"allow":["GET"]}}],"collection":[{"href":"https:\/\/www.hashtag.al\/index.php\/wp-json\/wp\/v2\/posts"}],"about":[{"href":"https:\/\/www.hashtag.al\/index.php\/wp-json\/wp\/v2\/types\/post"}],"author":[{"embeddable":true,"href":"https:\/\/www.hashtag.al\/index.php\/wp-json\/wp\/v2\/users\/32"}],"replies":[{"embeddable":true,"href":"https:\/\/www.hashtag.al\/index.php\/wp-json\/wp\/v2\/comments?post=760073"}],"version-history":[{"count":99999,"href":"https:\/\/www.hashtag.al\/index.php\/wp-json\/wp\/v2\/posts\/760073\/revisions"}],"predecessor-version":[{"id":760080,"href":"https:\/\/www.hashtag.al\/index.php\/wp-json\/wp\/v2\/posts\/760073\/revisions\/760080"}],"wp:featuredmedia":[{"embeddable":true,"href":"https:\/\/www.hashtag.al\/index.php\/wp-json\/wp\/v2\/media\/760079"}],"wp:attachment":[{"href":"https:\/\/www.hashtag.al\/index.php\/wp-json\/wp\/v2\/media?parent=760073"}],"wp:term":[{"taxonomy":"category","embeddable":true,"href":"https:\/\/www.hashtag.al\/index.php\/wp-json\/wp\/v2\/categories?post=760073"},{"taxonomy":"post_tag","embeddable":true,"href":"https:\/\/www.hashtag.al\/index.php\/wp-json\/wp\/v2\/tags?post=760073"}],"curies":[{"name":"wp","href":"https:\/\/api.w.org\/{rel}","templated":true}]}}