{"id":760033,"date":"2025-09-11T11:43:43","date_gmt":"2025-09-11T09:43:43","guid":{"rendered":"https:\/\/www.hashtag.al\/?p=760033"},"modified":"2025-09-11T13:07:25","modified_gmt":"2025-09-11T11:07:25","slug":"rama-propozon-uljen-ne-100-te-numrit-te-deputeteve-cdo-ligj-i-ri-do-marre-miratimin-e-ke-ja","status":"publish","type":"post","link":"https:\/\/www.hashtag.al\/index.php\/2025\/09\/11\/rama-propozon-uljen-ne-100-te-numrit-te-deputeteve-cdo-ligj-i-ri-do-marre-miratimin-e-ke-ja\/","title":{"rendered":"Rama propozon uljen n\u00eb 100 t\u00eb numrit t\u00eb deputet\u00ebve: \u00c7do ligj i ri do marr\u00eb miratimin e KE-s\u00eb","gt_translate_keys":[{"key":"rendered","format":"text"}]},"content":{"rendered":"<p><img loading=\"lazy\" decoding=\"async\" class=\"aligncenter size-full wp-image-760036\" src=\"https:\/\/www.hashtag.al\/wp-content\/uploads\/2025\/09\/rama22.png\" alt=\"\" width=\"1310\" height=\"697\" srcset=\"https:\/\/www.hashtag.al\/wp-content\/uploads\/2025\/09\/rama22.png 1310w, https:\/\/www.hashtag.al\/wp-content\/uploads\/2025\/09\/rama22-300x160.png 300w, https:\/\/www.hashtag.al\/wp-content\/uploads\/2025\/09\/rama22-1024x545.png 1024w, https:\/\/www.hashtag.al\/wp-content\/uploads\/2025\/09\/rama22-768x409.png 768w\" sizes=\"auto, (max-width: 1310px) 100vw, 1310px\" \/><\/p>\n<p><span style=\"color: #000000;\">Kryeministri Rama propozot sot uljen e numrit t\u00eb deputet\u00ebve nga 140 n\u00eb 100, nj\u00eb ligj dhe godin\u00eb t\u00eb re p\u00ebr Kuvendin dhe si dhe thellimi e reform\u00ebs territoriale.<\/span><\/p>\n<p><span style=\"color: #000000;\"><em><i>\u201cZbritja e numrit t\u00eb deputet\u00ebve n\u00eb 100 deputet\u00eb do kishte vet\u00ebm impakt pozitiv. Ky do jet\u00eb nj\u00eb objektiv kushtetues i joni. Kuvendi nuk ka ende nj\u00eb sht\u00ebpi t\u00eb vet\u00ebn, nj\u00eb godin\u00eb t\u00eb pranueshme p\u00ebr nj\u00eb vend an\u00ebtar\u00eb t\u00eb BE-s\u00eb. Duhet t\u00eb b\u00ebjm\u00eb nj\u00eb rishikim t\u00eb reform\u00ebs territoriale duke reflektuar ndryshime dometh\u00ebn\u00ebse t\u00eb k\u00ebtyre viteve q\u00eb nga demografia deri te teknologjia p\u00ebr t\u2019u p\u00ebrgatitur p\u00ebr an\u00ebtar\u00ebsimin n\u00eb BE.\u201d <\/i><\/em>&#8211; tha Rama.<\/span><\/p>\n<p><span style=\"color: #000000;\">Ai n\u00ebnvizoi se kurr\u00eb m\u00eb par\u00eb kushtet nuk kan\u00eb qen\u00eb m\u00eb t\u00eb favorshme p\u00ebr Shqip\u00ebrin\u00eb p\u00ebr sa i p\u00ebrket integrimit n\u00eb BE.<\/span><\/p>\n<p><span style=\"color: #000000;\"><em><i>\u201cAtyre q\u00eb na jan\u00eb bashkuar p\u00ebr her\u00eb t\u00eb par\u00eb u them ruhuni nga zakonet e vjetra q\u00eb do gjeni k\u00ebtu. Mandatin duhet ta fitoni p\u00ebrdit\u00eb n\u00ebse doni q\u00eb ky rrug\u00ebtim t\u00eb shkoj\u00eb p\u00ebrtej nj\u00eb mandati. Programin qeveris\u00ebs s\u00eb kam k\u00ebtu me vete. T\u00eb mbyllin negociatatat p\u00ebr an\u00ebtar\u00ebsimin n\u00eb BE. T\u00eb ratifikojm\u00eb marr\u00ebveshjet n\u00eb 27 parlamentet dhe t\u00eb ngrem\u00eb deri n\u00eb fund t\u00eb k\u00ebsaj dekade flamurin e Sk\u00ebnderbeut dhe Ismail Qemalit n\u00eb oborrin e BE. K\u00ebto jan\u00eb tre majat q\u00eb duhet t\u00eb kapim p\u00ebr t\u00eb ngjitur Shqip\u00ebrin\u00eb atje ku e ka origjin\u00ebn. Yjet e fatit jan\u00eb rreshtuar si kurr\u00eb m\u00eb par\u00eb n\u00eb favorin e Shqip\u00ebris\u00eb dhe majat nuk kan\u00eb qen\u00eb kurr\u00eb m\u00eb t\u00eb dukshme. 53 nga 83 deputet\u00ebt n\u00eb parlament nga radh\u00ebt tona jan\u00eb t\u00eb rinj dhe ulen p\u00ebr her\u00eb t\u00eb par\u00eb n\u00eb sall\u00eb.\u201d<\/i><\/em> &#8211; tha Rama.<\/span><\/p>\n<p><span style=\"color: #000000;\">Kreu i qeveris\u00eb theksoi se \u00e7do ligj i ri q\u00eb do miratohet do b\u00ebhet vet\u00ebm pasi t\u00eb marr\u00eb drit\u00ebn jeshile nga Komisioni Evropian nd\u00ebrsa shtoi se drejt\u00ebsia n\u00eb Shqip\u00ebri \u00ebsht\u00eb ende shum\u00eb larg standardeve t\u00eb BE-s\u00eb.<\/span><\/p>\n<p><span style=\"color: #000000;\"><em><i>\u201cPjes\u00eb e jona \u00ebsht\u00eb ta mb\u00ebshtesim p\u00ebrmir\u00ebsimin e sistemit t\u00eb drejt\u00ebsis\u00eb me ligje t\u00eb reja. Dhe k\u00ebtu ka nj\u00eb por: asnj\u00eb ndryshim n\u00eb ligjin e drejt\u00ebsis\u00eb, sado i nevojsh\u00ebm t\u00eb duket, nuk ndodh me votat tona pa marr\u00eb drit\u00ebn jeshile nga Komisioni Evropian. Kjo q\u00eb kemi \u00ebsht\u00eb larg drejt\u00ebsis\u00eb q\u00eb duhet Shqip\u00ebris\u00eb evropiane n\u00eb vitin 2030 dhe asaj q\u00eb meritojn\u00eb qytetar\u00ebt, t\u00eb sakatuar nd\u00ebr vite nga drejt\u00ebsia. Nuk duhet t\u00eb ket\u00eb asnj\u00eb iluzion se ka rrug\u00eb tjet\u00ebr; nuk ka rrug\u00eb tjet\u00ebr ve\u00e7 vendosm\u00ebris\u00eb dhe durimit shtetb\u00ebr\u00ebs.\u201d<\/i><\/em>\u00a0&#8211; tha Rama.<\/span><\/p>\n","protected":false,"gt_translate_keys":[{"key":"rendered","format":"html"}]},"excerpt":{"rendered":"<p>Kryeministri Rama propozot sot uljen e numrit t\u00eb deputet\u00ebve nga 140 n\u00eb 100, nj\u00eb ligj dhe godin\u00eb t\u00eb re p\u00ebr Kuvendin dhe si dhe thellimi e reform\u00ebs territoriale. \u201cZbritja e numrit t\u00eb deputet\u00ebve n\u00eb 100 deputet\u00eb do kishte vet\u00ebm impakt pozitiv. Ky do jet\u00eb nj\u00eb objektiv kushtetues i joni. Kuvendi nuk ka ende nj\u00eb sht\u00ebpi [&hellip;]<\/p>\n","protected":false,"gt_translate_keys":[{"key":"rendered","format":"html"}]},"author":51,"featured_media":760036,"comment_status":"closed","ping_status":"open","sticky":false,"template":"","format":"standard","meta":{"footnotes":""},"categories":[65],"tags":[],"class_list":["post-760033","post","type-post","status-publish","format-standard","has-post-thumbnail","hentry","category-lajme"],"gt_translate_keys":[{"key":"link","format":"url"}],"_links":{"self":[{"href":"https:\/\/www.hashtag.al\/index.php\/wp-json\/wp\/v2\/posts\/760033","targetHints":{"allow":["GET"]}}],"collection":[{"href":"https:\/\/www.hashtag.al\/index.php\/wp-json\/wp\/v2\/posts"}],"about":[{"href":"https:\/\/www.hashtag.al\/index.php\/wp-json\/wp\/v2\/types\/post"}],"author":[{"embeddable":true,"href":"https:\/\/www.hashtag.al\/index.php\/wp-json\/wp\/v2\/users\/51"}],"replies":[{"embeddable":true,"href":"https:\/\/www.hashtag.al\/index.php\/wp-json\/wp\/v2\/comments?post=760033"}],"version-history":[{"count":99999,"href":"https:\/\/www.hashtag.al\/index.php\/wp-json\/wp\/v2\/posts\/760033\/revisions"}],"predecessor-version":[{"id":760066,"href":"https:\/\/www.hashtag.al\/index.php\/wp-json\/wp\/v2\/posts\/760033\/revisions\/760066"}],"wp:featuredmedia":[{"embeddable":true,"href":"https:\/\/www.hashtag.al\/index.php\/wp-json\/wp\/v2\/media\/760036"}],"wp:attachment":[{"href":"https:\/\/www.hashtag.al\/index.php\/wp-json\/wp\/v2\/media?parent=760033"}],"wp:term":[{"taxonomy":"category","embeddable":true,"href":"https:\/\/www.hashtag.al\/index.php\/wp-json\/wp\/v2\/categories?post=760033"},{"taxonomy":"post_tag","embeddable":true,"href":"https:\/\/www.hashtag.al\/index.php\/wp-json\/wp\/v2\/tags?post=760033"}],"curies":[{"name":"wp","href":"https:\/\/api.w.org\/{rel}","templated":true}]}}