{"id":760018,"date":"2025-09-11T10:09:06","date_gmt":"2025-09-11T08:09:06","guid":{"rendered":"https:\/\/www.hashtag.al\/?p=760018"},"modified":"2025-09-11T10:09:06","modified_gmt":"2025-09-11T08:09:06","slug":"gjykata-e-larte-shqyrton-pasurite-e-arben-ahmetajt-mehdi-bici-caktohet-relator","status":"publish","type":"post","link":"https:\/\/www.hashtag.al\/index.php\/2025\/09\/11\/gjykata-e-larte-shqyrton-pasurite-e-arben-ahmetajt-mehdi-bici-caktohet-relator\/","title":{"rendered":"Gjykata e Lart\u00eb shqyrton pasurit\u00eb e Arben Ahmetajt \u2013 Mehdi Bici caktohet relator","gt_translate_keys":[{"key":"rendered","format":"text"}]},"content":{"rendered":"<p data-start=\"232\" data-end=\"433\"><span style=\"color: #000000;\"><img loading=\"lazy\" decoding=\"async\" class=\"size-medium wp-image-650717 aligncenter\" src=\"https:\/\/www.hashtag.al\/wp-content\/uploads\/2024\/01\/Arben-Ahmetaj-768x441-1-300x172.png\" alt=\"\" width=\"300\" height=\"172\" srcset=\"https:\/\/www.hashtag.al\/wp-content\/uploads\/2024\/01\/Arben-Ahmetaj-768x441-1-300x172.png 300w, https:\/\/www.hashtag.al\/wp-content\/uploads\/2024\/01\/Arben-Ahmetaj-768x441-1.png 768w\" sizes=\"auto, (max-width: 300px) 100vw, 300px\" \/><br \/>\nGjykata e Lart\u00eb ka regjistruar m\u00eb 10 shtator 2025 rekursin e paraqitur nga Prokuroria e Posa\u00e7me Kund\u00ebr Korrupsionit dhe Krimit t\u00eb Organizuar (SPAK), n\u00eb lidhje me pasurit\u00eb e ish-ministrit Arben Ahmetaj.<\/span><\/p>\n<p data-start=\"435\" data-end=\"488\"><span style=\"color: #000000;\">Relator i \u00e7\u00ebshtjes \u00ebsht\u00eb caktuar gjyqtari Mehdi Bici.<\/span><\/p>\n<p data-start=\"490\" data-end=\"742\"><span style=\"color: #000000;\">SPAK k\u00ebrkon vendosjen e mas\u00ebs s\u00eb sigurimit pasuror dhe sekuestrimin preventiv t\u00eb pasurive t\u00eb Ahmetajt, duke u bazuar n\u00eb nenin 274 t\u00eb Kodit t\u00eb Procedur\u00ebs Penale si dhe Ligjin Nr. 34\/2019 \u201cP\u00ebr administrimin e pasurive t\u00eb sekuestruara ose t\u00eb konfiskuara\u201d.<\/span><\/p>\n<p data-start=\"744\" data-end=\"925\"><span style=\"color: #000000;\">Kjo \u00ebsht\u00eb nj\u00eb tjet\u00ebr l\u00ebvizje n\u00eb kuad\u00ebr t\u00eb hetimeve t\u00eb thelluara q\u00eb SPAK po zhvillon ndaj ish-ministrit, i cili akuzohet p\u00ebr p\u00ebrfshirje n\u00eb afera korruptive dhe pasurim t\u00eb paligjsh\u00ebm.<\/span><\/p>\n<p data-start=\"927\" data-end=\"1086\"><span style=\"color: #000000;\">Gjykata pritet t\u00eb shqyrtoj\u00eb k\u00ebrkes\u00ebn n\u00eb jav\u00ebt n\u00eb vijim, nd\u00ebrsa mbetet p\u00ebr t\u2019u par\u00eb n\u00ebse do t\u00eb pranoj\u00eb k\u00ebrkes\u00ebn e organit t\u00eb akuz\u00ebs p\u00ebr sekuestrimin e pasurive.<\/span><\/p>\n","protected":false,"gt_translate_keys":[{"key":"rendered","format":"html"}]},"excerpt":{"rendered":"<p>Gjykata e Lart\u00eb ka regjistruar m\u00eb 10 shtator 2025 rekursin e paraqitur nga Prokuroria e Posa\u00e7me Kund\u00ebr Korrupsionit dhe Krimit t\u00eb Organizuar (SPAK), n\u00eb lidhje me pasurit\u00eb e ish-ministrit Arben Ahmetaj. Relator i \u00e7\u00ebshtjes \u00ebsht\u00eb caktuar gjyqtari Mehdi Bici. SPAK k\u00ebrkon vendosjen e mas\u00ebs s\u00eb sigurimit pasuror dhe sekuestrimin preventiv t\u00eb pasurive t\u00eb Ahmetajt, duke [&hellip;]<\/p>\n","protected":false,"gt_translate_keys":[{"key":"rendered","format":"html"}]},"author":32,"featured_media":650717,"comment_status":"closed","ping_status":"open","sticky":false,"template":"","format":"standard","meta":{"footnotes":""},"categories":[65],"tags":[],"class_list":["post-760018","post","type-post","status-publish","format-standard","has-post-thumbnail","hentry","category-lajme"],"gt_translate_keys":[{"key":"link","format":"url"}],"_links":{"self":[{"href":"https:\/\/www.hashtag.al\/index.php\/wp-json\/wp\/v2\/posts\/760018","targetHints":{"allow":["GET"]}}],"collection":[{"href":"https:\/\/www.hashtag.al\/index.php\/wp-json\/wp\/v2\/posts"}],"about":[{"href":"https:\/\/www.hashtag.al\/index.php\/wp-json\/wp\/v2\/types\/post"}],"author":[{"embeddable":true,"href":"https:\/\/www.hashtag.al\/index.php\/wp-json\/wp\/v2\/users\/32"}],"replies":[{"embeddable":true,"href":"https:\/\/www.hashtag.al\/index.php\/wp-json\/wp\/v2\/comments?post=760018"}],"version-history":[{"count":99999,"href":"https:\/\/www.hashtag.al\/index.php\/wp-json\/wp\/v2\/posts\/760018\/revisions"}],"predecessor-version":[{"id":760019,"href":"https:\/\/www.hashtag.al\/index.php\/wp-json\/wp\/v2\/posts\/760018\/revisions\/760019"}],"wp:featuredmedia":[{"embeddable":true,"href":"https:\/\/www.hashtag.al\/index.php\/wp-json\/wp\/v2\/media\/650717"}],"wp:attachment":[{"href":"https:\/\/www.hashtag.al\/index.php\/wp-json\/wp\/v2\/media?parent=760018"}],"wp:term":[{"taxonomy":"category","embeddable":true,"href":"https:\/\/www.hashtag.al\/index.php\/wp-json\/wp\/v2\/categories?post=760018"},{"taxonomy":"post_tag","embeddable":true,"href":"https:\/\/www.hashtag.al\/index.php\/wp-json\/wp\/v2\/tags?post=760018"}],"curies":[{"name":"wp","href":"https:\/\/api.w.org\/{rel}","templated":true}]}}