{"id":759533,"date":"2025-09-08T22:08:00","date_gmt":"2025-09-08T20:08:00","guid":{"rendered":"https:\/\/www.hashtag.al\/?p=759533"},"modified":"2025-09-08T22:12:59","modified_gmt":"2025-09-08T20:12:59","slug":"11-maji-farse-pasi-te-flasin-institucionet-nderkombetare-do-bejme-analize-kellici","status":"publish","type":"post","link":"https:\/\/www.hashtag.al\/index.php\/2025\/09\/08\/11-maji-farse-pasi-te-flasin-institucionet-nderkombetare-do-bejme-analize-kellici\/","title":{"rendered":"\u201c11 maji fars\u00eb, pasi t\u00eb flasin institucionet nd\u00ebrkomb\u00ebtare do b\u00ebjm\u00eb analiz\u00eb\u201d &#8211; K\u00eblli\u00e7i","gt_translate_keys":[{"key":"rendered","format":"text"}]},"content":{"rendered":"<p><img loading=\"lazy\" decoding=\"async\" class=\"aligncenter wp-image-759536 size-full\" src=\"https:\/\/www.hashtag.al\/wp-content\/uploads\/2025\/09\/belind-kellici-e1757362065880.jpg\" alt=\"\" width=\"729\" height=\"586\" srcset=\"https:\/\/www.hashtag.al\/wp-content\/uploads\/2025\/09\/belind-kellici-e1757362065880.jpg 729w, https:\/\/www.hashtag.al\/wp-content\/uploads\/2025\/09\/belind-kellici-e1757362065880-300x241.jpg 300w, https:\/\/www.hashtag.al\/wp-content\/uploads\/2025\/09\/belind-kellici-e1757362065880-250x200.jpg 250w, https:\/\/www.hashtag.al\/wp-content\/uploads\/2025\/09\/belind-kellici-e1757362065880-555x445.jpg 555w, https:\/\/www.hashtag.al\/wp-content\/uploads\/2025\/09\/belind-kellici-e1757362065880-614x493.jpg 614w\" sizes=\"auto, (max-width: 729px) 100vw, 729px\" \/><\/p>\n<p><span style=\"color: #000000;\">Fars\u00eb zgjedhore i quajti deputeti i PD-s\u00eb Belind K\u00eblli\u00e7i zgjedhjet e 11 majit, nj\u00eb q\u00ebndrim q\u00eb \u00ebsht\u00eb mbajtur zyrtarisht nga selia blu.\u00a0<\/span><\/p>\n<p><span style=\"color: #000000;\">I ftuar n\u00eb emisionin \u201cLog\u201d, demokrati tha se pas daljes s\u00eb raportit p\u00ebrfundimtar t\u00eb zgjedhjeve nga institucionet nd\u00ebrkomb\u00ebtare, at\u00ebher\u00eb do ket\u00eb nj\u00eb analiz\u00eb t\u00eb problemeve q\u00eb jan\u00eb v\u00ebrejtur dhe nuk kan\u00eb funksionuar si duhet.<\/span><\/p>\n<p><span style=\"color: #000000;\"><em>\u201cKa media t\u00eb tilla q\u00eb jan\u00eb n\u00eb mision p\u00ebr t\u00eb qen\u00eb banaqe dhe ka disa media q\u00eb jan\u00eb n\u00eb mision ndryshe. Mbledhja n\u00eb PD do jet\u00eb mbi qasjen q\u00eb do b\u00ebjm\u00eb ndaj parlamentit. Do presim eazurimin e k\u00ebsaj etape dhe m\u00eb pas do marrim vendime t\u00eb tjera. Flasim p\u00ebr bojkot t\u00eb kusht\u00ebzuar, protestat, mosbindjen civile. O ka pasur fars\u00eb elektorale k\u00ebsaj here, o s\u2019ka pasur her\u00eb tjet\u00ebr. Keni dy rezoluta q\u00eb i kan\u00eb caktuar fars\u00eb k\u00ebteo zgjedhje. Pasi t\u00eb dal\u00eb raporti p\u00ebrfundimtar p\u00ebr zgjedhjet at\u00ebher\u00eb do b\u00ebjm\u00eb nj\u00eb analiz\u00eb t\u00eb brendshme dhe do gjejm\u00eb problemet dhe do p\u00ebrpiqemi t\u2019i rregullojm\u00eb.\u201d<\/em> &#8211; tha K\u00eblli\u00e7i.<\/span><\/p>\n","protected":false,"gt_translate_keys":[{"key":"rendered","format":"html"}]},"excerpt":{"rendered":"<p>Fars\u00eb zgjedhore i quajti deputeti i PD-s\u00eb Belind K\u00eblli\u00e7i zgjedhjet e 11 majit, nj\u00eb q\u00ebndrim q\u00eb \u00ebsht\u00eb mbajtur zyrtarisht nga selia blu.\u00a0 I ftuar n\u00eb emisionin \u201cLog\u201d, demokrati tha se pas daljes s\u00eb raportit p\u00ebrfundimtar t\u00eb zgjedhjeve nga institucionet nd\u00ebrkomb\u00ebtare, at\u00ebher\u00eb do ket\u00eb nj\u00eb analiz\u00eb t\u00eb problemeve q\u00eb jan\u00eb v\u00ebrejtur dhe nuk kan\u00eb funksionuar si [&hellip;]<\/p>\n","protected":false,"gt_translate_keys":[{"key":"rendered","format":"html"}]},"author":51,"featured_media":759536,"comment_status":"closed","ping_status":"open","sticky":false,"template":"","format":"standard","meta":{"footnotes":""},"categories":[65],"tags":[],"class_list":["post-759533","post","type-post","status-publish","format-standard","has-post-thumbnail","hentry","category-lajme"],"gt_translate_keys":[{"key":"link","format":"url"}],"_links":{"self":[{"href":"https:\/\/www.hashtag.al\/index.php\/wp-json\/wp\/v2\/posts\/759533","targetHints":{"allow":["GET"]}}],"collection":[{"href":"https:\/\/www.hashtag.al\/index.php\/wp-json\/wp\/v2\/posts"}],"about":[{"href":"https:\/\/www.hashtag.al\/index.php\/wp-json\/wp\/v2\/types\/post"}],"author":[{"embeddable":true,"href":"https:\/\/www.hashtag.al\/index.php\/wp-json\/wp\/v2\/users\/51"}],"replies":[{"embeddable":true,"href":"https:\/\/www.hashtag.al\/index.php\/wp-json\/wp\/v2\/comments?post=759533"}],"version-history":[{"count":99999,"href":"https:\/\/www.hashtag.al\/index.php\/wp-json\/wp\/v2\/posts\/759533\/revisions"}],"predecessor-version":[{"id":759542,"href":"https:\/\/www.hashtag.al\/index.php\/wp-json\/wp\/v2\/posts\/759533\/revisions\/759542"}],"wp:featuredmedia":[{"embeddable":true,"href":"https:\/\/www.hashtag.al\/index.php\/wp-json\/wp\/v2\/media\/759536"}],"wp:attachment":[{"href":"https:\/\/www.hashtag.al\/index.php\/wp-json\/wp\/v2\/media?parent=759533"}],"wp:term":[{"taxonomy":"category","embeddable":true,"href":"https:\/\/www.hashtag.al\/index.php\/wp-json\/wp\/v2\/categories?post=759533"},{"taxonomy":"post_tag","embeddable":true,"href":"https:\/\/www.hashtag.al\/index.php\/wp-json\/wp\/v2\/tags?post=759533"}],"curies":[{"name":"wp","href":"https:\/\/api.w.org\/{rel}","templated":true}]}}