{"id":759490,"date":"2025-09-08T18:43:30","date_gmt":"2025-09-08T16:43:30","guid":{"rendered":"https:\/\/www.hashtag.al\/?p=759490"},"modified":"2025-09-08T19:46:59","modified_gmt":"2025-09-08T17:46:59","slug":"operacion-i-madh-policor-ne-qarkun-e-elbasanit-30-persona-ne-pranga","status":"publish","type":"post","link":"https:\/\/www.hashtag.al\/index.php\/2025\/09\/08\/operacion-i-madh-policor-ne-qarkun-e-elbasanit-30-persona-ne-pranga\/","title":{"rendered":"Operacion i madh policor n\u00eb qarkun e Elbasanit, 30 persona n\u00eb pranga","gt_translate_keys":[{"key":"rendered","format":"text"}]},"content":{"rendered":"<p data-start=\"81\" data-end=\"153\"><span style=\"color: #000000;\"><img loading=\"lazy\" decoding=\"async\" class=\"size-medium wp-image-572365 aligncenter\" src=\"https:\/\/www.hashtag.al\/wp-content\/uploads\/2023\/01\/policiaelbasan-300x169.jpg\" alt=\"\" width=\"300\" height=\"169\" srcset=\"https:\/\/www.hashtag.al\/wp-content\/uploads\/2023\/01\/policiaelbasan-300x169.jpg 300w, https:\/\/www.hashtag.al\/wp-content\/uploads\/2023\/01\/policiaelbasan-1024x575.jpg 1024w, https:\/\/www.hashtag.al\/wp-content\/uploads\/2023\/01\/policiaelbasan-768x431.jpg 768w, https:\/\/www.hashtag.al\/wp-content\/uploads\/2023\/01\/policiaelbasan.jpg 1280w\" sizes=\"auto, (max-width: 300px) 100vw, 300px\" \/><br \/>\nSot \u00ebsht\u00eb zhvilluar nj\u00eb operacion i gjer\u00eb policor n\u00eb shtat\u00eb bashkit\u00eb e qarkut t\u00eb Elbasanit, ku jan\u00eb arrestuar 30 persona. T\u00eb ndaluarit jan\u00eb transferuar n\u00eb qelit\u00eb e paraburgimit n\u00eb Tiran\u00eb dhe do t\u00eb q\u00ebndrojn\u00eb aty deri n\u00eb p\u00ebrfundim t\u00eb hetimeve.<\/span><\/p>\n<p data-start=\"398\" data-end=\"494\"><span style=\"color: #000000;\">Gjykata e Elbasanit ka vendosur mas\u00ebn e siguris\u00eb \u201carrest me burg\u201d ndaj t\u00eb gjith\u00eb t\u00eb arrestuarve.<\/span><\/p>\n<p data-start=\"496\" data-end=\"620\"><span style=\"color: #000000;\">Gjat\u00eb bastisjeve t\u00eb kryera n\u00eb 15 banesa t\u00eb ndryshme, forcat e policis\u00eb kan\u00eb sekuestruar arm\u00eb zjarri dhe substanca narkotike.<\/span><\/p>\n<p data-start=\"622\" data-end=\"675\"><span style=\"color: #000000;\">Hetimet vijojn\u00eb p\u00ebr zbardhjen e plot\u00eb t\u00eb k\u00ebtij rasti.<\/span><\/p>\n<p><span style=\"color: #000000;\"><strong>Njoftimi i plot\u00eb<\/strong><\/span><\/p>\n<p><span style=\"color: #000000;\">Finalizohet megaoperacioni \u201cFirst Day\u201d, goditet rrjeti i shp\u00ebrndarjes dhe tregtimit t\u00eb l\u00ebnd\u00ebve narkotike n\u00eb qarkun Elbasan.<\/span><\/p>\n<p><span style=\"color: #000000;\">Operacioni i ndjekur me metoda speciale t\u00eb hetimit prej disa muajsh, n\u00eb bashk\u00ebpunim me Prokurorin\u00eb pran\u00eb Gjykat\u00ebs s\u00eb Shkall\u00ebs s\u00eb Par\u00eb t\u00eb Juridiksionit t\u00eb P\u00ebrgjithsh\u00ebm Elbasan.<\/span><\/p>\n<p><span style=\"color: #000000;\">Ekzekutohen 25 masa sigurie &#8220;Arrest n\u00eb burg&#8221;.<\/span><\/p>\n<p><span style=\"color: #000000;\">Gjat\u00eb operacionit arrestohen n\u00eb flagranc\u00eb 5 shtetas t\u00eb tjer\u00eb, si edhe 1 tjet\u00ebr procedohet penalisht.<\/span><\/p>\n<p><span style=\"color: #000000;\">Sekuestrohen sasi l\u00ebnde narkotike kokain\u00eb dhe kanabis, arm\u00eb zjarri (pistolet\u00eb, kallashnikov), arm\u00eb gjahu, sasi e konsiderueshme municioni luftarak, peshore, thika, p\u00ebrforcues grushti, steka duhani t\u00eb dyshuara t\u00eb kontrabanduara, laptop, tablet, DVR, targa automjetesh (shqiptare dhe belge), shuma parash n\u00eb euro, paund, dollar\u00eb, franga zvicerane, 24 celular\u00eb.<\/span><\/p>\n<p><span style=\"color: #000000;\">Strukturat p\u00ebr Hetimin e Krimeve t\u00eb DVP Elbasan, n\u00eb bashk\u00ebpunim t\u00eb ngusht\u00eb me Prokurorin\u00eb, pas nj\u00eb hetimi t\u00eb thelluar t\u00eb ndjekur me metoda speciale prej disa muajsh, finalizuan megaoperacionin policor t\u00eb koduar \u201cFirst Day\u201d, q\u00eb kishte n\u00eb fokus goditjen e personave t\u00eb p\u00ebrfshir\u00eb n\u00eb shitjen dhe shp\u00ebrndarjen e l\u00ebnd\u00ebve narkotike, e shtrir\u00eb n\u00eb koh\u00eb dhe v\u00ebnde t\u00eb ndryshme, kryesisht pran\u00eb ambienteve t\u00eb shkollave, lokaleve dhe m\u00eb gjer\u00eb, n\u00eb Elbasan, Librazhd, Gramsh, C\u00ebrrik, Peqin, Belsh dhe Perrenjas.<\/span><\/p>\n<p><span style=\"color: #000000;\">N\u00eb kuad\u00ebr t\u00eb k\u00ebtij operacioni u ekzekutuan masat e siguris\u00eb \u201cArrest n\u00eb burg\u201d, p\u00ebr vepr\u00ebn penale &#8220;Prodhimi dhe shitja e narkotik\u00ebve&#8221;, p\u00ebr shtetasit: A. B., 42 vje\u00e7, E. S., 48 vje\u00e7, Sh. B., 56 vje\u00e7, A. (A.) B., 52 vje\u00e7, F. Th., 34 vje\u00e7, H. G., 64 vje\u00e7, G. T., 37 vje\u00e7, M. B., 45 vje\u00e7, P. Q., 50 vje\u00e7, S. B., 38 vje\u00e7, D. E., 38 vje\u00e7, M. Q., 38 vje\u00e7, Sh. Sh., 46 vje\u00e7, B. G., 64 vje\u00e7, I. K., 38 vje\u00e7, M. E., 36 vje\u00e7, I. F., 45 vje\u00e7 t\u00eb gjith\u00eb banues n\u00eb Elbasan, K. H., 34 vje\u00e7, A. K., 50 vje\u00e7, banues n\u00eb <a style=\"color: #000000;\" href=\"https:\/\/shqiptarja.com\/tag\/9078\">Peqin<\/a>;, I. B., 41 vje\u00e7, K. \u00c7., 24 vje\u00e7, F. R., 24 vje\u00e7, K. K., 30 vje\u00e7, M. B., 24 vje\u00e7, banues n\u00eb <a style=\"color: #000000;\" href=\"https:\/\/shqiptarja.com\/tag\/988\">Librazhd<\/a>, P. T., 30 vje\u00e7, banues n\u00eb <a style=\"color: #000000;\" href=\"https:\/\/shqiptarja.com\/tag\/741\">Prrenjas<\/a>.<\/span><\/p>\n<p><span style=\"color: #000000;\">Nga hetimi u dokumentua aktiviteti kriminal i k\u00ebtyre shtetasve, t\u00eb p\u00ebrfshir\u00eb n\u00eb veprimtari kriminale n\u00eb fush\u00ebn e shitjes dhe shp\u00ebrndarjes s\u00eb l\u00ebnd\u00ebve narkotike, t\u00eb cil\u00ebt vepronin n\u00eb m\u00ebnyr\u00eb t\u00eb organizuar n\u00eb grupe t\u00eb vogla ose individualisht, n\u00eb t\u00eb gjith\u00eb qarkun Elbasan.<\/span><\/p>\n<p><span style=\"color: #000000;\">Gjithashtu,<\/span><\/p>\n<p><span style=\"color: #000000;\">\u00a0&#8211; u arrestuan n\u00eb flagranc\u00eb shtetasit: J. A., 32 vje\u00e7, p\u00ebr vepr\u00ebn penale &#8220;Prodhimi dhe shitja e narkotik\u00ebve&#8221;, A. T., 31 vje\u00e7, p\u00ebr veprat penale &#8220;Prodhimi dhe shitja e narkotik\u00ebve&#8221;, &#8220;Mbajtja pa leje dhe prodhimi i arm\u00ebve, arm\u00ebve shp\u00ebrthyese dhe municionit&#8221;, dhe &#8220;Ruajtja dhe depozitimi i mallrave kontraband\u00eb&#8221;, V. D., 36 vje\u00e7, p\u00ebr vepr\u00ebn penale &#8220;Prodhimi dhe mbajtja pa leje e arm\u00ebve t\u00eb gjuetis\u00eb&#8221;; N. D., 43 vje\u00e7, p\u00ebr vepr\u00ebn penale &#8220;Prodhimi dhe shitja e narkotik\u00ebve&#8221; dhe L. Xh., 50 vje\u00e7, p\u00ebr vepr\u00ebn penale &#8220;Prodhimi dhe shitja e narkotik\u00ebve&#8221;;<\/span><\/p>\n<p><span style=\"color: #000000;\">-u referuan materialet n\u00eb Prokurori ku nisi procedimi penal p\u00ebr shtetasin H. D., 57 vje\u00e7.<\/span><\/p>\n<p><span style=\"color: #000000;\">Gjat\u00eb k\u00ebtij operacioni jan\u00eb sekuestruar sasi l\u00ebnde narkotike kokain\u00eb dhe kanabis, arm\u00eb zjarri pistolet\u00eb dhe kallashnikov, arm\u00eb gjahu, sasi e konsiderueshme municioni luftarak, peshore elektronike, thika, p\u00ebrforcues grushti, steka duhani t\u00eb dyshuara t\u00eb kontrabanduara, laptop, tablet, DVR, targa automjetesh (shqiptare dhe belge), shuma parash n\u00eb euro, paund, dollar, franga zviceriane dhe 24 celular\u00eb.<\/span><\/p>\n<p><span style=\"color: #000000;\">Vijon puna p\u00ebr kapjen e 14 shtetasve t\u00eb shpallur n\u00eb k\u00ebrkim.<\/span><\/p>\n<p><span style=\"color: #000000;\">Vijojn\u00eb hetimet p\u00ebr identifikimin dhe ndjekjen penale t\u00eb \u00e7do individi tjet\u00ebr t\u00eb p\u00ebrfshir\u00eb n\u00eb k\u00ebt\u00eb aktivitet kriminal.<\/span><\/p>\n<p><span style=\"color: #000000;\">Materialet i kaluan Prokuroris\u00eb, p\u00ebr veprime t\u00eb m\u00ebtejshme.<\/span><\/p>\n","protected":false,"gt_translate_keys":[{"key":"rendered","format":"html"}]},"excerpt":{"rendered":"<p>Sot \u00ebsht\u00eb zhvilluar nj\u00eb operacion i gjer\u00eb policor n\u00eb shtat\u00eb bashkit\u00eb e qarkut t\u00eb Elbasanit, ku jan\u00eb arrestuar 30 persona. T\u00eb ndaluarit jan\u00eb transferuar n\u00eb qelit\u00eb e paraburgimit n\u00eb Tiran\u00eb dhe do t\u00eb q\u00ebndrojn\u00eb aty deri n\u00eb p\u00ebrfundim t\u00eb hetimeve. Gjykata e Elbasanit ka vendosur mas\u00ebn e siguris\u00eb \u201carrest me burg\u201d ndaj t\u00eb gjith\u00eb t\u00eb [&hellip;]<\/p>\n","protected":false,"gt_translate_keys":[{"key":"rendered","format":"html"}]},"author":32,"featured_media":572365,"comment_status":"closed","ping_status":"open","sticky":false,"template":"","format":"standard","meta":{"footnotes":""},"categories":[65],"tags":[],"class_list":["post-759490","post","type-post","status-publish","format-standard","has-post-thumbnail","hentry","category-lajme"],"gt_translate_keys":[{"key":"link","format":"url"}],"_links":{"self":[{"href":"https:\/\/www.hashtag.al\/index.php\/wp-json\/wp\/v2\/posts\/759490","targetHints":{"allow":["GET"]}}],"collection":[{"href":"https:\/\/www.hashtag.al\/index.php\/wp-json\/wp\/v2\/posts"}],"about":[{"href":"https:\/\/www.hashtag.al\/index.php\/wp-json\/wp\/v2\/types\/post"}],"author":[{"embeddable":true,"href":"https:\/\/www.hashtag.al\/index.php\/wp-json\/wp\/v2\/users\/32"}],"replies":[{"embeddable":true,"href":"https:\/\/www.hashtag.al\/index.php\/wp-json\/wp\/v2\/comments?post=759490"}],"version-history":[{"count":99999,"href":"https:\/\/www.hashtag.al\/index.php\/wp-json\/wp\/v2\/posts\/759490\/revisions"}],"predecessor-version":[{"id":759506,"href":"https:\/\/www.hashtag.al\/index.php\/wp-json\/wp\/v2\/posts\/759490\/revisions\/759506"}],"wp:featuredmedia":[{"embeddable":true,"href":"https:\/\/www.hashtag.al\/index.php\/wp-json\/wp\/v2\/media\/572365"}],"wp:attachment":[{"href":"https:\/\/www.hashtag.al\/index.php\/wp-json\/wp\/v2\/media?parent=759490"}],"wp:term":[{"taxonomy":"category","embeddable":true,"href":"https:\/\/www.hashtag.al\/index.php\/wp-json\/wp\/v2\/categories?post=759490"},{"taxonomy":"post_tag","embeddable":true,"href":"https:\/\/www.hashtag.al\/index.php\/wp-json\/wp\/v2\/tags?post=759490"}],"curies":[{"name":"wp","href":"https:\/\/api.w.org\/{rel}","templated":true}]}}