{"id":759474,"date":"2025-09-08T17:00:06","date_gmt":"2025-09-08T15:00:06","guid":{"rendered":"https:\/\/www.hashtag.al\/?p=759474"},"modified":"2025-09-08T17:00:06","modified_gmt":"2025-09-08T15:00:06","slug":"izraeli-kryen-sulme-ne-lindje-te-libanit","status":"publish","type":"post","link":"https:\/\/www.hashtag.al\/index.php\/2025\/09\/08\/izraeli-kryen-sulme-ne-lindje-te-libanit\/","title":{"rendered":"Izraeli kryen sulme n\u00eb lindje t\u00eb Libanit","gt_translate_keys":[{"key":"rendered","format":"text"}]},"content":{"rendered":"<p><span style=\"color: #000000;\"><img loading=\"lazy\" decoding=\"async\" class=\"alignnone size-medium wp-image-759475\" src=\"https:\/\/www.hashtag.al\/wp-content\/uploads\/2025\/09\/Screenshot-2025-09-08-164257-300x164.png\" alt=\"\" width=\"300\" height=\"164\" srcset=\"https:\/\/www.hashtag.al\/wp-content\/uploads\/2025\/09\/Screenshot-2025-09-08-164257-300x164.png 300w, https:\/\/www.hashtag.al\/wp-content\/uploads\/2025\/09\/Screenshot-2025-09-08-164257-1024x558.png 1024w, https:\/\/www.hashtag.al\/wp-content\/uploads\/2025\/09\/Screenshot-2025-09-08-164257-768x419.png 768w, https:\/\/www.hashtag.al\/wp-content\/uploads\/2025\/09\/Screenshot-2025-09-08-164257.png 1242w\" sizes=\"auto, (max-width: 300px) 100vw, 300px\" \/><\/span><\/p>\n<p><span style=\"color: #000000;\">Nj\u00eb s\u00ebr\u00eb sulmesh ajrore kan\u00eb goditur lindjen e Libanit m\u00eb 8 shtator, raportoi media shtet\u00ebrore, teksa ushtria izraelite tha se ka sh\u00ebnjestruar pozicione q\u00eb i p\u00ebrkasin grupit Hezbollah, q\u00eb mb\u00ebshtetet nga Irani.<\/span><\/p>\n<p><span style=\"color: #000000;\">Hezbollahu \u00ebsht\u00eb shpallur grup terrorist nga Shtetet e Bashkuara. Nd\u00ebrkaq, Bashkimi Evropian ka n\u00eb list\u00ebn e zez\u00eb krahun ushtarak t\u00eb grupit libanez, por jo edhe partin\u00eb politike.<\/span><\/p>\n<p><span style=\"color: #000000;\">Agjencia shtet\u00ebrore e lajmeve n\u00eb Liban raportoi se shtat\u00eb sulme ajrore godit\u00ebn rajonin lindor t\u00eb Hermelit.<\/span><\/p>\n<p><span style=\"color: #000000;\">Ushtria izraelite tha se ka goditur nj\u00eb s\u00ebr\u00eb \u201ccaqesh q\u00eb i p\u00ebrkasin organizat\u00ebs terroriste Hezbollah\u201d n\u00eb Lugin\u00ebn Beka, p\u00ebrfshir\u00eb at\u00eb q\u00eb i p\u00ebrshkroi si kampe st\u00ebrvitore q\u00eb p\u00ebrdoren nga forca elitare e grupit, Radvan.<\/span><\/p>\n<p><span style=\"color: #000000;\">Ushtria izraelite tha se aktivitetet e Hezbollahut dhe depot\u00eb e arm\u00ebve p\u00ebrb\u00ebjn\u00eb \u201cshkelje flagrante\u201d t\u00eb marr\u00ebveshjes s\u00eb arritur n\u00ebntorin e vitit t\u00eb kaluar, q\u00eb kishte p\u00ebr q\u00ebllim t\u2019i jepte fund mbi nj\u00eb vit armiq\u00ebsi mes Hezbollahut dhe Izraelit.<\/span><\/p>\n<p><span style=\"color: #000000;\">Izraeli ka vazhduar t\u00eb kryej\u00eb sulme ajrore n\u00eb Liban, pavar\u00ebsisht marr\u00ebveshjes.<\/span><\/p>\n<p><span style=\"color: #000000;\">Sulmet e 8 shtatorit vijn\u00eb pasi jav\u00ebn e kaluar Qeveria e Libanit tha se ushtria do t\u00eb nis\u00eb zbatimin e planit p\u00ebr \u00e7armatosjen e Hezbollahut \u2013 pa dh\u00ebn\u00eb detaje t\u00eb tjera rreth k\u00ebtij plani. Hezbollahu e kund\u00ebrshton planin p\u00ebr \u00e7aramatosje.\/<span style=\"color: #0000ff;\"><a style=\"color: #0000ff;\" href=\"https:\/\/www.evropaelire.org\/a\/izrael-sulme-ajrore-ne-liban-\/33524767.html\">REL<\/a><\/span><\/span><\/p>\n","protected":false,"gt_translate_keys":[{"key":"rendered","format":"html"}]},"excerpt":{"rendered":"<p>Nj\u00eb s\u00ebr\u00eb sulmesh ajrore kan\u00eb goditur lindjen e Libanit m\u00eb 8 shtator, raportoi media shtet\u00ebrore, teksa ushtria izraelite tha se ka sh\u00ebnjestruar pozicione q\u00eb i p\u00ebrkasin grupit Hezbollah, q\u00eb mb\u00ebshtetet nga Irani. Hezbollahu \u00ebsht\u00eb shpallur grup terrorist nga Shtetet e Bashkuara. Nd\u00ebrkaq, Bashkimi Evropian ka n\u00eb list\u00ebn e zez\u00eb krahun ushtarak t\u00eb grupit libanez, por [&hellip;]<\/p>\n","protected":false,"gt_translate_keys":[{"key":"rendered","format":"html"}]},"author":32,"featured_media":759475,"comment_status":"closed","ping_status":"open","sticky":false,"template":"","format":"standard","meta":{"footnotes":""},"categories":[6],"tags":[],"class_list":["post-759474","post","type-post","status-publish","format-standard","has-post-thumbnail","hentry","category-nderkombetare"],"gt_translate_keys":[{"key":"link","format":"url"}],"_links":{"self":[{"href":"https:\/\/www.hashtag.al\/index.php\/wp-json\/wp\/v2\/posts\/759474","targetHints":{"allow":["GET"]}}],"collection":[{"href":"https:\/\/www.hashtag.al\/index.php\/wp-json\/wp\/v2\/posts"}],"about":[{"href":"https:\/\/www.hashtag.al\/index.php\/wp-json\/wp\/v2\/types\/post"}],"author":[{"embeddable":true,"href":"https:\/\/www.hashtag.al\/index.php\/wp-json\/wp\/v2\/users\/32"}],"replies":[{"embeddable":true,"href":"https:\/\/www.hashtag.al\/index.php\/wp-json\/wp\/v2\/comments?post=759474"}],"version-history":[{"count":99999,"href":"https:\/\/www.hashtag.al\/index.php\/wp-json\/wp\/v2\/posts\/759474\/revisions"}],"predecessor-version":[{"id":759476,"href":"https:\/\/www.hashtag.al\/index.php\/wp-json\/wp\/v2\/posts\/759474\/revisions\/759476"}],"wp:featuredmedia":[{"embeddable":true,"href":"https:\/\/www.hashtag.al\/index.php\/wp-json\/wp\/v2\/media\/759475"}],"wp:attachment":[{"href":"https:\/\/www.hashtag.al\/index.php\/wp-json\/wp\/v2\/media?parent=759474"}],"wp:term":[{"taxonomy":"category","embeddable":true,"href":"https:\/\/www.hashtag.al\/index.php\/wp-json\/wp\/v2\/categories?post=759474"},{"taxonomy":"post_tag","embeddable":true,"href":"https:\/\/www.hashtag.al\/index.php\/wp-json\/wp\/v2\/tags?post=759474"}],"curies":[{"name":"wp","href":"https:\/\/api.w.org\/{rel}","templated":true}]}}